{"id":126243,"date":"2023-10-30T12:19:19","date_gmt":"2023-10-30T15:19:19","guid":{"rendered":"https:\/\/www.elsindical.com.ar\/notas\/?p=126243"},"modified":"2023-10-30T12:19:20","modified_gmt":"2023-10-30T15:19:20","slug":"orlando-machado-votara-contra-javier-milei","status":"publish","type":"post","link":"https:\/\/www.elsindical.com.ar\/notas\/orlando-machado-votara-contra-javier-milei\/","title":{"rendered":"Orlando Machado votar\u00e1 contra Javier Milei"},"content":{"rendered":"<div class=\"wp-block-image\">\n<figure class=\"aligncenter size-full is-resized\"><a href=\"https:\/\/www.elsindical.com.ar\/notas\/var\/www\/html\/notas\/wp-content\/uploads\/2022\/01\/Machado-ofic.jpg\"><img loading=\"lazy\" decoding=\"async\" width=\"696\" height=\"393\" src=\"https:\/\/www.elsindical.com.ar\/notas\/var\/www\/html\/notas\/wp-content\/uploads\/2022\/01\/Machado-ofic.jpg\" alt=\"\" class=\"wp-image-110511\" style=\"aspect-ratio:1.7709923664122138;width:772px;height:auto\" srcset=\"https:\/\/www.elsindical.com.ar\/notas\/var\/www\/html\/notas\/wp-content\/uploads\/2022\/01\/Machado-ofic.jpg 696w, https:\/\/www.elsindical.com.ar\/notas\/var\/www\/html\/notas\/wp-content\/uploads\/2022\/01\/Machado-ofic-300x169.jpg 300w, https:\/\/www.elsindical.com.ar\/notas\/var\/www\/html\/notas\/wp-content\/uploads\/2022\/01\/Machado-ofic-500x282.jpg 500w, https:\/\/www.elsindical.com.ar\/notas\/var\/www\/html\/notas\/wp-content\/uploads\/2022\/01\/Machado-ofic-460x260.jpg 460w\" sizes=\"auto, (max-width: 696px) 100vw, 696px\" \/><\/a><\/figure>\n<\/div>\n\n\n<p>   El concejal por Juntos por el Cambio y l\u00edder del SECLA reconoci\u00f3 que \u201cseguramente\u201d respaldar\u00e1 a Sergio Massa en el ballotage.<br><br>El concejal por Juntos por el Cambio en Avellaneda y secretario General del Sindicato de Empleados de Comercio de Lan\u00fas y Avellaneda (SECLA), Orlando Machado, admiti\u00f3 que \u201cseguramente\u201d respaldar\u00e1 a Sergio Massa en el balotaje al marcar sus diferencias con Javier Milei y tambi\u00e9n critic\u00f3 con dureza el apoyo de Patricia Bullrich y Mauricio Macri al l\u00edder libertario.<br><br>\u201cEn principio me produce mucha tristeza la virulencia con la que termin\u00f3 la campa\u00f1a, las cosas que se dijeron y hoy hay dirigentes que est\u00e1n sentados en la misma mesa como si no hubiera pasado nada\u201d, cuestion\u00f3 el edil en di\u00e1logo con medios locales.<br><br>Y agreg\u00f3: \u201cRealmente cre\u00ed que se estaba militando en un espacio distinto. Despu\u00e9s con respecto a mis posiciones, m\u00e1s all\u00e1 de la pol\u00edtica en primer lugar soy dirigente gremial y obviamente que voy a estar con aquel candidato que defienda los intereses de los trabajadores, en este caso, no voy a estar con Javier Milei seguramente\u201d.<br><br>\u201cEstamos evaluando. Seguramente vamos a estar con Sergio Massa. Ya pas\u00f3 la interna, las generales, queda el balotaje y reitero, no voy a acompa\u00f1ar a ning\u00fan candidato que est\u00e9 en contra de los trabajadores\u201d, subray\u00f3.<br><br>Asimismo, sostuvo que \u201cMassa ha sido quien mejor interpret\u00f3 el momento que vive la Argentina que es dram\u00e1tico por distintas circunstancias\u201d y valor\u00f3 \u201cesto de pedir, por lo menos solicitar, una especie de gran acuerdo nacional que privilegie la situaci\u00f3n del pa\u00eds por sobre las cuestiones particulares inclusive de los partidos\u201d.<br><br>En tanto, consider\u00f3 \u201cuna falta de respeto total\u201d lo resuelto por Macri y Bullrich. \u201cNo acompa\u00f1o este respaldo que sali\u00f3 en forma inconsulta con las bases\u201d, recalc\u00f3.<\/p>\n","protected":false},"excerpt":{"rendered":"<p>El concejal por Juntos por el Cambio y l\u00edder del SECLA reconoci\u00f3 que \u201cseguramente\u201d respaldar\u00e1 a Sergio Massa en el ballotage. El concejal por Juntos por el Cambio en Avellaneda y secretario General del Sindicato de Empleados de Comercio de Lan\u00fas y Avellaneda (SECLA), Orlando Machado, admiti\u00f3 que \u201cseguramente\u201d respaldar\u00e1 a Sergio Massa en el&hellip;<\/p>\n","protected":false},"author":1,"featured_media":110511,"comment_status":"open","ping_status":"open","sticky":false,"template":"","format":"standard","meta":{"footnotes":""},"categories":[13],"tags":[461,7333,2450,28812,33545,209,40628,76,18420,1241,13091,3918],"class_list":["post-126243","post","type-post","status-publish","format-standard","has-post-thumbnail","hentry","category-politica","tag-avellaneda","tag-balotaje","tag-diario-el-sindical","tag-javier-milei","tag-jxc","tag-lanus","tag-lla","tag-mauricio-macri","tag-orlando-machado","tag-patricia-bullrich","tag-secla","tag-sergio-massa"],"_links":{"self":[{"href":"https:\/\/www.elsindical.com.ar\/notas\/wp-json\/wp\/v2\/posts\/126243","targetHints":{"allow":["GET"]}}],"collection":[{"href":"https:\/\/www.elsindical.com.ar\/notas\/wp-json\/wp\/v2\/posts"}],"about":[{"href":"https:\/\/www.elsindical.com.ar\/notas\/wp-json\/wp\/v2\/types\/post"}],"author":[{"embeddable":true,"href":"https:\/\/www.elsindical.com.ar\/notas\/wp-json\/wp\/v2\/users\/1"}],"replies":[{"embeddable":true,"href":"https:\/\/www.elsindical.com.ar\/notas\/wp-json\/wp\/v2\/comments?post=126243"}],"version-history":[{"count":1,"href":"https:\/\/www.elsindical.com.ar\/notas\/wp-json\/wp\/v2\/posts\/126243\/revisions"}],"predecessor-version":[{"id":126244,"href":"https:\/\/www.elsindical.com.ar\/notas\/wp-json\/wp\/v2\/posts\/126243\/revisions\/126244"}],"wp:featuredmedia":[{"embeddable":true,"href":"https:\/\/www.elsindical.com.ar\/notas\/wp-json\/wp\/v2\/media\/110511"}],"wp:attachment":[{"href":"https:\/\/www.elsindical.com.ar\/notas\/wp-json\/wp\/v2\/media?parent=126243"}],"wp:term":[{"taxonomy":"category","embeddable":true,"href":"https:\/\/www.elsindical.com.ar\/notas\/wp-json\/wp\/v2\/categories?post=126243"},{"taxonomy":"post_tag","embeddable":true,"href":"https:\/\/www.elsindical.com.ar\/notas\/wp-json\/wp\/v2\/tags?post=126243"}],"curies":[{"name":"wp","href":"https:\/\/api.w.org\/{rel}","templated":true}]}}