{"id":126218,"date":"2023-10-29T14:25:46","date_gmt":"2023-10-29T17:25:46","guid":{"rendered":"https:\/\/www.elsindical.com.ar\/notas\/?p=126218"},"modified":"2023-10-29T15:34:50","modified_gmt":"2023-10-29T18:34:50","slug":"l-gante-ubico-con-altura-a-los-periodistas-de-ph","status":"publish","type":"post","link":"https:\/\/www.elsindical.com.ar\/notas\/l-gante-ubico-con-altura-a-los-periodistas-de-ph\/","title":{"rendered":"L-Gante ubic\u00f3 con altura a los periodistas de PH"},"content":{"rendered":"<div class=\"wp-block-image\">\n<figure class=\"aligncenter size-full\"><a href=\"https:\/\/www.elsindical.com.ar\/notas\/var\/www\/html\/notas\/wp-content\/uploads\/2023\/10\/L-Gante-y-Andy.jpg\"><img loading=\"lazy\" decoding=\"async\" width=\"826\" height=\"465\" src=\"https:\/\/www.elsindical.com.ar\/notas\/var\/www\/html\/notas\/wp-content\/uploads\/2023\/10\/L-Gante-y-Andy.jpg\" alt=\"\" class=\"wp-image-126219\" srcset=\"https:\/\/www.elsindical.com.ar\/notas\/var\/www\/html\/notas\/wp-content\/uploads\/2023\/10\/L-Gante-y-Andy.jpg 826w, https:\/\/www.elsindical.com.ar\/notas\/var\/www\/html\/notas\/wp-content\/uploads\/2023\/10\/L-Gante-y-Andy-300x169.jpg 300w, https:\/\/www.elsindical.com.ar\/notas\/var\/www\/html\/notas\/wp-content\/uploads\/2023\/10\/L-Gante-y-Andy-768x432.jpg 768w, https:\/\/www.elsindical.com.ar\/notas\/var\/www\/html\/notas\/wp-content\/uploads\/2023\/10\/L-Gante-y-Andy-500x281.jpg 500w, https:\/\/www.elsindical.com.ar\/notas\/var\/www\/html\/notas\/wp-content\/uploads\/2023\/10\/L-Gante-y-Andy-460x260.jpg 460w\" sizes=\"auto, (max-width: 826px) 100vw, 826px\" \/><\/a><\/figure>\n<\/div>\n\n\n<p class=\"wp-block-paragraph\">Finalmente, se conoci\u00f3 el momento en el que el artista estall\u00f3 de furia contra el conductor y los invitados en PH, Podemos Hablar. \u201cSi yo fuera un chico de mentalidad d\u00e9bil, hubiera ca\u00eddo en cada una de las trampitas\u201d, sentenci\u00f3.<\/p>\n\n\n\n<p class=\"wp-block-paragraph\">Este s\u00e1bado por la noche se conoci\u00f3 el momento en el que <strong>L-Gante se enoj\u00f3 con Andy Kusnetzoff<\/strong> en <em>PH: Podemos Hablar (Telefe)<\/em>. El artista se incomod\u00f3 ante la gran cantidad de preguntas que le hicieron tanto el conductor como los invitados, especialmente la periodista <strong>P\u00eda Shaw<\/strong> y <strong>Karina Mazzocco<\/strong>.<\/p>\n\n\n\n<p class=\"wp-block-paragraph\">Despu\u00e9s de una de las consignas, Andy le pregunt\u00f3 al cantante de RKT c\u00f3mo se sent\u00eda y Eli\u00e1n explot\u00f3: \u201c<strong>Estoy un poco enojado<\/strong> porque vos me invit\u00e1s a tu programa y si yo fuera un chico de mentalidad d\u00e9bil, hubiera ca\u00eddo en cada una de las trampitas para pisar el \u2018palito\u2019.<strong> \u00bfUstedes no saben que pueden generar problemas personales?<\/strong> Lo tendr\u00edan que saber porque son profesionales\u201d.<\/p>\n\n\n\n<p class=\"wp-block-paragraph\">\u201cMe pone de mal gusto porque un pibito de mi edad que no est\u00e1 tan pillo a la forma de hablar de ustedes ante una c\u00e1mara, <strong>le ir\u00eda mal<\/strong>. Yo represento a los pibitos de mi edad que se tienen que enfrentar al mundo y cosas as\u00ed te pueden pasar en cualquier lado y <strong>hay que estar preparado para todo<\/strong>\u201d, agreg\u00f3 en su descargo.<\/p>\n\n\n\n<p class=\"wp-block-paragraph\">\u201cLo quer\u00eda decir porque sabemos lo que es pisar el \u2018palito\u2019. <strong>Sepan que no est\u00e1n hablando con un bolud&#8230;<\/strong> Represento a los pibes del barrio, de mi edad sobre todo\u201d, cerr\u00f3 L-Gante. Marilina Ross, otra de las invitadas, acot\u00f3 un \u201cte quiero\u201d. \u201cSobre atrevimiento, no voy a fallar. Que fallen los dem\u00e1s, yo no voy a fallar. <strong>No voy a ser atrevido porque los dem\u00e1s lo sean<\/strong>\u201d, coment\u00f3 el cantante.<\/p>\n\n\n\n<p class=\"wp-block-paragraph\">El conductor intent\u00f3 responderle pero el int\u00e9rprete de <em>Malianteo 420<\/em> le pidi\u00f3 que continuara con el programa. \u201cQu\u00e9 lindo que lo puedas hablar\u201d, sostuvo la cantante, tratando de apaciguar la situaci\u00f3n. \u201cYo quiero que nos vayamos todos contentos\u201d, replic\u00f3 Andy. \u201c<strong>Para m\u00ed est\u00e1 saliendo todo de 10, ya me pude expresar<\/strong>\u201d, contest\u00f3 el artista.<\/p>\n\n\n\n<figure class=\"wp-block-embed is-type-video is-provider-youtube wp-block-embed-youtube wp-embed-aspect-16-9 wp-has-aspect-ratio\"><div class=\"wp-block-embed__wrapper\">\n<iframe loading=\"lazy\" title=\"L Gante le puso los puntos a los periodistas de PH\" width=\"700\" height=\"394\" src=\"https:\/\/www.youtube.com\/embed\/15Sw9bix9cI?feature=oembed\" frameborder=\"0\" allow=\"accelerometer; autoplay; clipboard-write; encrypted-media; gyroscope; picture-in-picture; web-share\" allowfullscreen><\/iframe>\n<\/div><\/figure>\n","protected":false},"excerpt":{"rendered":"<p>Finalmente, se conoci\u00f3 el momento en el que el artista estall\u00f3 de furia contra el conductor y los invitados en PH, Podemos Hablar. \u201cSi yo fuera un chico de mentalidad d\u00e9bil, hubiera ca\u00eddo en cada una de las trampitas\u201d, sentenci\u00f3. Este s\u00e1bado por la noche se conoci\u00f3 el momento en el que L-Gante se enoj\u00f3&hellip;<\/p>\n","protected":false},"author":1,"featured_media":126219,"comment_status":"open","ping_status":"open","sticky":false,"template":"","format":"standard","meta":{"footnotes":""},"categories":[15],"tags":[41443,2450,41446,35751,41448,12312,41445,41447,41444,3901],"class_list":["post-126218","post","type-post","status-publish","format-standard","has-post-thumbnail","hentry","category-espectaculos","tag-andy-kusnetzoff","tag-diario-el-sindical","tag-karina-mazzocco","tag-l-gante","tag-marilina-ross","tag-ph","tag-pia-shaw","tag-podemos-hablar","tag-rkt","tag-wanda-nara"],"_links":{"self":[{"href":"https:\/\/www.elsindical.com.ar\/notas\/wp-json\/wp\/v2\/posts\/126218","targetHints":{"allow":["GET"]}}],"collection":[{"href":"https:\/\/www.elsindical.com.ar\/notas\/wp-json\/wp\/v2\/posts"}],"about":[{"href":"https:\/\/www.elsindical.com.ar\/notas\/wp-json\/wp\/v2\/types\/post"}],"author":[{"embeddable":true,"href":"https:\/\/www.elsindical.com.ar\/notas\/wp-json\/wp\/v2\/users\/1"}],"replies":[{"embeddable":true,"href":"https:\/\/www.elsindical.com.ar\/notas\/wp-json\/wp\/v2\/comments?post=126218"}],"version-history":[{"count":2,"href":"https:\/\/www.elsindical.com.ar\/notas\/wp-json\/wp\/v2\/posts\/126218\/revisions"}],"predecessor-version":[{"id":126221,"href":"https:\/\/www.elsindical.com.ar\/notas\/wp-json\/wp\/v2\/posts\/126218\/revisions\/126221"}],"wp:featuredmedia":[{"embeddable":true,"href":"https:\/\/www.elsindical.com.ar\/notas\/wp-json\/wp\/v2\/media\/126219"}],"wp:attachment":[{"href":"https:\/\/www.elsindical.com.ar\/notas\/wp-json\/wp\/v2\/media?parent=126218"}],"wp:term":[{"taxonomy":"category","embeddable":true,"href":"https:\/\/www.elsindical.com.ar\/notas\/wp-json\/wp\/v2\/categories?post=126218"},{"taxonomy":"post_tag","embeddable":true,"href":"https:\/\/www.elsindical.com.ar\/notas\/wp-json\/wp\/v2\/tags?post=126218"}],"curies":[{"name":"wp","href":"https:\/\/api.w.org\/{rel}","templated":true}]}}