{"id":12618,"date":"2011-02-22T16:22:56","date_gmt":"2011-02-22T19:22:56","guid":{"rendered":"http:\/\/www.elsindical.com.ar\/notas\/?p=12618"},"modified":"2011-02-22T16:22:56","modified_gmt":"2011-02-22T19:22:56","slug":"peritos-comprobaron-que-el-incendio-del-juzgado-de-oyarbide-fue-intencional","status":"publish","type":"post","link":"https:\/\/www.elsindical.com.ar\/notas\/peritos-comprobaron-que-el-incendio-del-juzgado-de-oyarbide-fue-intencional\/","title":{"rendered":"Peritos comprobaron que el incendio del juzgado de Oyarbide fue \u00abintencional\u00bb"},"content":{"rendered":"<div>\n<p style=\"text-align: justify;\"><em><a href=\"http:\/\/www.elsindical.com.ar\/notas\/var\/www\/html\/notas\/wp-content\/uploads\/2011\/02\/edificio-de-Comodoro-Py.jpg\"><img loading=\"lazy\" decoding=\"async\" class=\"alignleft size-medium wp-image-12476\" title=\"edificio-de-Comodoro-Py\" src=\"http:\/\/www.elsindical.com.ar\/notas\/var\/www\/html\/notas\/wp-content\/uploads\/2011\/02\/edificio-de-Comodoro-Py-300x180.jpg\" alt=\"\" width=\"300\" height=\"180\" srcset=\"https:\/\/www.elsindical.com.ar\/notas\/var\/www\/html\/notas\/wp-content\/uploads\/2011\/02\/edificio-de-Comodoro-Py-300x180.jpg 300w, https:\/\/www.elsindical.com.ar\/notas\/var\/www\/html\/notas\/wp-content\/uploads\/2011\/02\/edificio-de-Comodoro-Py.jpg 413w\" sizes=\"auto, (max-width: 300px) 100vw, 300px\" \/><\/a>De acuerdo con los peritajes realizados por bomberos, la quema del <strong>juzgado federal N\u00ba7<\/strong> del 14 de febrero \u00ab<strong>habr\u00eda sido provocada con un f\u00f3sforo<\/strong>\u00bb y una sustancia similar a la bencina. En la oficina se encontraban papeles de <strong>causas sensibles para el Gobierno.<\/strong><\/em><\/p>\n<\/div>\n<p>\u00a0<\/p>\n<p>El incendio ocurrido el <strong>14 de febrero <\/strong>pasado en uno de los juzgados a cargo del magistrado <strong>Norberto Oyarbide <\/strong>fue intencional, seg\u00fan dio cuenta un peritaje de bomberos realizado en el marco de una investigaci\u00f3n.<\/p>\n<p>Fuentes judiciales informaron que los bomberos determinaron que el incendio que se registr\u00f3 en el juzgado federal N\u00ba 7, fue \u00ab<strong>intencional\u00bb y \u00abhabr\u00eda sido provocado con f\u00f3sforo<\/strong>\u00bb y una sustancia\u00a0parecida a la\u00a0bencina o alguna similar.<\/p>\n<p>El siniestro ocurri\u00f3 en la secretar\u00eda donde se tramitan causas como \u00ab<strong>Skanska\u00bb o la del espionaje ilegal en la Ciudad de Buenos Aires<\/strong>, entre otras, precisaron las fuentes.<\/p>\n<p>El incendio <strong>afect\u00f3 a s\u00f3lo unas cincuenta resmas de papel en blanco <\/strong>que hay en un sector de la secretar\u00eda a cargo de Gustavo Russo, y <strong>no habr\u00eda da\u00f1ado documentaci\u00f3n de algunas de las causas en tr\u00e1mite<\/strong>, seg\u00fan consta en la investigaci\u00f3n del hecho que tiene a su cargo el juez Marcelo Mart\u00ednez de Giorgi.<\/p>\n<p><strong>Lo que a\u00fan se desconoce es c\u00f3mo habr\u00edan ingresado los autores al despacho<\/strong>, ya que la cerradura no hab\u00eda sido forzada, aunque ahora se encargar\u00e1 un peritaje a Gendarmer\u00eda de la misma para precisar esa presunci\u00f3n.<\/p>\n<p style=\"text-align: justify;\">Seg\u00fan fuentes, <strong>el objetivo era destruir alguna de las causas<\/strong> puesto que las resmas que se prendieron fuego estaban en el mismo sector de la secretar\u00eda donde se \u00abencuentra documentaci\u00f3n de causas que est\u00e1n en tr\u00e1mite\u00bb.<\/p>\n","protected":false},"excerpt":{"rendered":"<p>De acuerdo con los peritajes realizados por bomberos, la quema del juzgado federal N\u00ba7 del 14 de febrero \u00abhabr\u00eda sido provocada con un f\u00f3sforo\u00bb y una sustancia similar a la bencina. En la oficina se encontraban papeles de causas sensibles para el Gobierno. \u00a0 El incendio ocurrido el 14 de febrero pasado en uno de&hellip;<\/p>\n","protected":false},"author":1,"featured_media":0,"comment_status":"open","ping_status":"open","sticky":false,"template":"","format":"standard","meta":{"footnotes":""},"categories":[20],"tags":[1984,375,1158,5056,4387,5978],"class_list":["post-12618","post","type-post","status-publish","format-standard","hentry","category-judiciales","tag-causas","tag-gobierno","tag-incendio","tag-juez-federal-norbero-oyarbide","tag-juzgado-federal","tag-secretaria"],"_links":{"self":[{"href":"https:\/\/www.elsindical.com.ar\/notas\/wp-json\/wp\/v2\/posts\/12618","targetHints":{"allow":["GET"]}}],"collection":[{"href":"https:\/\/www.elsindical.com.ar\/notas\/wp-json\/wp\/v2\/posts"}],"about":[{"href":"https:\/\/www.elsindical.com.ar\/notas\/wp-json\/wp\/v2\/types\/post"}],"author":[{"embeddable":true,"href":"https:\/\/www.elsindical.com.ar\/notas\/wp-json\/wp\/v2\/users\/1"}],"replies":[{"embeddable":true,"href":"https:\/\/www.elsindical.com.ar\/notas\/wp-json\/wp\/v2\/comments?post=12618"}],"version-history":[{"count":1,"href":"https:\/\/www.elsindical.com.ar\/notas\/wp-json\/wp\/v2\/posts\/12618\/revisions"}],"predecessor-version":[{"id":12619,"href":"https:\/\/www.elsindical.com.ar\/notas\/wp-json\/wp\/v2\/posts\/12618\/revisions\/12619"}],"wp:attachment":[{"href":"https:\/\/www.elsindical.com.ar\/notas\/wp-json\/wp\/v2\/media?parent=12618"}],"wp:term":[{"taxonomy":"category","embeddable":true,"href":"https:\/\/www.elsindical.com.ar\/notas\/wp-json\/wp\/v2\/categories?post=12618"},{"taxonomy":"post_tag","embeddable":true,"href":"https:\/\/www.elsindical.com.ar\/notas\/wp-json\/wp\/v2\/tags?post=12618"}],"curies":[{"name":"wp","href":"https:\/\/api.w.org\/{rel}","templated":true}]}}