{"id":126173,"date":"2023-10-27T10:13:36","date_gmt":"2023-10-27T13:13:36","guid":{"rendered":"https:\/\/www.elsindical.com.ar\/notas\/?p=126173"},"modified":"2023-10-27T10:13:37","modified_gmt":"2023-10-27T13:13:37","slug":"lomas-de-zamora-condenan-a-13-anos-de-prision-a-un-hombre-que-mato-a-balazos-al-ex-novio-de-su-pareja-en-avellaneda","status":"publish","type":"post","link":"https:\/\/www.elsindical.com.ar\/notas\/lomas-de-zamora-condenan-a-13-anos-de-prision-a-un-hombre-que-mato-a-balazos-al-ex-novio-de-su-pareja-en-avellaneda\/","title":{"rendered":"Lomas de Zamora: Condenan a 13 a\u00f1os de prisi\u00f3n a un hombre que mat\u00f3 a balazos al ex novio de su pareja en Avellaneda"},"content":{"rendered":"\n<figure class=\"wp-block-image size-full\"><a href=\"https:\/\/www.elsindical.com.ar\/notas\/var\/www\/html\/notas\/wp-content\/uploads\/2023\/10\/Cristian-Javier-Morel-Segovia.jpg\"><img loading=\"lazy\" decoding=\"async\" width=\"976\" height=\"552\" src=\"https:\/\/www.elsindical.com.ar\/notas\/var\/www\/html\/notas\/wp-content\/uploads\/2023\/10\/Cristian-Javier-Morel-Segovia.jpg\" alt=\"\" class=\"wp-image-126174\" srcset=\"https:\/\/www.elsindical.com.ar\/notas\/var\/www\/html\/notas\/wp-content\/uploads\/2023\/10\/Cristian-Javier-Morel-Segovia.jpg 976w, https:\/\/www.elsindical.com.ar\/notas\/var\/www\/html\/notas\/wp-content\/uploads\/2023\/10\/Cristian-Javier-Morel-Segovia-300x170.jpg 300w, https:\/\/www.elsindical.com.ar\/notas\/var\/www\/html\/notas\/wp-content\/uploads\/2023\/10\/Cristian-Javier-Morel-Segovia-768x434.jpg 768w, https:\/\/www.elsindical.com.ar\/notas\/var\/www\/html\/notas\/wp-content\/uploads\/2023\/10\/Cristian-Javier-Morel-Segovia-500x283.jpg 500w, https:\/\/www.elsindical.com.ar\/notas\/var\/www\/html\/notas\/wp-content\/uploads\/2023\/10\/Cristian-Javier-Morel-Segovia-460x260.jpg 460w\" sizes=\"auto, (max-width: 976px) 100vw, 976px\" \/><\/a><\/figure>\n\n\n\n<p>El Tribunal Oral en lo Criminal (TOC) 9 de Lomas de Zamora conden\u00f3 a un hombre de 34 a\u00f1os que asesin\u00f3 a balazos al ex novio de su pareja en abril de 2019, en la localidad de Dock Sud, partido de&nbsp;&nbsp;Avellaneda.<\/p>\n\n\n\n<p>Fuentes judiciales informaron que la condena de los jueces del TOC 9 recay\u00f3 sobre\u00a0<strong>Cristian Javier Morel Segovia<\/strong>\u00a0(34), quien fue hallado culpable del delito de homicidio cometido mediante el empleo de arma de fuego, en perjuicio de Jonathan Mart\u00ednez (22).<\/p>\n\n\n\n<p><strong>En el juicio oral que se inici\u00f3 a principio de octubre fueron juzgados Cristian Javier Morel Segovia y Micaela Bel\u00e9n Sosa. Los voceros indicaron que durante los alegatos el fiscal Sergio Anauati pidi\u00f3 13 a\u00f1os de prisi\u00f3n para Segovia y desisti\u00f3 de la acusaci\u00f3n de Sosa, quien finalmente qued\u00f3 absuelta.<\/strong><\/p>\n\n\n\n<p><strong>El hecho<\/strong><\/p>\n\n\n\n<p>El crimen ocurri\u00f3 el 13 de abril de 2019, alrededor de las 21.30, en el cruce de Defensa y Facundo Quiroga, en la localidad de Dock Sud, partido de Avellaneda.<\/p>\n\n\n\n<p>Mart\u00ednez se dirigi\u00f3 desde su casa a un kiosco para comprar un paquete de cigarrillos, pero al llegar al lugar, fue increpado por otro hombre que estaba acompa\u00f1ado de su novia y ex pareja del muchacho.<\/p>\n\n\n\n<p>Aparentemente, tras intercambiar unas palabras, el agresor extrajo un arma de fuego con la que efectu\u00f3 varios disparos y la v\u00edctima recibi\u00f3 al menos cuatro que le causaron la muerte casi en el acto, mientras que el hombre escap\u00f3 a la carrera junto a su novia.<\/p>\n\n\n\n<p><strong>\u00abJony sal\u00eda con una chica de 17 a\u00f1os y ella se obsesion\u00f3 con \u00e9l, cortaron la relaci\u00f3n hace menos de un a\u00f1o pero ella segu\u00eda insistiendo mandando mensajes y \u00e9l la bloque\u00f3 de todos lados\u00bb, cont\u00f3 una cu\u00f1ada de la v\u00edctima cuando ocurri\u00f3 el hecho.<\/strong><\/p>\n\n\n\n<p>La mujer asegur\u00f3 que la adolescente lo \u00abvolvi\u00f3 loco hasta que el novio de ella se lo cruz\u00f3 y lo mat\u00f3 por celos\u00bb.<\/p>\n\n\n\n<p>Mart\u00ednez era el menor de tres hermanos, hac\u00eda unas changas como remisero y recientemente hab\u00eda terminado el secundario.<\/p>\n","protected":false},"excerpt":{"rendered":"<p>El Tribunal Oral en lo Criminal (TOC) 9 de Lomas de Zamora conden\u00f3 a un hombre de 34 a\u00f1os que asesin\u00f3 a balazos al ex novio de su pareja en abril de 2019, en la localidad de Dock Sud, partido de&nbsp;&nbsp;Avellaneda. Fuentes judiciales informaron que la condena de los jueces del TOC 9 recay\u00f3 sobre\u00a0Cristian&hellip;<\/p>\n","protected":false},"author":1,"featured_media":126174,"comment_status":"open","ping_status":"open","sticky":false,"template":"","format":"standard","meta":{"footnotes":""},"categories":[20],"tags":[363,37385,41426,3028,36127,41427,41428,29046],"class_list":["post-126173","post","type-post","status-publish","format-standard","has-post-thumbnail","hentry","category-judiciales","tag-asesinato","tag-avellameda","tag-cristian-javier-moreal-segovia","tag-dock-sud","tag-fiscal-sergio-anauti","tag-jonathan-martinez","tag-micaela-belen-sosa","tag-toc-9-lomas-de-zamora"],"_links":{"self":[{"href":"https:\/\/www.elsindical.com.ar\/notas\/wp-json\/wp\/v2\/posts\/126173","targetHints":{"allow":["GET"]}}],"collection":[{"href":"https:\/\/www.elsindical.com.ar\/notas\/wp-json\/wp\/v2\/posts"}],"about":[{"href":"https:\/\/www.elsindical.com.ar\/notas\/wp-json\/wp\/v2\/types\/post"}],"author":[{"embeddable":true,"href":"https:\/\/www.elsindical.com.ar\/notas\/wp-json\/wp\/v2\/users\/1"}],"replies":[{"embeddable":true,"href":"https:\/\/www.elsindical.com.ar\/notas\/wp-json\/wp\/v2\/comments?post=126173"}],"version-history":[{"count":1,"href":"https:\/\/www.elsindical.com.ar\/notas\/wp-json\/wp\/v2\/posts\/126173\/revisions"}],"predecessor-version":[{"id":126175,"href":"https:\/\/www.elsindical.com.ar\/notas\/wp-json\/wp\/v2\/posts\/126173\/revisions\/126175"}],"wp:featuredmedia":[{"embeddable":true,"href":"https:\/\/www.elsindical.com.ar\/notas\/wp-json\/wp\/v2\/media\/126174"}],"wp:attachment":[{"href":"https:\/\/www.elsindical.com.ar\/notas\/wp-json\/wp\/v2\/media?parent=126173"}],"wp:term":[{"taxonomy":"category","embeddable":true,"href":"https:\/\/www.elsindical.com.ar\/notas\/wp-json\/wp\/v2\/categories?post=126173"},{"taxonomy":"post_tag","embeddable":true,"href":"https:\/\/www.elsindical.com.ar\/notas\/wp-json\/wp\/v2\/tags?post=126173"}],"curies":[{"name":"wp","href":"https:\/\/api.w.org\/{rel}","templated":true}]}}