{"id":12616,"date":"2011-02-22T13:09:20","date_gmt":"2011-02-22T16:09:20","guid":{"rendered":"http:\/\/www.elsindical.com.ar\/notas\/?p=12616"},"modified":"2017-05-26T09:50:02","modified_gmt":"2017-05-26T12:50:02","slug":"dia-del-cancer-infantil-en-el-zoologico-de-bs-as","status":"publish","type":"post","link":"https:\/\/www.elsindical.com.ar\/notas\/dia-del-cancer-infantil-en-el-zoologico-de-bs-as\/","title":{"rendered":"Dia del cancer infantil en el Zoologico de Bs As"},"content":{"rendered":"<p><a href=\"http:\/\/www.elsindical.com.ar\/notas\/var\/www\/html\/notas\/wp-content\/uploads\/2010\/04\/logo-Zoo-de-Bs-As.jpg\"><img loading=\"lazy\" decoding=\"async\" class=\"alignleft size-full wp-image-5952\" title=\"logo-Zoo-de-Bs-As\" src=\"http:\/\/www.elsindical.com.ar\/notas\/var\/www\/html\/notas\/wp-content\/uploads\/2010\/04\/logo-Zoo-de-Bs-As.jpg\" alt=\"\" width=\"255\" height=\"144\" \/><\/a>Reproducimos comunicado de prensa:<\/p>\n<p style=\"text-align: justify;\"><strong><span style=\"text-decoration: underline;\">PONETE LA CAMISETA<\/span><\/strong><\/p>\n<p style=\"text-align: justify;\"><strong>\u201cLos chicos nos necesitan en su equipo\u201d<\/strong><strong>\u00a0<\/strong><\/p>\n<p style=\"text-align: justify;\">Con motivo de la conmemoraci\u00f3n del <strong>9\u00b0 DIA INTERNACIONAL DEL CANCER INFANTIL<\/strong>, la <strong>FUNDACION NATALI<\/strong><strong> DAFNE<\/strong><strong> FLEXER<\/strong>, de ayuda al ni\u00f1o con c\u00e1ncer y el <strong>ZOOLOGICO DE BUENOS AIRES<\/strong>, realizar\u00e1n, el <strong>MIERCOLES 23 de Febrero<\/strong>, entre las <strong>11 a<\/strong><strong> 18 hs<\/strong>,\u00a0 un evento en el <strong>Zoo<\/strong>. Est\u00e1n invitados todos los ni\u00f1os con c\u00e1ncer del pa\u00eds que se atienden en los Servicios de Hemato-Oncolog\u00eda Pedi\u00e1trica de los Hospitales de Capital Federal y Gran Buenos Aires, junto con sus padres y hermanos. Se estima una concurrencia de alrededor de 4000 personas. Eventos simult\u00e1neos se llevar\u00e1n a cabo en otras ciudades de nuestro pa\u00eds y en m\u00e1s de 70 pa\u00edses del mundo.\u00a0<\/p>\n<p style=\"text-align: justify;\">Durante el paseo,\u00a0 habr\u00e1 distintos espect\u00e1culos organizados por el Zoo, como as\u00ed tambi\u00e9n, malabaristas, magos, disfraces, bailes, cuentos, golosinas y regalos. En el Acto Central, que se llevar\u00e1 a cabo en La Glorieta a las 16.30 hs, <strong>\u201cPatatin Patatero y el Mago Semba<\/strong>, con su generosidad y compromiso solidario, estar\u00e1n ofreciendo sus espect\u00e1culos para los chicos con c\u00e1ncer y sus familias. Como cierre del acto, el cantante <strong>Leo Garc\u00eda <\/strong>estar\u00e1 compartiendo con todos ellos, su m\u00fasica y su alegr\u00eda.\u00a0<\/p>\n<p style=\"text-align: justify;\">En el marco de la Campa\u00f1a \u201c<strong>Ponete la Camiseta\u201d los chicos con c\u00e1ncer nos necesitan en su equipo,<\/strong> se llevar\u00e1 a cabo tambi\u00e9n, una <strong>Exposici\u00f3n de Camisetas<\/strong>, pintadas y decoradas por ni\u00f1os en tratamiento. Esta muestra tiene una particular importancia ya que, con sus camisetas, los chicos nos invitan a sumarnos a su equipo, a dejar de lado miedos y\u00a0 prejuicios para poder as\u00ed, acompa\u00f1arlos con el afecto que necesitan.\u00a0<\/p>\n<p style=\"text-align: justify;\"><strong><span style=\"text-decoration: underline;\">CAMPA\u00d1A 2011<\/span><\/strong><strong><span style=\"text-decoration: underline;\">\u00a0<\/span><\/strong><\/p>\n<p style=\"text-align: justify;\">El DIA INTERNACIONAL DEL CANCER INFANTIL ha sido elegido tambi\u00e9n para el lanzamiento de la <strong>CAMPA\u00d1A<\/strong> <strong><span style=\"text-decoration: underline;\">\u201cPONETE LA CAMISETA\u201d <\/span><\/strong><\/p>\n<p style=\"text-align: justify;\"><strong>El c\u00e1ncer infantil existe y puede curarse.<\/strong><\/p>\n<p style=\"text-align: justify;\"><strong>Por eso, los chicos nos necesitan en su equipo.<\/strong><\/p>\n<p style=\"text-align: justify;\">La Fundaci\u00f3n lleva a cabo esta Campa\u00f1a con el fin de concientizar a la comunidad acerca de la problem\u00e1tica y las necesidades y derechos de los ni\u00f1os con c\u00e1ncer. Se propone<strong><em> <\/em><\/strong>brindar informaci\u00f3n\u00a0 que ayude a derribar el miedo que produce lo desconocido, para que la comunidad pueda acercarse, acompa\u00f1ar y apoyar a los ni\u00f1os con c\u00e1ncer. Ellos necesitan de toda nuestra solidaridad, afecto y contenci\u00f3n, no s\u00f3lo durante su tratamiento, sino tambi\u00e9n para lograr una saludable reinserci\u00f3n social, una vez finalizado el mismo.\u00a0<\/p>\n<p style=\"text-align: justify;\">Invitamos a su medio a cubrir el evento y a difundir la Campa\u00f1a \u201c<strong>PONETE LA CAMISETA\u201d<\/strong><\/p>\n<p style=\"text-align: justify;\"><strong>INGRESAR POR <\/strong><strong>REPUBLICA DE LA INDIA 3000 a partir de las 11 hs<\/strong><\/p>\n<p style=\"text-align: justify;\"><strong>Contacto: Leticia Garc\u00eda\u00a0 15-6120-2608\u00a0\u00a0 15-4970-1546<\/strong><\/p>\n<p style=\"text-align: justify;\"><strong>\u00a0\u00a0\u00a0\u00a0\u00a0\u00a0\u00a0\u00a0\u00a0\u00a0\u00a0\u00a0\u00a0\u00a0\u00a0\u00a0\u00a0 Edith\u00a0 Grynszpancholc\u00a0\u00a0\u00a0\u00a0\u00a0\u00a0\u00a0\u00a0\u00a0\u00a0\u00a0\u00a0 15-5733-9643<\/strong><strong><span style=\"text-decoration: underline;\">\u00a0<\/span><\/strong><\/p>\n<p style=\"text-align: justify;\"><strong><span style=\"text-decoration: underline;\">Ana Maria Pirra 155893-8408<\/span><\/strong><strong>\u00a0<\/strong><\/p>\n<p style=\"text-align: justify;\"><strong>Informaci\u00f3n General<\/strong><\/p>\n<p style=\"text-align: justify;\">Cada a\u00f1o se producen 250.000 nuevos casos de c\u00e1ncer infantil en el mundo.\u00a0<\/p>\n<p style=\"text-align: justify;\">Estad\u00edsticas oficiales ofrecidas por IARC estiman que el 80% de los ni\u00f1os diagnosticados con c\u00e1ncer, viven en pa\u00edses en desarrollo.\u00a0<\/p>\n<p style=\"text-align: justify;\">El c\u00e1ncer infantil es altamente curable cuando se accede al diagn\u00f3stico precoz y al tratamiento adecuado. El diagn\u00f3stico tard\u00edo y la falta de tratamiento adecuado, reducen las posibilidades de recuperaci\u00f3n.\u00a0<\/p>\n<p style=\"text-align: justify;\">Avances en el tratamiento hacen posible que m\u00e1s del 70% de los chicos puedan sobrevivir al c\u00e1ncer si tienen acceso al tratamiento adecuado.\u00a0<\/p>\n<p style=\"text-align: justify;\">A\u00fan hoy, el 80%\u00a0 de los chicos con c\u00e1ncer del mundo no tienen acceso al diagn\u00f3stico y tratamiento adecuados y, por esta causa, 100.000 de ellos mueren innecesariamente cada a\u00f1o.\u00a0<\/p>\n<p style=\"text-align: justify;\">Bajo la Convenci\u00f3n de los Derechos del Ni\u00f1o de Naciones Unidad, todo ni\u00f1o tiene derecho a:<\/p>\n<p style=\"text-align: justify;\">&#8211;\u00a0\u00a0\u00a0\u00a0\u00a0\u00a0\u00a0\u00a0\u00a0 la vida<\/p>\n<p style=\"text-align: justify;\">&#8211;\u00a0\u00a0\u00a0\u00a0\u00a0\u00a0\u00a0\u00a0\u00a0 el tratamiento de la enfermedad<\/p>\n<p style=\"text-align: justify;\">&#8211;\u00a0\u00a0\u00a0\u00a0\u00a0\u00a0\u00a0\u00a0\u00a0 la rehabilitaci\u00f3n<\/p>\n<p style=\"text-align: justify;\">&#8211;\u00a0\u00a0\u00a0\u00a0\u00a0\u00a0\u00a0\u00a0\u00a0 la educaci\u00f3n\u00a0<\/p>\n<p style=\"text-align: justify;\">&#8211; Una vez finalizado el tratamiento, los ni\u00f1os necesitan soporte y cuidado, para reintegrarse a la sociedad sin discriminaci\u00f3n (incluyendo educaci\u00f3n, empleo, seguro y soporte por los efectos a largo plazo producidos por el tratamiento).<\/p>\n<p style=\"text-align: justify;\">&#8211; Las familias necesitan, tambi\u00e9n, el soporte que las ayude a reintegrarse nuevamente a la sociedad.<\/p>\n<p style=\"text-align: justify;\">&#8211; La relaci\u00f3n con los hermanos es, generalmente, la m\u00e1s larga de la vida \u2013 el impacto del c\u00e1ncer puede ser profundo en ellos.\u00a0<\/p>\n<p style=\"text-align: justify;\"><strong>Situaci\u00f3n en Argentina <\/strong><\/p>\n<p style=\"text-align: justify;\">En Argentina, como en el resto de Latinoam\u00e9rica, se observan grandes desigualdades entre las distintas regiones del pa\u00eds. Los resultados obtenidos en los principales hospitales de Buenos Aires son similares a los de hospitales reconocidos de Europa. No ocurre lo mismo en algunas otras regiones del pa\u00eds. Es necesario poner el esfuerzo en \u00a0estos centros porque, su mejoramiento, permitir\u00e1 el acceso a avances en el tratamiento, lo que incidir\u00e1 notablemente en los resultado que se obtengan.<strong>\u00a0\u00a0\u00a0\u00a0<\/strong><strong><span style=\"text-decoration: underline;\">\u00a0<\/span><\/strong><\/p>\n<p style=\"text-align: justify;\"><strong><span style=\"text-decoration: underline;\">M\u00e1s informaci\u00f3n<\/span><\/strong><strong>:<\/strong><\/p>\n<p style=\"text-align: justify;\">Acerca de la Fundaci\u00f3n Natal\u00ed Dafne Flexer: <a href=\"http:\/\/www.fundacionflexer.org\/\">www.fundacionflexer.org<\/a><\/p>\n<p style=\"text-align: justify;\">Acerca de la ICCCPO: <a href=\"http:\/\/www.elsindical.com.ar\/edith\/Configuraci\u00f3n%20local\/2006\/2005\/DIFUSION\/www.icccpo.org\">www.icccpo.org<\/a>\u00a0<\/p>\n<p style=\"text-align: justify;\"><strong><span style=\"text-decoration: underline;\">Con diagn\u00f3stico a tiempo y tratamiento adecuado <\/span><\/strong><\/p>\n<p style=\"text-align: justify;\"><strong><span style=\"text-decoration: underline;\">estamos mejor preparados para enfrentar al c\u00e1ncer infantil<\/span><\/strong><\/p>\n","protected":false},"excerpt":{"rendered":"<p>Reproducimos comunicado de prensa: PONETE LA CAMISETA \u201cLos chicos nos necesitan en su equipo\u201d\u00a0 Con motivo de la conmemoraci\u00f3n del 9\u00b0 DIA INTERNACIONAL DEL CANCER INFANTIL, la FUNDACION NATALI DAFNE FLEXER, de ayuda al ni\u00f1o con c\u00e1ncer y el ZOOLOGICO DE BUENOS AIRES, realizar\u00e1n, el MIERCOLES 23 de Febrero, entre las 11 a 18 hs,\u00a0&hellip;<\/p>\n","protected":false},"author":1,"featured_media":0,"comment_status":"open","ping_status":"open","sticky":false,"template":"","format":"standard","meta":{"footnotes":""},"categories":[25],"tags":[6054,22019,306,5281],"class_list":["post-12616","post","type-post","status-publish","format-standard","hentry","category-sociedad","tag-cancer-dia","tag-convocatoria","tag-nino","tag-zoo-de-buenos-aires"],"_links":{"self":[{"href":"https:\/\/www.elsindical.com.ar\/notas\/wp-json\/wp\/v2\/posts\/12616","targetHints":{"allow":["GET"]}}],"collection":[{"href":"https:\/\/www.elsindical.com.ar\/notas\/wp-json\/wp\/v2\/posts"}],"about":[{"href":"https:\/\/www.elsindical.com.ar\/notas\/wp-json\/wp\/v2\/types\/post"}],"author":[{"embeddable":true,"href":"https:\/\/www.elsindical.com.ar\/notas\/wp-json\/wp\/v2\/users\/1"}],"replies":[{"embeddable":true,"href":"https:\/\/www.elsindical.com.ar\/notas\/wp-json\/wp\/v2\/comments?post=12616"}],"version-history":[{"count":2,"href":"https:\/\/www.elsindical.com.ar\/notas\/wp-json\/wp\/v2\/posts\/12616\/revisions"}],"predecessor-version":[{"id":68264,"href":"https:\/\/www.elsindical.com.ar\/notas\/wp-json\/wp\/v2\/posts\/12616\/revisions\/68264"}],"wp:attachment":[{"href":"https:\/\/www.elsindical.com.ar\/notas\/wp-json\/wp\/v2\/media?parent=12616"}],"wp:term":[{"taxonomy":"category","embeddable":true,"href":"https:\/\/www.elsindical.com.ar\/notas\/wp-json\/wp\/v2\/categories?post=12616"},{"taxonomy":"post_tag","embeddable":true,"href":"https:\/\/www.elsindical.com.ar\/notas\/wp-json\/wp\/v2\/tags?post=12616"}],"curies":[{"name":"wp","href":"https:\/\/api.w.org\/{rel}","templated":true}]}}