{"id":12610,"date":"2011-02-22T00:19:57","date_gmt":"2011-02-22T03:19:57","guid":{"rendered":"http:\/\/www.elsindical.com.ar\/notas\/?p=12610"},"modified":"2011-02-22T00:19:57","modified_gmt":"2011-02-22T03:19:57","slug":"los-docentes-rechazaron-la-propuesta-salarial-del-gobierno-porteno","status":"publish","type":"post","link":"https:\/\/www.elsindical.com.ar\/notas\/los-docentes-rechazaron-la-propuesta-salarial-del-gobierno-porteno\/","title":{"rendered":"Los docentes rechazaron la propuesta salarial del gobierno porte\u00f1o"},"content":{"rendered":"<p style=\"text-align: justify;\"><em><a href=\"http:\/\/www.elsindical.com.ar\/notas\/var\/www\/html\/notas\/wp-content\/uploads\/2010\/10\/UTE-CTERA.jpg\"><img loading=\"lazy\" decoding=\"async\" class=\"alignleft size-medium wp-image-10072\" title=\"UTE-CTERA\" src=\"http:\/\/www.elsindical.com.ar\/notas\/var\/www\/html\/notas\/wp-content\/uploads\/2010\/10\/UTE-CTERA-300x175.jpg\" alt=\"\" width=\"300\" height=\"175\" srcset=\"https:\/\/www.elsindical.com.ar\/notas\/var\/www\/html\/notas\/wp-content\/uploads\/2010\/10\/UTE-CTERA-300x175.jpg 300w, https:\/\/www.elsindical.com.ar\/notas\/var\/www\/html\/notas\/wp-content\/uploads\/2010\/10\/UTE-CTERA.jpg 325w\" sizes=\"auto, (max-width: 300px) 100vw, 300px\" \/><\/a>La Uni\u00f3n de Trabajadores de la Educaci\u00f3n (UTE) y la Asociaci\u00f3n Docente de Ense\u00f1anza Media y Superior (Ademys) rechazaron la propuesta de incremento salarial para los docentes porte\u00f1os y se abri\u00f3 un cuarto intermedio en donde el gobierno porte\u00f1o \u00absuponemos que mejorar\u00e1 la oferta\u00bb, informaron fuentes sindicales.<\/em><\/p>\n<p style=\"text-align: justify;\">Representantes de ambos sindicatos manifestaron el rechazo a la propuesta de aumento del 13,9% entre marzo y agosto e id\u00e9ntico porcentaje a partir de septiembre por considerarla \u00abinsuficiente y r\u00eddicula\u00bb.\u00a0<\/p>\n<p style=\"text-align: justify;\">El gobierno porte\u00f1o abri\u00f3 un cuarto intermedio hasta este martes a las 10 para volver a negociar una oferta que se acerque a las pretensiones de los sindicatos docentes, que reclaman que el primer tramo sea mayor al anunciado y no este tan alejado la segunda cuota de incremento salarial.\u00a0<\/p>\n<p style=\"text-align: justify;\">Los 17 sindicatos docentes porte\u00f1os reclaman un incremento del 30% para llevar el sueldo del maestro que reci\u00e9n inicia la actividad de 1.900 a 2.500 pesos como piso salarial para este a\u00f1o.\u00a0<\/p>\n<p style=\"text-align: justify;\">Alejandro de Michelis, secretario gremial de UTE, dijo que la propuesta es \u00ababsolutamente insuficiente cuando en Santa fe ofrecen un 27% a partir de marzo y C\u00f3rdoba un 20 ahora y en junio un 10%\u00bb.\u00a0<\/p>\n<p style=\"text-align: justify;\">De Michelis explic\u00f3 que \u00abel 13,9 que ofrecen en setiembre se va muy alejado de nuestras expectativas. Hoy rechazamos la propuesta y con esta situaci\u00f3n peligra el inicio del ciclo lectivo. Si hoy o ma\u00f1ana hacen una contraoferta, la pondremos a consideraci\u00f3n\u00bb.\u00a0<\/p>\n<p style=\"text-align: justify;\">El dirigente sindical asegur\u00f3 que \u00abel candidato a presidente pronostic\u00f3 una inflaci\u00f3n dle 30%, eso es lo que pedimos, puede haber dos tramos pero no uno de 13,9 es irrisorio, r\u00eddiculo e insuficiente\u00bb.\u00a0<\/p>\n<p style=\"text-align: justify;\">Por su parte, el ministro de Educaci\u00f3n porte\u00f1o Esteban Bullrich afirm\u00f3 que \u00ablos gremios dicen que quieren esperar que se defina el acuerdo a nivel nacional, por lo que nosotros hemos definido esperar a que se definan las paritarias nacionales para volver a reunirnos\u00bb. \u00a0<\/p>\n<p style=\"text-align: justify;\">Bullrich dijo que este tipo de negativas est\u00e1n relacionadas con una \u00abclara intencionalidad pol\u00edtica\u00bb y que ahora todo quedar\u00e1 en manos de lo que se resuelva a nivel nacional para luego s\u00ed reanudar el di\u00e1logo en la Capital.\u00a0<\/p>\n<p style=\"text-align: justify;\">A su vez, el representante de UTE-CTERA, Eduardo L\u00f3pez, hab\u00eda reconocido que el Ejecutivo porte\u00f1o hoy hab\u00eda realizado una \u00aboferta superadora\u00bb, pero que a\u00fan no era suficiente. \u00a0<\/p>\n<p style=\"text-align: justify;\">\u00abCedimos ya aceptamos que el aumento sea escalonado, pero queremos una suba de 20% en marzo y otra de 10% en junio, algo de lo que a\u00fan estamos lejos\u00bb, declar\u00f3 L\u00f3pez.<\/p>\n","protected":false},"excerpt":{"rendered":"<p>La Uni\u00f3n de Trabajadores de la Educaci\u00f3n (UTE) y la Asociaci\u00f3n Docente de Ense\u00f1anza Media y Superior (Ademys) rechazaron la propuesta de incremento salarial para los docentes porte\u00f1os y se abri\u00f3 un cuarto intermedio en donde el gobierno porte\u00f1o \u00absuponemos que mejorar\u00e1 la oferta\u00bb, informaron fuentes sindicales. Representantes de ambos sindicatos manifestaron el rechazo a&hellip;<\/p>\n","protected":false},"author":1,"featured_media":0,"comment_status":"open","ping_status":"open","sticky":false,"template":"","format":"standard","meta":{"footnotes":""},"categories":[16],"tags":[496,357,497,375,2219,803,777],"class_list":["post-12610","post","type-post","status-publish","format-standard","hentry","category-gremiales","tag-ademys","tag-aumento","tag-docentes","tag-gobierno","tag-porteno","tag-salarios","tag-ute"],"_links":{"self":[{"href":"https:\/\/www.elsindical.com.ar\/notas\/wp-json\/wp\/v2\/posts\/12610","targetHints":{"allow":["GET"]}}],"collection":[{"href":"https:\/\/www.elsindical.com.ar\/notas\/wp-json\/wp\/v2\/posts"}],"about":[{"href":"https:\/\/www.elsindical.com.ar\/notas\/wp-json\/wp\/v2\/types\/post"}],"author":[{"embeddable":true,"href":"https:\/\/www.elsindical.com.ar\/notas\/wp-json\/wp\/v2\/users\/1"}],"replies":[{"embeddable":true,"href":"https:\/\/www.elsindical.com.ar\/notas\/wp-json\/wp\/v2\/comments?post=12610"}],"version-history":[{"count":1,"href":"https:\/\/www.elsindical.com.ar\/notas\/wp-json\/wp\/v2\/posts\/12610\/revisions"}],"predecessor-version":[{"id":12611,"href":"https:\/\/www.elsindical.com.ar\/notas\/wp-json\/wp\/v2\/posts\/12610\/revisions\/12611"}],"wp:attachment":[{"href":"https:\/\/www.elsindical.com.ar\/notas\/wp-json\/wp\/v2\/media?parent=12610"}],"wp:term":[{"taxonomy":"category","embeddable":true,"href":"https:\/\/www.elsindical.com.ar\/notas\/wp-json\/wp\/v2\/categories?post=12610"},{"taxonomy":"post_tag","embeddable":true,"href":"https:\/\/www.elsindical.com.ar\/notas\/wp-json\/wp\/v2\/tags?post=12610"}],"curies":[{"name":"wp","href":"https:\/\/api.w.org\/{rel}","templated":true}]}}