{"id":126094,"date":"2023-10-23T15:48:37","date_gmt":"2023-10-23T18:48:37","guid":{"rendered":"https:\/\/www.elsindical.com.ar\/notas\/?p=126094"},"modified":"2023-10-23T15:48:38","modified_gmt":"2023-10-23T18:48:38","slug":"cerraran-cuentas-de-titulares-de-potenciar-trabajo","status":"publish","type":"post","link":"https:\/\/www.elsindical.com.ar\/notas\/cerraran-cuentas-de-titulares-de-potenciar-trabajo\/","title":{"rendered":"Cerrar\u00e1n cuentas de titulares de Potenciar Trabajo"},"content":{"rendered":"<div class=\"wp-block-image\">\n<figure class=\"aligncenter size-full\"><a href=\"https:\/\/www.elsindical.com.ar\/notas\/var\/www\/html\/notas\/wp-content\/uploads\/2023\/10\/potenciar-trabajo.jpg\"><img loading=\"lazy\" decoding=\"async\" width=\"800\" height=\"450\" src=\"https:\/\/www.elsindical.com.ar\/notas\/var\/www\/html\/notas\/wp-content\/uploads\/2023\/10\/potenciar-trabajo.jpg\" alt=\"\" class=\"wp-image-126095\" srcset=\"https:\/\/www.elsindical.com.ar\/notas\/var\/www\/html\/notas\/wp-content\/uploads\/2023\/10\/potenciar-trabajo.jpg 800w, https:\/\/www.elsindical.com.ar\/notas\/var\/www\/html\/notas\/wp-content\/uploads\/2023\/10\/potenciar-trabajo-300x169.jpg 300w, https:\/\/www.elsindical.com.ar\/notas\/var\/www\/html\/notas\/wp-content\/uploads\/2023\/10\/potenciar-trabajo-768x432.jpg 768w, https:\/\/www.elsindical.com.ar\/notas\/var\/www\/html\/notas\/wp-content\/uploads\/2023\/10\/potenciar-trabajo-500x281.jpg 500w, https:\/\/www.elsindical.com.ar\/notas\/var\/www\/html\/notas\/wp-content\/uploads\/2023\/10\/potenciar-trabajo-460x260.jpg 460w\" sizes=\"auto, (max-width: 800px) 100vw, 800px\" \/><\/a><\/figure>\n<\/div>\n\n\n<p class=\"wp-block-paragraph\">Lo anunci\u00f3 el Ministerio de Desarrollo y es porque no registraron movimientos entre marzo y julio.<\/p>\n\n\n\n<p class=\"wp-block-paragraph\">El Ministerio de Desarrollo Social instruy\u00f3 a su Secretar\u00eda de Gesti\u00f3n Administrativa para que notifique el <strong>cierre de 144.424 cuentas bancarias de titulares del Plan Potenciar Trabajo<\/strong>. Es porque no registraron movimiento alguno entre marzo y julio de este a\u00f1o.<\/p>\n\n\n\n<p class=\"wp-block-paragraph\">La <a href=\"https:\/\/www.boletinoficial.gob.ar\/seccion\/primera\">medida <\/a>es en cumplimiento con lo establecido en el Convenio Espec\u00edfico de Colaboraci\u00f3n entre el Ministerio y el Banco de la Naci\u00f3n Argentina (BNA).<\/p>\n\n\n\n<p class=\"wp-block-paragraph\"><strong>Se comprob\u00f3 que \u201cexiste un total de 144.424 cuentas susceptibles de ser cerradas por no registrar acreditaciones ni saldo en los 90 d\u00edas previos a la fecha de corte del informe\u201d.<\/strong><\/p>\n\n\n\n<p class=\"wp-block-paragraph\">\u201cLas cuentas bancarias respecto de las cuales se solicitar\u00e1 su cierre son aquellas que, habiendo sido abiertas en el marco de un programa de asistencia social o con el objeto de abonar alguna prestaci\u00f3n de dicha \u00edndole, ya no se encuentran vinculadas a aquellos o destinadas a ese tipo de acreditaciones por parte de este Ministerio de Desarrollo Social ni hayan registrado acreditaciones de dicha \u00edndole en los \u00faltimos 90 d\u00edas\u201d, se explic\u00f3.<\/p>\n\n\n\n<p class=\"wp-block-paragraph\">La cartera encabezada por Victoria Tolosa Paz aclar\u00f3 que ello <strong>\u201cno implica que el Banco Naci\u00f3n contin\u00fae su relaci\u00f3n con los Titulares de Derecho con la finalidad de cumplir con la inclusi\u00f3n financiera\u201d<\/strong>.<\/p>\n\n\n\n<p class=\"wp-block-paragraph\">La n\u00f3mina de los titulares (con nombre, apellido, DNI, CUIT, n\u00famero de cuenta y CBU) est\u00e1n detallados en cinco anexos de un total de 2.331 p\u00e1ginas que acompa\u00f1an a la resoluci\u00f3n.<\/p>\n\n\n\n<p class=\"wp-block-paragraph\">Las personas all\u00ed mencionadas cuentan con un plazo de 5 d\u00edas \u201ca los fines que manifiesten ante la autoridad bancaria su voluntad de mantener abiertas las cuentas, asumiendo la titularidad exclusiva respecto de aquellas\u201d, se agreg\u00f3.<\/p>\n","protected":false},"excerpt":{"rendered":"<p>Lo anunci\u00f3 el Ministerio de Desarrollo y es porque no registraron movimientos entre marzo y julio. El Ministerio de Desarrollo Social instruy\u00f3 a su Secretar\u00eda de Gesti\u00f3n Administrativa para que notifique el cierre de 144.424 cuentas bancarias de titulares del Plan Potenciar Trabajo. Es porque no registraron movimiento alguno entre marzo y julio de este&hellip;<\/p>\n","protected":false},"author":1,"featured_media":126095,"comment_status":"open","ping_status":"open","sticky":false,"template":"","format":"standard","meta":{"footnotes":""},"categories":[13],"tags":[22561,41408,2450,8945,38410],"class_list":["post-126094","post","type-post","status-publish","format-standard","has-post-thumbnail","hentry","category-politica","tag-bna","tag-cuentas-potenciar-trabajo","tag-diario-el-sindical","tag-ministerio-de-desarrollo","tag-victoria-tolosa-paz"],"_links":{"self":[{"href":"https:\/\/www.elsindical.com.ar\/notas\/wp-json\/wp\/v2\/posts\/126094","targetHints":{"allow":["GET"]}}],"collection":[{"href":"https:\/\/www.elsindical.com.ar\/notas\/wp-json\/wp\/v2\/posts"}],"about":[{"href":"https:\/\/www.elsindical.com.ar\/notas\/wp-json\/wp\/v2\/types\/post"}],"author":[{"embeddable":true,"href":"https:\/\/www.elsindical.com.ar\/notas\/wp-json\/wp\/v2\/users\/1"}],"replies":[{"embeddable":true,"href":"https:\/\/www.elsindical.com.ar\/notas\/wp-json\/wp\/v2\/comments?post=126094"}],"version-history":[{"count":1,"href":"https:\/\/www.elsindical.com.ar\/notas\/wp-json\/wp\/v2\/posts\/126094\/revisions"}],"predecessor-version":[{"id":126096,"href":"https:\/\/www.elsindical.com.ar\/notas\/wp-json\/wp\/v2\/posts\/126094\/revisions\/126096"}],"wp:featuredmedia":[{"embeddable":true,"href":"https:\/\/www.elsindical.com.ar\/notas\/wp-json\/wp\/v2\/media\/126095"}],"wp:attachment":[{"href":"https:\/\/www.elsindical.com.ar\/notas\/wp-json\/wp\/v2\/media?parent=126094"}],"wp:term":[{"taxonomy":"category","embeddable":true,"href":"https:\/\/www.elsindical.com.ar\/notas\/wp-json\/wp\/v2\/categories?post=126094"},{"taxonomy":"post_tag","embeddable":true,"href":"https:\/\/www.elsindical.com.ar\/notas\/wp-json\/wp\/v2\/tags?post=126094"}],"curies":[{"name":"wp","href":"https:\/\/api.w.org\/{rel}","templated":true}]}}