{"id":126065,"date":"2023-10-21T10:05:33","date_gmt":"2023-10-21T13:05:33","guid":{"rendered":"https:\/\/www.elsindical.com.ar\/notas\/?p=126065"},"modified":"2023-10-21T10:05:34","modified_gmt":"2023-10-21T13:05:34","slug":"elecciones-2023-el-chat-para-que-las-personas-con-discapacidad-realicen-consultas","status":"publish","type":"post","link":"https:\/\/www.elsindical.com.ar\/notas\/elecciones-2023-el-chat-para-que-las-personas-con-discapacidad-realicen-consultas\/","title":{"rendered":"Elecciones 2023: el chat para que las personas con discapacidad realicen consultas"},"content":{"rendered":"\n<figure class=\"wp-block-image size-large\"><a href=\"https:\/\/www.elsindical.com.ar\/notas\/var\/www\/html\/notas\/wp-content\/uploads\/2023\/10\/discapacidad-elecciones.jpg\"><img loading=\"lazy\" decoding=\"async\" width=\"1024\" height=\"576\" src=\"https:\/\/www.elsindical.com.ar\/notas\/var\/www\/html\/notas\/wp-content\/uploads\/2023\/10\/discapacidad-elecciones-1024x576.jpg\" alt=\"\" class=\"wp-image-126066\" srcset=\"https:\/\/www.elsindical.com.ar\/notas\/var\/www\/html\/notas\/wp-content\/uploads\/2023\/10\/discapacidad-elecciones-1024x576.jpg 1024w, https:\/\/www.elsindical.com.ar\/notas\/var\/www\/html\/notas\/wp-content\/uploads\/2023\/10\/discapacidad-elecciones-300x169.jpg 300w, https:\/\/www.elsindical.com.ar\/notas\/var\/www\/html\/notas\/wp-content\/uploads\/2023\/10\/discapacidad-elecciones-768x432.jpg 768w, https:\/\/www.elsindical.com.ar\/notas\/var\/www\/html\/notas\/wp-content\/uploads\/2023\/10\/discapacidad-elecciones-500x281.jpg 500w, https:\/\/www.elsindical.com.ar\/notas\/var\/www\/html\/notas\/wp-content\/uploads\/2023\/10\/discapacidad-elecciones-460x260.jpg 460w, https:\/\/www.elsindical.com.ar\/notas\/var\/www\/html\/notas\/wp-content\/uploads\/2023\/10\/discapacidad-elecciones.jpg 1200w\" sizes=\"auto, (max-width: 1024px) 100vw, 1024px\" \/><\/a><\/figure>\n\n\n\n<p>Las personas con discapacidad cuentan con un chat virtual para consultar sobre las elecciones 2023 y el voto accesible.<\/p>\n\n\n\n<p>Ante las elecciones generales 2023 que se desarrollar\u00e1n este domingo, la <a href=\"https:\/\/www.argentina.gob.ar\/andis\">Agencia Nacional de Discapacidad (ANDIS)<\/a> record\u00f3 que <strong>las personas con discapacidad tienen derecho al voto<\/strong> como toda la ciudadan\u00eda argentina.<\/p>\n\n\n\n<p>Para ayudar en la concreci\u00f3n de ese derecho puso a disposici\u00f3n <strong>un chat en el que se pueden realizar consultas y pedir informaci\u00f3n: <\/strong>el Servicio de Atenci\u00f3n a la Comunidad sobre Estrategias de Accesibilidad Electoral, en la que se puede encontrar informaci\u00f3n referida al <strong>voto accesible, realizar consultas respecto de los procesos electorales, y dar aviso sobre barreras que se encuentren el d\u00eda de los comicios<\/strong>, entre otras herramientas.<\/p>\n\n\n\n<p>Este chat fue un trabajo en conjunto de la ANDIS con la C\u00e1mara Nacional Electoral (CNE) y la Direcci\u00f3n Nacional Electoral (DINE).<\/p>\n\n\n\n<p>La Acci\u00f3n Nacional por el Voto Accesible (ANVA) tiene por objetivo la promoci\u00f3n del ejercicio del <strong>derecho a la participaci\u00f3n pol\u00edtica de las personas con discapacidad <\/strong>contemplado en el art\u00edculo 29 de la Convenci\u00f3n sobre los Derechos de las Personas con Discapacidad.<\/p>\n\n\n\n<h2 class=\"wp-block-heading\">C\u00f3mo funciona el chat para personas con discapacidad<\/h2>\n\n\n\n<p>El servicio de atenci\u00f3n a la comunidad puede utilizarse desde cualquier dispositivo electr\u00f3nico siguiendo los pasos que indica el propio sistema, tanto autom\u00e1tico como de respuesta personal, y s<strong>e puede ingresar haciendo <a href=\"http:\/\/bit.ly\/voto-accesible\">click en este enlace<\/a> <\/strong>o realizar consultas por correo a <a href=\"mailto:votoaccesible@andis.gob.ar\">votoaccesible@andis.gob.ar<\/a>.<\/p>\n\n\n\n<p>Al momento de ingresar al <a href=\"https:\/\/www.votoaccesible.ar\/\"><strong>sitio web Voto Accesible<\/strong><\/a>, se abre un chat autom\u00e1ticamente donde la persona usuaria puede seleccionar una de las siguientes opciones:<\/p>\n\n\n\n<ul class=\"wp-block-list\">\n<li>Informar barrera o dificultad al votar.<\/li>\n\n\n\n<li>Hacer una consulta.<\/li>\n\n\n\n<li>Servicio de interpretaci\u00f3n en lengua de Se\u00f1as Argentina (LSA).<\/li>\n\n\n\n<li>Acerca de la accesibilidad.<\/li>\n\n\n\n<li>Medidas de accesibilidad electoral.<\/li>\n\n\n\n<li>Autoridades de mesa, delegados, comando electoral.<\/li>\n\n\n\n<li>Acompa\u00f1amiento c\u00edvico electoral.<\/li>\n<\/ul>\n\n\n\n<h2 class=\"wp-block-heading\">\u00bfQu\u00e9 es la accesibilidad electoral?<\/h2>\n\n\n\n<p>Tal como explica el <a href=\"https:\/\/www.argentina.gob.ar\/justicia\/derechofacil\/leysimple\/voto-accesible\">Ministerio de Justicia y Derechos Humanos<\/a> se trata de <strong>quitar las barreras que impiden a personas con discapacidad participar en las elecciones y ejercer su derecho a votar<\/strong>.<\/p>\n\n\n\n<p>Algunas de ellas son:<\/p>\n\n\n\n<ul class=\"wp-block-list\">\n<li>Que los edificios donde se vota tengan <strong>rampas<\/strong> que permitan el acceso y el desplazamiento.<\/li>\n\n\n\n<li>Que las indicaciones sean claras y <strong>haya dispositivos que permitan que las personas con discapacidad visual las conozcan.<\/strong><\/li>\n\n\n\n<li>Que las <strong>autoridades de mesa est\u00e9n capacitadas para dar los apoyos <\/strong>que requieran las personas con discapacidad.<\/li>\n\n\n\n<li><strong>Prioridad de voto<\/strong>: para evitar largas filas o permanecer en lugares concurridos.<\/li>\n\n\n\n<li><strong>Cuarto oscuro accesible<\/strong>: es un cuarto paa ingresar a votar f\u00e1cil y r\u00e1pidamente.<\/li>\n\n\n\n<li><strong>Interpretaci\u00f3n en Lengua de Se\u00f1as Argentina (LSA<\/strong>): con una videollamada pod\u00e9s recibir asesoramiento el d\u00eda de la votaci\u00f3n.<\/li>\n\n\n\n<li><strong>Perro de asistencia<\/strong>: no son mascotas, son un apoyo necesario para las personas con discapacidad visual.<\/li>\n\n\n\n<li><strong>Voto asistido: <\/strong>una persona de tu confianza o una autoridad de mesa puede acompa\u00f1ar a la persona con discapacidad.<\/li>\n\n\n\n<li><strong>Plantilla gu\u00eda<\/strong>: para facilitar la firma del padr\u00f3n.<\/li>\n<\/ul>\n","protected":false},"excerpt":{"rendered":"<p>Las personas con discapacidad cuentan con un chat virtual para consultar sobre las elecciones 2023 y el voto accesible. Ante las elecciones generales 2023 que se desarrollar\u00e1n este domingo, la Agencia Nacional de Discapacidad (ANDIS) record\u00f3 que las personas con discapacidad tienen derecho al voto como toda la ciudadan\u00eda argentina. Para ayudar en la concreci\u00f3n&hellip;<\/p>\n","protected":false},"author":1,"featured_media":126066,"comment_status":"open","ping_status":"open","sticky":false,"template":"","format":"standard","meta":{"footnotes":""},"categories":[13],"tags":[218,5997,2450,272,34260],"class_list":["post-126065","post","type-post","status-publish","format-standard","has-post-thumbnail","hentry","category-politica","tag-chat","tag-consultas","tag-diario-el-sindical","tag-discapacidad","tag-elecciones-2023"],"_links":{"self":[{"href":"https:\/\/www.elsindical.com.ar\/notas\/wp-json\/wp\/v2\/posts\/126065","targetHints":{"allow":["GET"]}}],"collection":[{"href":"https:\/\/www.elsindical.com.ar\/notas\/wp-json\/wp\/v2\/posts"}],"about":[{"href":"https:\/\/www.elsindical.com.ar\/notas\/wp-json\/wp\/v2\/types\/post"}],"author":[{"embeddable":true,"href":"https:\/\/www.elsindical.com.ar\/notas\/wp-json\/wp\/v2\/users\/1"}],"replies":[{"embeddable":true,"href":"https:\/\/www.elsindical.com.ar\/notas\/wp-json\/wp\/v2\/comments?post=126065"}],"version-history":[{"count":1,"href":"https:\/\/www.elsindical.com.ar\/notas\/wp-json\/wp\/v2\/posts\/126065\/revisions"}],"predecessor-version":[{"id":126067,"href":"https:\/\/www.elsindical.com.ar\/notas\/wp-json\/wp\/v2\/posts\/126065\/revisions\/126067"}],"wp:featuredmedia":[{"embeddable":true,"href":"https:\/\/www.elsindical.com.ar\/notas\/wp-json\/wp\/v2\/media\/126066"}],"wp:attachment":[{"href":"https:\/\/www.elsindical.com.ar\/notas\/wp-json\/wp\/v2\/media?parent=126065"}],"wp:term":[{"taxonomy":"category","embeddable":true,"href":"https:\/\/www.elsindical.com.ar\/notas\/wp-json\/wp\/v2\/categories?post=126065"},{"taxonomy":"post_tag","embeddable":true,"href":"https:\/\/www.elsindical.com.ar\/notas\/wp-json\/wp\/v2\/tags?post=126065"}],"curies":[{"name":"wp","href":"https:\/\/api.w.org\/{rel}","templated":true}]}}