{"id":126043,"date":"2023-10-19T21:15:32","date_gmt":"2023-10-20T00:15:32","guid":{"rendered":"https:\/\/www.elsindical.com.ar\/notas\/?p=126043"},"modified":"2023-10-19T21:15:33","modified_gmt":"2023-10-20T00:15:33","slug":"farmacias-bonaerenses-denuncian-faltante-de-medicamentos","status":"publish","type":"post","link":"https:\/\/www.elsindical.com.ar\/notas\/farmacias-bonaerenses-denuncian-faltante-de-medicamentos\/","title":{"rendered":"Farmacias bonaerenses denuncian faltante de medicamentos"},"content":{"rendered":"<div class=\"wp-block-image\">\n<figure class=\"aligncenter size-full is-resized\"><a href=\"https:\/\/www.elsindical.com.ar\/notas\/var\/www\/html\/notas\/wp-content\/uploads\/2019\/09\/medicamentos-gen\u00e9ricos.jpg\"><img loading=\"lazy\" decoding=\"async\" width=\"645\" height=\"429\" src=\"https:\/\/www.elsindical.com.ar\/notas\/var\/www\/html\/notas\/wp-content\/uploads\/2019\/09\/medicamentos-gen\u00e9ricos.jpg\" alt=\"\" class=\"wp-image-90065\" style=\"aspect-ratio:1.5034965034965035;width:735px;height:auto\" srcset=\"https:\/\/www.elsindical.com.ar\/notas\/var\/www\/html\/notas\/wp-content\/uploads\/2019\/09\/medicamentos-gen\u00e9ricos.jpg 645w, https:\/\/www.elsindical.com.ar\/notas\/var\/www\/html\/notas\/wp-content\/uploads\/2019\/09\/medicamentos-gen\u00e9ricos-300x200.jpg 300w, https:\/\/www.elsindical.com.ar\/notas\/var\/www\/html\/notas\/wp-content\/uploads\/2019\/09\/medicamentos-gen\u00e9ricos-451x300.jpg 451w\" sizes=\"auto, (max-width: 645px) 100vw, 645px\" \/><\/a><\/figure>\n<\/div>\n\n\n<p>El Colegio de Farmac\u00e9uticos de la provincia de Buenos Aires responsabiliz\u00f3 a laboratorios y droguer\u00edas por la escasez en la provisi\u00f3n. \u201cNo podemos garantizar la prestaci\u00f3n del servicio\u201d, advirtieron.<\/p>\n\n\n\n<p>Las farmacias de la provincia de Buenos Aires, advirtieron hoy acerca de la <strong>falta de provisi\u00f3n de medicamentos desde los laboratorios y droguer\u00edas <\/strong>y pusieron en duda la prestaci\u00f3n de sus servicios.<\/p>\n\n\n\n<p>\u201cLas entidades farmac\u00e9uticas de la provincia de Buenos Aires estamos advirtiendo a la opini\u00f3n p\u00fablica sobre la <strong>falta de entrega de medicamentos en varias presentaciones y marcas<\/strong> desde comienzos de esta semana, por parte de los laboratorios y droguer\u00edas que nos proveen\u201d, inform\u00f3 un comunicado del Colegio de Farmac\u00e9uticos de la provincia de Buenos Aires.<\/p>\n\n\n\n<p>En se sentido, indicaron que diferentes distribuidoras \u201cest\u00e1n cambiando los circuitos de reposici\u00f3n de medicamentos e <strong>imponen nuevas condiciones comerciales que afectan el servicio farmac\u00e9utico y el tratamiento <\/strong>de los pacientes\u201d.<\/p>\n\n\n\n<p>\u201cEsta situaci\u00f3n tiene un <strong>impacto sanitario y econ\u00f3mico severo, ya que las farmacias pueden reponer cada vez menos medicamentos <\/strong>debido a los extensos plazos con los que cobramos de las obras sociales y prepagas\u201d, alert\u00f3 la entidad que nuclea a las farmacias del territorio bonaerense.<\/p>\n\n\n\n<p>Sobre este punto, subrayaron que adem\u00e1s del \u201caumento de precios, la escasez de marcas y presentaciones, ahora padecemos las <strong>limitaciones que nos imponen las droguer\u00edas a la hora de reponer los medicamentos <\/strong>que dispensamos durante el d\u00eda\u201d.<\/p>\n\n\n\n<p>Y sentenciaron: \u201cEn este marco, <strong>las farmacias no podemos garantizar la prestaci\u00f3n <\/strong>del servicio\u201d.<\/p>\n","protected":false},"excerpt":{"rendered":"<p>El Colegio de Farmac\u00e9uticos de la provincia de Buenos Aires responsabiliz\u00f3 a laboratorios y droguer\u00edas por la escasez en la provisi\u00f3n. \u201cNo podemos garantizar la prestaci\u00f3n del servicio\u201d, advirtieron. Las farmacias de la provincia de Buenos Aires, advirtieron hoy acerca de la falta de provisi\u00f3n de medicamentos desde los laboratorios y droguer\u00edas y pusieron en&hellip;<\/p>\n","protected":false},"author":1,"featured_media":90065,"comment_status":"open","ping_status":"open","sticky":false,"template":"","format":"standard","meta":{"footnotes":""},"categories":[6,23],"tags":[154,41396,2450,41395,44,16396],"class_list":["post-126043","post","type-post","status-publish","format-standard","has-post-thumbnail","hentry","category-denuncias","category-salud","tag-buenos-aires","tag-colegio-de-farmaceuticos-de-la-provincia-de-buenos-aires-2","tag-diario-el-sindical","tag-farmacias-bonaerenses","tag-medicamentos","tag-pba"],"_links":{"self":[{"href":"https:\/\/www.elsindical.com.ar\/notas\/wp-json\/wp\/v2\/posts\/126043","targetHints":{"allow":["GET"]}}],"collection":[{"href":"https:\/\/www.elsindical.com.ar\/notas\/wp-json\/wp\/v2\/posts"}],"about":[{"href":"https:\/\/www.elsindical.com.ar\/notas\/wp-json\/wp\/v2\/types\/post"}],"author":[{"embeddable":true,"href":"https:\/\/www.elsindical.com.ar\/notas\/wp-json\/wp\/v2\/users\/1"}],"replies":[{"embeddable":true,"href":"https:\/\/www.elsindical.com.ar\/notas\/wp-json\/wp\/v2\/comments?post=126043"}],"version-history":[{"count":1,"href":"https:\/\/www.elsindical.com.ar\/notas\/wp-json\/wp\/v2\/posts\/126043\/revisions"}],"predecessor-version":[{"id":126044,"href":"https:\/\/www.elsindical.com.ar\/notas\/wp-json\/wp\/v2\/posts\/126043\/revisions\/126044"}],"wp:featuredmedia":[{"embeddable":true,"href":"https:\/\/www.elsindical.com.ar\/notas\/wp-json\/wp\/v2\/media\/90065"}],"wp:attachment":[{"href":"https:\/\/www.elsindical.com.ar\/notas\/wp-json\/wp\/v2\/media?parent=126043"}],"wp:term":[{"taxonomy":"category","embeddable":true,"href":"https:\/\/www.elsindical.com.ar\/notas\/wp-json\/wp\/v2\/categories?post=126043"},{"taxonomy":"post_tag","embeddable":true,"href":"https:\/\/www.elsindical.com.ar\/notas\/wp-json\/wp\/v2\/tags?post=126043"}],"curies":[{"name":"wp","href":"https:\/\/api.w.org\/{rel}","templated":true}]}}