{"id":126023,"date":"2023-10-18T02:32:34","date_gmt":"2023-10-18T05:32:34","guid":{"rendered":"https:\/\/www.elsindical.com.ar\/notas\/?p=126023"},"modified":"2023-10-18T02:32:35","modified_gmt":"2023-10-18T05:32:35","slug":"efemerides-del-dia-18-de-octubre-9","status":"publish","type":"post","link":"https:\/\/www.elsindical.com.ar\/notas\/efemerides-del-dia-18-de-octubre-9\/","title":{"rendered":"EFEM\u00c9RIDES: DEL D\u00cdA 18 DE OCTUBRE"},"content":{"rendered":"\n<p>\u2013 D\u00eda de la Protecci\u00f3n de la Naturaleza<\/p>\n\n\n\n<p>1009 \u2013 La iglesia del Santo Sepulcro en Jerusal\u00e9n es destruida por el califa Hus\u00e9in al-Hakim Bi-Amrillah.<\/p>\n\n\n\n<p>1685 \u2013 Luis XIV revoca el Edicto de Nantes, que proteg\u00eda a los franceses protestantes.<\/p>\n\n\n\n<p>1801 \u2013 Nace Justo Jos\u00e9 de Urquiza, pol\u00edtico y militar argentino.<\/p>\n\n\n\n<p>1862 \u2013 Bartolom\u00e9 Mitre nombra la primera Corte Suprema de Justicia argentina.<\/p>\n\n\n\n<p>1867 \u2013 Estados Unidos compra a Rusia el territorio de Alaska por 7,2 millones de d\u00f3lares.<\/p>\n\n\n\n<p>1869 \u2013 Aparece en Buenos Aires el diario \u00abLa Prensa\u00bb.<\/p>\n\n\n\n<p>1871 \u2013 Muere Charles Babbage, matem\u00e1tico e inventor ingl\u00e9s.<\/p>\n\n\n\n<p>1872 \u2013 Se funda la ciudad de Posadas (provincia de Misiones, Argentina).<\/p>\n\n\n\n<p>1882 \u2013 Se crea el Observatorio Astron\u00f3mico de La Plata, en Argentina.<\/p>\n\n\n\n<p>1884 \u2013 El gobierno de Julio A. Roca expulsa al embajador del Vaticano, el nuncio apost\u00f3lico Luis Matera, por su pronunciamiento contra la educaci\u00f3n laica.<\/p>\n\n\n\n<p>1892 \u2013 Se inaugura la primera l\u00ednea telef\u00f3nica interurbana establecida en el mundo, entre Nueva York y Chicago.<\/p>\n\n\n\n<p>1893 \u2013 Muere Charles Francois Gounod, compositor franc\u00e9s.<\/p>\n\n\n\n<p>1898 \u2013 Se iza en San Juan de Puerto Rico la bandera de los Estados Unidos, una vez perdida la isla para Espa\u00f1a.<\/p>\n\n\n\n<p>1901 \u2013 Fundaci\u00f3n de la Biblioteca Nacional de La Habana por el gobernador estadounidense de Cuba, Leonard Wood.<\/p>\n\n\n\n<p>1909 \u2013 Nace Norberto Bobbio, fil\u00f3sofo y senador italiano.<\/p>\n\n\n\n<p>1911 \u2013 Muere Alfred Binet, psic\u00f3logo franc\u00e9s, inventor de los test de inteligencia.<\/p>\n\n\n\n<p>1912 \u2013 Se firma en Lausanne (Suiza) el tratado que pone fin a la guerra entre Italia y Turqu\u00eda.<\/p>\n\n\n\n<p>1922 \u2013 Se establece la British Broadcasting Corporation (BBC).<\/p>\n\n\n\n<p>1926 \u2013 Nace Chuck Berry, cantante, autor y guitarrista estadounidense.<\/p>\n\n\n\n<p>1929 \u2013 Nace Violeta Barrios de Chamorro, pol\u00edtica nicaraguense.<\/p>\n\n\n\n<p>1931 \u2013 Muere Thomas Alva Edison, inventor estadounidense.<\/p>\n\n\n\n<p>1939 \u2013 Nace Lee Harvey Oswald, estadounidense, acusado del asesinato de John F. Kennedy.<\/p>\n\n\n\n<p>1945 \u2013 Es derrocado el presidente venezolano, Isa\u00edas Medina Angarita.<\/p>\n\n\n\n<p>1947 \u2013 Nace Antonio Tarrag\u00f3 Ros, m\u00fasico argentino.<\/p>\n\n\n\n<p>1955 \u2013 Muere Jos\u00e9 Ortega y Gasset, fil\u00f3sofo y escritor espa\u00f1ol.<\/p>\n\n\n\n<p>1956 \u2013 Nace Martina Navratilova, tenista checa nacionalizada estadounidense.<\/p>\n\n\n\n<p>1959 \u2013 La estaci\u00f3n sovi\u00e9tica \u00abLunik III\u00bb transmite fotograf\u00edas de la cara oculta de la Luna.<\/p>\n\n\n\n<p>1961 \u2013 Nace Wynton Marsalis, m\u00fasico de jazz estadounidense.<\/p>\n\n\n\n<p>1965 \u2013 Nace Andrea del Boca, actriz argentina.<\/p>\n\n\n\n<p>1970 \u2013 Krim Belkacem, ex jefe del FLN argelino y opositor al r\u00e9gimen del coronel Boumedien, aparece asesinado en un hotel de Frankfurt (Alemania).<\/p>\n\n\n\n<p>1977 \u2013 Nace Emanuel Ortega, cantante y actor argentino.<\/p>\n\n\n\n<p>1984 \u2013 Argentina y Chile firman en El Vaticano el compromiso que pone fin a la disputa hist\u00f3rica sobre el canal de Beagle.<\/p>\n\n\n\n<p>1987 \u2013 Nace Zac Efron, actor y cantante estadounidense.<\/p>\n\n\n\n<p>1988 \u2013 El hurac\u00e1n \u00abJuana\u00bb causa cinco muertos y cerca de 5.000 damnificados en Colombia, as\u00ed como 50 muertos 140 desaparecidos y m\u00e1s de 200.000 damnificados en Nicaragua.<\/p>\n\n\n\n<p>1989 \u2013 Renuncia de sus cargos Erich Honecker, presidente de la Rep\u00fablica Democr\u00e1tica Alemana y secretario general del partido comunista.<\/p>\n\n\n\n<p>1997 \u2013 El Rey Juan Carlos de Espa\u00f1a inaugura el Museo Gugenheim de Bilbao.<\/p>\n\n\n\n<p>2003 \u2013 Muere Manuel V\u00e1zquez Montalb\u00e1n, escritor espa\u00f1ol.<\/p>\n\n\n\n<p>2007 \u2013 En Argentina se inaugura la L\u00ednea H (Subte de Buenos Aires).<\/p>\n\n\n\n<p>2014 \u2013 Muere Eduardo D\u2019Angelo, actor y humorista uruguayo.<\/p>\n\n\n\n<p>2014 \u2013 Podemos, formaci\u00f3n pol\u00edtica liderada por Pablo Iglesias, celebra su asamblea fundacional como partido.<\/p>\n\n\n\n<p>2017 \u2013 Es encontrado en una zona rural de Cushamen el cad\u00e1ver de Santiago Maldonado, desaparecido durante 78 d\u00edas.<\/p>\n\n\n\n<p>2019 \u2013 En Chile se desatan protestas originadas tras el alza en la tarifa del pasaje del transporte p\u00fablico en la capital del pa\u00eds. Las manifestaciones se prolongan por un a\u00f1o y medio y ponen en jaque el gobierno nacional adem\u00e1s de iniciar una reclamaci\u00f3n de derechos por la ciudadan\u00eda, tales como una nueva Constituci\u00f3n, el fin de las AFP, cambios en los sistemas de salud, educaci\u00f3n, transporte, entre otros.<\/p>\n","protected":false},"excerpt":{"rendered":"<p>\u2013 D\u00eda de la Protecci\u00f3n de la Naturaleza 1009 \u2013 La iglesia del Santo Sepulcro en Jerusal\u00e9n es destruida por el califa Hus\u00e9in al-Hakim Bi-Amrillah. 1685 \u2013 Luis XIV revoca el Edicto de Nantes, que proteg\u00eda a los franceses protestantes. 1801 \u2013 Nace Justo Jos\u00e9 de Urquiza, pol\u00edtico y militar argentino. 1862 \u2013 Bartolom\u00e9 Mitre&hellip;<\/p>\n","protected":false},"author":1,"featured_media":0,"comment_status":"open","ping_status":"open","sticky":false,"template":"","format":"standard","meta":{"footnotes":""},"categories":[14],"tags":[2450,22026],"class_list":["post-126023","post","type-post","status-publish","format-standard","hentry","category-efemerides","tag-diario-el-sindical","tag-efemerides"],"_links":{"self":[{"href":"https:\/\/www.elsindical.com.ar\/notas\/wp-json\/wp\/v2\/posts\/126023","targetHints":{"allow":["GET"]}}],"collection":[{"href":"https:\/\/www.elsindical.com.ar\/notas\/wp-json\/wp\/v2\/posts"}],"about":[{"href":"https:\/\/www.elsindical.com.ar\/notas\/wp-json\/wp\/v2\/types\/post"}],"author":[{"embeddable":true,"href":"https:\/\/www.elsindical.com.ar\/notas\/wp-json\/wp\/v2\/users\/1"}],"replies":[{"embeddable":true,"href":"https:\/\/www.elsindical.com.ar\/notas\/wp-json\/wp\/v2\/comments?post=126023"}],"version-history":[{"count":1,"href":"https:\/\/www.elsindical.com.ar\/notas\/wp-json\/wp\/v2\/posts\/126023\/revisions"}],"predecessor-version":[{"id":126024,"href":"https:\/\/www.elsindical.com.ar\/notas\/wp-json\/wp\/v2\/posts\/126023\/revisions\/126024"}],"wp:attachment":[{"href":"https:\/\/www.elsindical.com.ar\/notas\/wp-json\/wp\/v2\/media?parent=126023"}],"wp:term":[{"taxonomy":"category","embeddable":true,"href":"https:\/\/www.elsindical.com.ar\/notas\/wp-json\/wp\/v2\/categories?post=126023"},{"taxonomy":"post_tag","embeddable":true,"href":"https:\/\/www.elsindical.com.ar\/notas\/wp-json\/wp\/v2\/tags?post=126023"}],"curies":[{"name":"wp","href":"https:\/\/api.w.org\/{rel}","templated":true}]}}