{"id":125991,"date":"2023-10-16T00:46:07","date_gmt":"2023-10-16T03:46:07","guid":{"rendered":"https:\/\/www.elsindical.com.ar\/notas\/?p=125991"},"modified":"2023-10-16T00:46:08","modified_gmt":"2023-10-16T03:46:08","slug":"quilmes-comienza-el-juicio-por-la-desaparicion-y-crimen-de-un-abogado","status":"publish","type":"post","link":"https:\/\/www.elsindical.com.ar\/notas\/quilmes-comienza-el-juicio-por-la-desaparicion-y-crimen-de-un-abogado\/","title":{"rendered":"Quilmes: Comienza el juicio por la desaparici\u00f3n y crimen de un abogado"},"content":{"rendered":"<div class=\"wp-block-image\">\n<figure class=\"aligncenter size-full\"><a href=\"https:\/\/www.elsindical.com.ar\/notas\/var\/www\/html\/notas\/wp-content\/uploads\/2023\/10\/Salvador-Altamura.jpg\"><img loading=\"lazy\" decoding=\"async\" width=\"720\" height=\"492\" src=\"https:\/\/www.elsindical.com.ar\/notas\/var\/www\/html\/notas\/wp-content\/uploads\/2023\/10\/Salvador-Altamura.jpg\" alt=\"\" class=\"wp-image-125992\" srcset=\"https:\/\/www.elsindical.com.ar\/notas\/var\/www\/html\/notas\/wp-content\/uploads\/2023\/10\/Salvador-Altamura.jpg 720w, https:\/\/www.elsindical.com.ar\/notas\/var\/www\/html\/notas\/wp-content\/uploads\/2023\/10\/Salvador-Altamura-300x205.jpg 300w, https:\/\/www.elsindical.com.ar\/notas\/var\/www\/html\/notas\/wp-content\/uploads\/2023\/10\/Salvador-Altamura-439x300.jpg 439w\" sizes=\"auto, (max-width: 720px) 100vw, 720px\" \/><\/a><\/figure>\n<\/div>\n\n\n<p>Un hombre comenzar\u00e1 a ser juzgado el martes pr\u00f3ximo por la desaparici\u00f3n y asesinato del abogado Salvador Altamura, quien fue visto por \u00faltima vez el 13 de julio del 2020 en la localidad bonaerense de Quilmes, por lo que su madre pidi\u00f3 \u00absaber d\u00f3nde est\u00e1 el cuerpo\u00bb de su hijo y que el acusado, que era amigo de la infancia de la v\u00edctima, \u00abreciba la pena que merece\u00bb.<\/p>\n\n\n\n<p>Fuentes judiciales confirmaron a T\u00e9lam que el debate oral comenzar\u00e1 el 17 de octubre pr\u00f3ximo a las 10 y se extender\u00e1 durante cuatro jornadas consecutivas en los Tribunales de Quilmes, ubicados sobre la avenida Hip\u00f3lito Yrigoyen 475 del citado partido del sur del conurbano.<\/p>\n\n\n\n<p>El juicio estar\u00e1 dirigido por el Tribunal Oral en lo Criminal (TOC) 3, compuesto por los jueces Rub\u00e9n Dar\u00edo Hern\u00e1ndez, Alejandro Oscar Portunato y Juli\u00e1n Busteros, y se prev\u00e9 que el 27 de este mes se d\u00e9 a conocer el veredicto.<\/p>\n\n\n\n<p>Est\u00e1 previsto que en la primera jornada declaren familiares directos de la v\u00edctima y en las siguientes audiencias lo hagan amigos y allegados de ambas partes, como tambi\u00e9n polic\u00edas y peritos.<\/p>\n\n\n<div class=\"wp-block-image\">\n<figure class=\"aligncenter size-full is-resized\"><a href=\"https:\/\/www.elsindical.com.ar\/notas\/var\/www\/html\/notas\/wp-content\/uploads\/2023\/10\/Ruben-Dario-Dening.jpg\"><img loading=\"lazy\" decoding=\"async\" width=\"691\" height=\"488\" src=\"https:\/\/www.elsindical.com.ar\/notas\/var\/www\/html\/notas\/wp-content\/uploads\/2023\/10\/Ruben-Dario-Dening.jpg\" alt=\"\" class=\"wp-image-125993\" style=\"aspect-ratio:1.415983606557377;width:725px;height:auto\" srcset=\"https:\/\/www.elsindical.com.ar\/notas\/var\/www\/html\/notas\/wp-content\/uploads\/2023\/10\/Ruben-Dario-Dening.jpg 691w, https:\/\/www.elsindical.com.ar\/notas\/var\/www\/html\/notas\/wp-content\/uploads\/2023\/10\/Ruben-Dario-Dening-300x212.jpg 300w, https:\/\/www.elsindical.com.ar\/notas\/var\/www\/html\/notas\/wp-content\/uploads\/2023\/10\/Ruben-Dario-Dening-425x300.jpg 425w\" sizes=\"auto, (max-width: 691px) 100vw, 691px\" \/><\/a><\/figure>\n<\/div>\n\n\n<p>El acusado es Rub\u00e9n Dar\u00edo Dening (55), quien enfrentar\u00e1 cargos por el delito de \u00abrobo calificado por el empleo de llave verdadera en concurso real con homicidio criminis causa\u00bb en perjuicio de Altamura (48), quien era su amigo de la infancia y fue visto con vida por \u00faltima vez el 13 de julio de 2020, en plena pandemia por el coronavirus.<\/p>\n\n\n\n<p>La principal hip\u00f3tesis de la acusaci\u00f3n es que Dening mat\u00f3 a su amigo para apoderarse de una suma de dinero que guardaba en una caja fuerte de su casa, un monto que no fue fehacientemente determinado en la investigaci\u00f3n.<\/p>\n\n\n\n<p>Para la fiscal Ximena Santoro, de la Unidad Funcional de Instrucci\u00f3n (UFI) 7 de Quilmes, a cargo de la investigaci\u00f3n, otros posibles m\u00f3viles fueron que la expareja de Dening cort\u00f3 su relaci\u00f3n para iniciar un noviazgo con Altamura; que el t\u00edo de \u00e9ste \u00faltimo le ejecut\u00f3 una hipoteca que le gener\u00f3 una p\u00e9rdida de un inmueble al imputado y el pr\u00e9stamo de dos mil d\u00f3lares que \u00e9ste nunca le devolvi\u00f3 al abogado.<\/p>\n\n\n\n<p>Seg\u00fan el expediente, Altamura ten\u00eda en su departamento del centro de Quilmes dos cajas fuertes con dinero en efectivo en pesos y en moneda estadounidense.<\/p>\n\n\n\n<p>Previo al comienzo del juicio, que fue pospuesto varias veces por distintos planteos de la defensa, Norma Wambold, madre de Altamura, confi\u00f3 a T\u00e9lam estar \u00abansiosa\u00bb por el inicio del debate, en el cual el acusado, dijo, \u00abtiene muchas cosas que explicar\u00bb.<\/p>\n\n\n\n<p>\u00abQuiero saber d\u00f3nde est\u00e1 el cuerpo de mi hijo. Me interesa saber d\u00f3nde est\u00e1 mi hijo y espero la pena m\u00e1xima. \u00c9l (por Dening) es el ejecutor de todo esto\u00bb, asegur\u00f3 Norma.<\/p>\n\n\n\n<p>Altamura, quien se desempe\u00f1aba como abogado, era empresario y adem\u00e1s piloto de motocicletas.<\/p>\n\n\n\n<p><strong>Sobre el debate, la madre de la v\u00edctima se\u00f1al\u00f3 que \u00abser\u00e1n cuatro jornadas muy intensas y dif\u00edciles\u00bb, en la que desea \u00abque salga la verdad para saber fundamentalmente que pas\u00f3\u00bb con su hijo.<\/strong><\/p>\n\n\n\n<p>\u00abSabemos el por qu\u00e9, que fue por el robo. Yo sostengo que tuvo ayuda, otros dicen que no, que Dening es ego\u00edsta, perverso, que quer\u00eda pertenecer a la familia Altamura, parecerse a nosotros\u00bb, sostuvo la mujer, quien a\u00f1adi\u00f3 que cree que el el hecho de que el cuerpo de su hijo no haya aparecido es una estrategia del acusado para tratar de ser condenado solo por el robo.<\/p>\n\n\n\n<p>Altamura era abogado pero no ejerc\u00eda la profesi\u00f3n, corr\u00eda en forma amateur carreras de motociclismo, hab\u00eda vendido una empresa de polietileno y polipropileno, y actualmente continuaba con la importaci\u00f3n de las materias primas para ese rubro industrial.<\/p>\n\n\n\n<p>La v\u00edctima fue vista por \u00faltima vez el 13 de julio de 2020, a las 17.08, en las inmediaciones o en el galp\u00f3n situado en la calle Rodr\u00edguez Pe\u00f1a 1210 de la localidad de Bernal, partido de Quilmes, junto al acusado Dening.<\/p>\n\n\n\n<p>En el requerimiento de elevaci\u00f3n a juicio -y al que tuvo acceso T\u00e9lam-, la fiscal Santoro sostuvo que Dening \u00aba fin de preparar su posterior accionar il\u00edcito y con el prop\u00f3sito de lograr su impunidad le dio muerte a Salvador Altamura\u00bb.<\/p>\n\n\n\n<p>Para la fiscal\u00eda, luego de asesinar a su amigo, el acusado tom\u00f3 la motocicleta de la v\u00edctima y se dirigi\u00f3 hacia su departamento, ubicado en la calle 25 de Mayo 217, en pleno centro de Quilmes, donde \u00abse apoder\u00f3 ileg\u00edtimamente de una suma de dinero no especificada y un arma de fuego calibre 9 mil\u00edmetros\u00bb propiedad del abogado.<\/p>\n\n\n\n<p>Una de las pruebas que remarc\u00f3 la fiscal\u00eda fue que luego de la desaparici\u00f3n del abogado, Dening adquiri\u00f3 un televisor, dos celulares y se hall\u00f3 un comprobante de pago para un estudio de abogados por la cifra de cinco mil d\u00f3lares.<\/p>\n\n\n\n<p>Adem\u00e1s, fue clave el testimonio de familiares y amigos de la v\u00edctima, quienes coincidieron que por la contextura f\u00edsica la persona que qued\u00f3 filmada ingresando al departamento de la v\u00edctima la madrugada del 14 de julio de 2020, no era el abogado.<\/p>\n\n\n\n<p><strong>Al respecto, Norma analiz\u00f3 el registr\u00f3 f\u00edlmico y explic\u00f3 que a Dening \u00able gustaba usar ropa ajustada, pero se lo ve con un pantal\u00f3n enorme y campera holgada, para simular el f\u00edsico\u00bb, y as\u00ed los investigadores creyeran que se trataba de Altamura.<\/strong><\/p>\n\n\n\n<p>\u00abTuvo en cuenta muchos detalles, pero una c\u00e1mara lo capta cuando va a descartar los guantes, el casco, el arma de Salvador y una m\u00e1scara que se ajustaba a la cabeza, porque est\u00e1bamos en pandemia\u00bb, indic\u00f3.<\/p>\n\n\n\n<p>Otro detalle que no dej\u00f3 pasar por alto la fiscal Santoro fue que el conductor se equivoc\u00f3 el port\u00f3n de ingreso y egreso del edificio, que seg\u00fan indic\u00f3 en el requerimiento se trat\u00f3 de \u00abuna maniobra para nada usual por parte de los moradores habituales\u00bb.<\/p>\n\n\n\n<p>Al momento de ser detenido, mientras intentaba ingresar en bicicleta a la provincia de Entre R\u00edos, el imputado ten\u00eda en su poder la suma de 386.662 pesos y 31.500 d\u00f3lares, con los que intent\u00f3 sobornar a los efectivos para que lo dejaran libre, y vest\u00eda una campera que era de Altamura.<\/p>\n\n\n\n<p>\u00abLos \u00faltimos meses fueron como una despedida. En su \u00faltimo cumplea\u00f1os nos encontramos en Mendoza, lo pasamos en familia. La \u00faltima vez que lo vimos fue en el cumplea\u00f1os de su hermana, comimos en familia. Ese fin de semana lo pas\u00f3 con la novia y el lunes desapareci\u00f3. Tengo ese recuerdo, cari\u00f1oso, jugando con los sobrinos. Sus amigos a\u00fan lloran cuando hablan de \u00e9l o escuchan alg\u00fan audio en el celular\u00bb, rememor\u00f3 Norma.<\/p>\n\n\n\n<p>La fiscal Santoro desdobl\u00f3 la causa, ya que contin\u00faa con la investigaci\u00f3n para hallar el cuerpo de Altamura.<\/p>\n\n\n\n<p>Desde abril del 2022, el Ministerio de Seguridad bonaerense ofrece una recompensa de entre 2.500.000 y 5.000.000 de pesos para toda persona que aporte informaci\u00f3n fehaciente para encontrar el cuerpo de Altamura.<\/p>\n","protected":false},"excerpt":{"rendered":"<p>Un hombre comenzar\u00e1 a ser juzgado el martes pr\u00f3ximo por la desaparici\u00f3n y asesinato del abogado Salvador Altamura, quien fue visto por \u00faltima vez el 13 de julio del 2020 en la localidad bonaerense de Quilmes, por lo que su madre pidi\u00f3 \u00absaber d\u00f3nde est\u00e1 el cuerpo\u00bb de su hijo y que el acusado, que&hellip;<\/p>\n","protected":false},"author":1,"featured_media":125992,"comment_status":"open","ping_status":"open","sticky":false,"template":"","format":"standard","meta":{"footnotes":""},"categories":[20],"tags":[501,6566,2450,516,41386,41385,33456,20279,41384],"class_list":["post-125991","post","type-post","status-publish","format-standard","has-post-thumbnail","hentry","category-judiciales","tag-abogado","tag-desaparicion","tag-diario-el-sindical","tag-juicio-oral","tag-mejor-amigo","tag-ruben-dario-dening","tag-salvador-altamura","tag-traicion","tag-yoc-3-quilmes"],"_links":{"self":[{"href":"https:\/\/www.elsindical.com.ar\/notas\/wp-json\/wp\/v2\/posts\/125991","targetHints":{"allow":["GET"]}}],"collection":[{"href":"https:\/\/www.elsindical.com.ar\/notas\/wp-json\/wp\/v2\/posts"}],"about":[{"href":"https:\/\/www.elsindical.com.ar\/notas\/wp-json\/wp\/v2\/types\/post"}],"author":[{"embeddable":true,"href":"https:\/\/www.elsindical.com.ar\/notas\/wp-json\/wp\/v2\/users\/1"}],"replies":[{"embeddable":true,"href":"https:\/\/www.elsindical.com.ar\/notas\/wp-json\/wp\/v2\/comments?post=125991"}],"version-history":[{"count":1,"href":"https:\/\/www.elsindical.com.ar\/notas\/wp-json\/wp\/v2\/posts\/125991\/revisions"}],"predecessor-version":[{"id":125994,"href":"https:\/\/www.elsindical.com.ar\/notas\/wp-json\/wp\/v2\/posts\/125991\/revisions\/125994"}],"wp:featuredmedia":[{"embeddable":true,"href":"https:\/\/www.elsindical.com.ar\/notas\/wp-json\/wp\/v2\/media\/125992"}],"wp:attachment":[{"href":"https:\/\/www.elsindical.com.ar\/notas\/wp-json\/wp\/v2\/media?parent=125991"}],"wp:term":[{"taxonomy":"category","embeddable":true,"href":"https:\/\/www.elsindical.com.ar\/notas\/wp-json\/wp\/v2\/categories?post=125991"},{"taxonomy":"post_tag","embeddable":true,"href":"https:\/\/www.elsindical.com.ar\/notas\/wp-json\/wp\/v2\/tags?post=125991"}],"curies":[{"name":"wp","href":"https:\/\/api.w.org\/{rel}","templated":true}]}}