{"id":125964,"date":"2023-10-15T14:38:56","date_gmt":"2023-10-15T17:38:56","guid":{"rendered":"https:\/\/www.elsindical.com.ar\/notas\/?p=125964"},"modified":"2023-10-15T14:38:57","modified_gmt":"2023-10-15T17:38:57","slug":"esteban-echeverria-llevaban-50-millones-en-mercaderia-ilegal-para-vender-en-la-salada-y-terminaron-detenidos","status":"publish","type":"post","link":"https:\/\/www.elsindical.com.ar\/notas\/esteban-echeverria-llevaban-50-millones-en-mercaderia-ilegal-para-vender-en-la-salada-y-terminaron-detenidos\/","title":{"rendered":"Esteban Echeverr\u00eda: Llevaban 50 millones en mercader\u00eda ilegal para vender en La Salada y terminaron detenidos"},"content":{"rendered":"\n<figure class=\"wp-block-image size-full\"><a href=\"https:\/\/www.elsindical.com.ar\/notas\/var\/www\/html\/notas\/wp-content\/uploads\/2023\/10\/mercaderia-ilegal-La-Salada.jpeg\"><img loading=\"lazy\" decoding=\"async\" width=\"1024\" height=\"576\" src=\"https:\/\/www.elsindical.com.ar\/notas\/var\/www\/html\/notas\/wp-content\/uploads\/2023\/10\/mercaderia-ilegal-La-Salada.jpeg\" alt=\"\" class=\"wp-image-125965\" srcset=\"https:\/\/www.elsindical.com.ar\/notas\/var\/www\/html\/notas\/wp-content\/uploads\/2023\/10\/mercaderia-ilegal-La-Salada.jpeg 1024w, https:\/\/www.elsindical.com.ar\/notas\/var\/www\/html\/notas\/wp-content\/uploads\/2023\/10\/mercaderia-ilegal-La-Salada-300x169.jpeg 300w, https:\/\/www.elsindical.com.ar\/notas\/var\/www\/html\/notas\/wp-content\/uploads\/2023\/10\/mercaderia-ilegal-La-Salada-768x432.jpeg 768w, https:\/\/www.elsindical.com.ar\/notas\/var\/www\/html\/notas\/wp-content\/uploads\/2023\/10\/mercaderia-ilegal-La-Salada-500x281.jpeg 500w, https:\/\/www.elsindical.com.ar\/notas\/var\/www\/html\/notas\/wp-content\/uploads\/2023\/10\/mercaderia-ilegal-La-Salada-460x260.jpeg 460w\" sizes=\"auto, (max-width: 1024px) 100vw, 1024px\" \/><\/a><\/figure>\n\n\n\n<p>La Polic\u00eda de la Provincia de Buenos Aires secuestr\u00f3 mercader\u00eda ilegal que iba a ser comercializada en el complejo de ferias de La Salada. Las prendas \u2013 valuadas en cerca de 50 millones de pesos \u2013 eran llevadas en un micro que simulaba transportar pasajeros.<\/p>\n\n\n\n<p>Fuentes policiales informaron la sospecha inicial era que el trasladaba coca\u00edna proveniente de Salta.<\/p>\n\n\n\n<p>Al ingresar a la provincia de Buenos Aires se hizo cargo del seguimiento personal de la divisi\u00f3n Drogas Il\u00edcitas de La Matanza que lo intercept\u00f3 en la localidad de 9 de Abril, en Esteban Echeverr\u00eda, poco antes de que pudiera ingresar a la zona de La Salada en Lomas de Zamora.<\/p>\n\n\n\n<p>La investigaci\u00f3n estuvo a cargo del juez federal de Campana, Adri\u00e1n Gonz\u00e1lez Charbay, y la Secretar\u00eda Penal N\u00ba 2, a cargo de Agust\u00edn Ocampo.<\/p>\n\n\n\n<p><strong>Fuentes policiales detallaron que en el micro se secuestraron un total de 5000 docenas de medias; 2500 pares ojotas tipo Crocs de adulto; 2000 pares ojota tipo Crocs de ni\u00f1o; 1500 pares ojotas tipo chinelas; 3000 docenas de b\u00f3xer para hombres; y vajilla variada. Esa mercader\u00eda fue valuada en cerca de 50 millones de pesos por los investigadores.<\/strong><\/p>\n\n\n\n<p>En el operativo fueron aprehendidas 12 personas que deber\u00e1n declarar en las pr\u00f3ximas horas ante el juez de la causa.<\/p>\n","protected":false},"excerpt":{"rendered":"<p>La Polic\u00eda de la Provincia de Buenos Aires secuestr\u00f3 mercader\u00eda ilegal que iba a ser comercializada en el complejo de ferias de La Salada. Las prendas \u2013 valuadas en cerca de 50 millones de pesos \u2013 eran llevadas en un micro que simulaba transportar pasajeros. Fuentes policiales informaron la sospecha inicial era que el trasladaba&hellip;<\/p>\n","protected":false},"author":1,"featured_media":125965,"comment_status":"open","ping_status":"open","sticky":false,"template":"","format":"standard","meta":{"footnotes":""},"categories":[13],"tags":[37565,41367,2450,41368,34363,10445,749,2562],"class_list":["post-125964","post","type-post","status-publish","format-standard","has-post-thumbnail","hentry","category-politica","tag-lomas-de-zamora-2","tag-9-de-abril","tag-diario-el-sindical","tag-division-drogas-ilicitas-de-la-matanza","tag-esteban-echeveria","tag-juez-federal-adrian-gonzalez-charvay","tag-policia-bonaerense","tag-salta"],"_links":{"self":[{"href":"https:\/\/www.elsindical.com.ar\/notas\/wp-json\/wp\/v2\/posts\/125964","targetHints":{"allow":["GET"]}}],"collection":[{"href":"https:\/\/www.elsindical.com.ar\/notas\/wp-json\/wp\/v2\/posts"}],"about":[{"href":"https:\/\/www.elsindical.com.ar\/notas\/wp-json\/wp\/v2\/types\/post"}],"author":[{"embeddable":true,"href":"https:\/\/www.elsindical.com.ar\/notas\/wp-json\/wp\/v2\/users\/1"}],"replies":[{"embeddable":true,"href":"https:\/\/www.elsindical.com.ar\/notas\/wp-json\/wp\/v2\/comments?post=125964"}],"version-history":[{"count":1,"href":"https:\/\/www.elsindical.com.ar\/notas\/wp-json\/wp\/v2\/posts\/125964\/revisions"}],"predecessor-version":[{"id":125966,"href":"https:\/\/www.elsindical.com.ar\/notas\/wp-json\/wp\/v2\/posts\/125964\/revisions\/125966"}],"wp:featuredmedia":[{"embeddable":true,"href":"https:\/\/www.elsindical.com.ar\/notas\/wp-json\/wp\/v2\/media\/125965"}],"wp:attachment":[{"href":"https:\/\/www.elsindical.com.ar\/notas\/wp-json\/wp\/v2\/media?parent=125964"}],"wp:term":[{"taxonomy":"category","embeddable":true,"href":"https:\/\/www.elsindical.com.ar\/notas\/wp-json\/wp\/v2\/categories?post=125964"},{"taxonomy":"post_tag","embeddable":true,"href":"https:\/\/www.elsindical.com.ar\/notas\/wp-json\/wp\/v2\/tags?post=125964"}],"curies":[{"name":"wp","href":"https:\/\/api.w.org\/{rel}","templated":true}]}}