{"id":12595,"date":"2011-02-21T17:33:20","date_gmt":"2011-02-21T20:33:20","guid":{"rendered":"http:\/\/www.elsindical.com.ar\/notas\/?p=12595"},"modified":"2011-02-21T17:33:20","modified_gmt":"2011-02-21T20:33:20","slug":"detuvieron-a-un-camillero-por-violar-a-una-embarazada-en-el-hospital-cosme-argerich","status":"publish","type":"post","link":"https:\/\/www.elsindical.com.ar\/notas\/detuvieron-a-un-camillero-por-violar-a-una-embarazada-en-el-hospital-cosme-argerich\/","title":{"rendered":"Detuvieron a un camillero por violar a una embarazada en el Hospital Cosme Argerich"},"content":{"rendered":"<p style=\"text-align: justify;\"><em><a href=\"http:\/\/www.elsindical.com.ar\/notas\/var\/www\/html\/notas\/wp-content\/uploads\/2010\/12\/Hospital-Argerich.jpg\"><img loading=\"lazy\" decoding=\"async\" class=\"alignleft size-medium wp-image-11568\" title=\"Hospital-Argerich\" src=\"http:\/\/www.elsindical.com.ar\/notas\/var\/www\/html\/notas\/wp-content\/uploads\/2010\/12\/Hospital-Argerich-300x180.jpg\" alt=\"\" width=\"300\" height=\"180\" srcset=\"https:\/\/www.elsindical.com.ar\/notas\/var\/www\/html\/notas\/wp-content\/uploads\/2010\/12\/Hospital-Argerich-300x180.jpg 300w, https:\/\/www.elsindical.com.ar\/notas\/var\/www\/html\/notas\/wp-content\/uploads\/2010\/12\/Hospital-Argerich.jpg 413w\" sizes=\"auto, (max-width: 300px) 100vw, 300px\" \/><\/a>Un camillero del nosocomio porte\u00f1o fue detenido luego de haber sido denunciado por la v\u00edctima, que sufri\u00f3 amenazas. El sujeto cay\u00f3 en su lugar de trabajo.<\/em><\/p>\n<p style=\"text-align: justify;\">Un camillero del hospital Argerich fue detenido acusado de violar a una paciente embarazada a la que oblig\u00f3 a ir hasta un ascensor de ese nosocomio donde la amenaz\u00f3 de muerte y la someti\u00f3, informaron hoy fuentes policiales.<\/p>\n<p style=\"text-align: justify;\">La detenci\u00f3n fue realizada durante las \u00faltimas horas por detectives de la Divisi\u00f3n Delitos Contra la Salud de la Polic\u00eda Federal en el hospital, situado en el barrio porte\u00f1o de La Boca, donde el hombre, de 42 a\u00f1os, fue localizado gracias a los datos aportados por la v\u00edctima a los investigadores.<\/p>\n<p style=\"text-align: justify;\">Los voceros explicaron que el hecho ocurri\u00f3 el pasado mi\u00e9rcoles cuando la mujer, de 26 a\u00f1os y embarazada de siete meses, concurri\u00f3 al centro de salud, ubicado en la calle Pi y Margall, para hacerse atender en el sector de cardiolog\u00eda.<\/p>\n<p style=\"text-align: justify;\">Seg\u00fan la denuncia, el camillero, vestido con un ambo celeste, intercept\u00f3 a la paciente, a quien le indic\u00f3 que la acompa\u00f1ara, con el pretexto de que iba a ser atendida en otro consultorio porque estaban haciendo unas supuestas refacciones en ese sector.<\/p>\n<p style=\"text-align: justify;\">Luego de caminar unos 30 metros por los pasillos internos del hospital, el hombre condujo a la joven a un ascensor utilizado para transportar las camillas que estaba fuera de servicio, donde finalmente la amenaz\u00f3 para que no gritara.<\/p>\n<p style=\"text-align: justify;\">Con la situaci\u00f3n dominada, el acusado someti\u00f3 sexualmente a su v\u00edctima, tras lo cual escap\u00f3, mientras que la mujer denunci\u00f3 el hecho a la polic\u00eda.<\/p>\n<p style=\"text-align: justify;\">Luego de recibir el testimonio de la paciente, los detectives de Delitos Contra la Salud comenzaron a buscar al acusado a partir de sus caracter\u00edsticas f\u00edsicas en el hospital, hasta que finalmente lograron encontrarlo en su puesto de trabajo y arrestado.<\/p>\n<p style=\"text-align: justify;\">Con la orden del Juzgado Nacional Criminal de Instrucci\u00f3n 28 de<strong> Rita Acosta<\/strong>, los polic\u00edas revisaron el locker del acusado en uno de los vestuarios, donde encontraron un calzoncillo con manchas que ser\u00e1 analizado por la Polic\u00eda Cient\u00edfica para confirmar si contiene sus rastros y un ambo similar al que utiliz\u00f3 en el abuso.<\/p>\n<p style=\"text-align: justify;\">Adem\u00e1s, los detectives comprobaron que el detenido ten\u00eda en uno de sus brazos un tatuaje id\u00e9ntico al que describi\u00f3 la v\u00edctima sobre su abusador.<\/p>\n","protected":false},"excerpt":{"rendered":"<p>Un camillero del nosocomio porte\u00f1o fue detenido luego de haber sido denunciado por la v\u00edctima, que sufri\u00f3 amenazas. El sujeto cay\u00f3 en su lugar de trabajo. Un camillero del hospital Argerich fue detenido acusado de violar a una paciente embarazada a la que oblig\u00f3 a ir hasta un ascensor de ese nosocomio donde la amenaz\u00f3&hellip;<\/p>\n","protected":false},"author":1,"featured_media":0,"comment_status":"open","ping_status":"open","sticky":false,"template":"","format":"standard","meta":{"footnotes":""},"categories":[22],"tags":[6044,91,236,6043,958,539],"class_list":["post-12595","post","type-post","status-publish","format-standard","hentry","category-policiales","tag-camillero","tag-detenido","tag-embarazada","tag-hospital-cosme-argerich","tag-policia-federal","tag-violador"],"_links":{"self":[{"href":"https:\/\/www.elsindical.com.ar\/notas\/wp-json\/wp\/v2\/posts\/12595","targetHints":{"allow":["GET"]}}],"collection":[{"href":"https:\/\/www.elsindical.com.ar\/notas\/wp-json\/wp\/v2\/posts"}],"about":[{"href":"https:\/\/www.elsindical.com.ar\/notas\/wp-json\/wp\/v2\/types\/post"}],"author":[{"embeddable":true,"href":"https:\/\/www.elsindical.com.ar\/notas\/wp-json\/wp\/v2\/users\/1"}],"replies":[{"embeddable":true,"href":"https:\/\/www.elsindical.com.ar\/notas\/wp-json\/wp\/v2\/comments?post=12595"}],"version-history":[{"count":1,"href":"https:\/\/www.elsindical.com.ar\/notas\/wp-json\/wp\/v2\/posts\/12595\/revisions"}],"predecessor-version":[{"id":12596,"href":"https:\/\/www.elsindical.com.ar\/notas\/wp-json\/wp\/v2\/posts\/12595\/revisions\/12596"}],"wp:attachment":[{"href":"https:\/\/www.elsindical.com.ar\/notas\/wp-json\/wp\/v2\/media?parent=12595"}],"wp:term":[{"taxonomy":"category","embeddable":true,"href":"https:\/\/www.elsindical.com.ar\/notas\/wp-json\/wp\/v2\/categories?post=12595"},{"taxonomy":"post_tag","embeddable":true,"href":"https:\/\/www.elsindical.com.ar\/notas\/wp-json\/wp\/v2\/tags?post=12595"}],"curies":[{"name":"wp","href":"https:\/\/api.w.org\/{rel}","templated":true}]}}