{"id":125838,"date":"2023-10-07T14:45:56","date_gmt":"2023-10-07T17:45:56","guid":{"rendered":"https:\/\/www.elsindical.com.ar\/notas\/?p=125838"},"modified":"2023-10-07T14:45:57","modified_gmt":"2023-10-07T17:45:57","slug":"idac-2024-la-mentira-continua","status":"publish","type":"post","link":"https:\/\/www.elsindical.com.ar\/notas\/idac-2024-la-mentira-continua\/","title":{"rendered":"IDAC 2024, la mentira contin\u00faa"},"content":{"rendered":"\n<figure class=\"wp-block-image size-large\"><a href=\"https:\/\/www.elsindical.com.ar\/notas\/var\/www\/html\/notas\/wp-content\/uploads\/2023\/10\/IDAC-estafa.jpg\"><img loading=\"lazy\" decoding=\"async\" width=\"1024\" height=\"768\" src=\"https:\/\/www.elsindical.com.ar\/notas\/var\/www\/html\/notas\/wp-content\/uploads\/2023\/10\/IDAC-estafa-1024x768.jpg\" alt=\"\" class=\"wp-image-125839\" srcset=\"https:\/\/www.elsindical.com.ar\/notas\/var\/www\/html\/notas\/wp-content\/uploads\/2023\/10\/IDAC-estafa-1024x768.jpg 1024w, https:\/\/www.elsindical.com.ar\/notas\/var\/www\/html\/notas\/wp-content\/uploads\/2023\/10\/IDAC-estafa-300x225.jpg 300w, https:\/\/www.elsindical.com.ar\/notas\/var\/www\/html\/notas\/wp-content\/uploads\/2023\/10\/IDAC-estafa-768x576.jpg 768w, https:\/\/www.elsindical.com.ar\/notas\/var\/www\/html\/notas\/wp-content\/uploads\/2023\/10\/IDAC-estafa-400x300.jpg 400w, https:\/\/www.elsindical.com.ar\/notas\/var\/www\/html\/notas\/wp-content\/uploads\/2023\/10\/IDAC-estafa.jpg 1260w\" sizes=\"auto, (max-width: 1024px) 100vw, 1024px\" \/><\/a><\/figure>\n\n\n\n<p>   Uno de los pilares del periodismo es investigar para informar noticias en las que no se relata un hecho, sino que se trata de llegar a la verdad mediante un protocolo que con los a\u00f1os fue quedando en desuso, pasando a tener medios que solo comunican noticias sin rigor period\u00edstico.<\/p>\n\n\n\n<p>El tema del IDAC, <strong>Instituto de Arte Cinematogr\u00e1fico de Avellaneda<\/strong>, sigue siendo una de las mentiras m\u00e1s bien calladas en el seno del municipio de Avellaneda que llega a la propia Direcci\u00f3n General de Educaci\u00f3n, que cumple las funciones de Ministerio de Educaci\u00f3n de la provincia de Buenos Aires.<\/p>\n\n\n\n<p>Si bien durante la investigaci\u00f3n period\u00edstica, tanto desde la Direcci\u00f3n General de Educaci\u00f3n a cargo del Lic.  <strong>Alberto Sileoni<\/strong>, como el responsable de la Subsecretaria de Ense\u00f1anza Art\u00edstica del municipio <strong>Gonzalo Antonio V\u00e1squez Flores<\/strong>, pasando por el Tribunal de Promoci\u00f3n Docente, han coincidido en cuanto a que el IDAC, carece de t\u00edtulo con validez alguna fuera del municipio de Avellaneda.<\/p>\n\n\n\n<p>A pesar de esta situaci\u00f3n \u00fanica en el propio municipio, donde existen 8 institutos de ense\u00f1anza art\u00edstica, algunos con carreras de solo 2 a\u00f1os, el IDAC, con 4, lo que en cualquier casa o instituto reconocido se egresa con una licenciatura, en este caso, el egresado solo recibe un certificado municipal, situaci\u00f3n que insistimos siguen sin aclarar debidamente y cuando los alumnos preguntan se les miente al respecto, diciendo que en breve el t\u00edtulo ser\u00e1 oficial, mentira sostenida por el Director <strong>Rub\u00e9n Jajdelski<\/strong>, quien fue puesto a dedo sin haber concursado como corresponde, lo que lo hace una especie de Okupa que no ha validado sus conocimientos para el cargo y el Coordinador General <strong>Mariano Casta\u00f1o<\/strong>, quien demuestra tener vocaci\u00f3n por mejorar el IDAC, pero se muestra cobarde para hacer las cosas bien y en la vida no se puede estar en el medio cuando se necesita definir lo que est\u00e1 bien y lo que est\u00e1 mal.<\/p>\n\n\n\n<p>Esas mentiras absurdas son las que desacreditan al IDAC, ser\u00eda m\u00e1s noble que el alumno sepa bien d\u00f3nde va a invertir 4 a\u00f1os tiempo y dinero, porque si bien no se cobra una cuota, estudiar cine no es gratis ni econ\u00f3mico. <\/p>\n\n\n\n<p>Mienten en la presentaci\u00f3n de la oferta acad\u00e9mica 2024 cuando dicen educaci\u00f3n de calidad, en esto el IDAC viene flojo de papeles, casi la totalidad de los docentes no poseen esa condici\u00f3n ni la formaci\u00f3n para el cargo, algunos de ellos ni siquiera la estabilidad emocional para estar al frente de un aula, donde suelen hacer comentarios personales mezclados con la pol\u00edtica, confundir fechas y hechos que nada tienen que ver con la carrera e imponer definiciones que no tienen sustento en ninguna bibliograf\u00eda y al ser consultado por ejemplo <strong>Guillermo Fern\u00e1ndez Mor\u00e1n<\/strong> responde que son definiciones que armo \u00e9l por los a\u00f1os que tiene de docente. Es decir, alguien que no es docente, que no ha estudiado nada, por su gusto y experiencia modifica definiciones de autores con carreras de grado oficiales, raro, pero lo peor es que este personaje ha formado a los que ahora son directivos del lugar, es decir, aprendieron de \u00e9l, entonces \u00bfde qu\u00e9 calidad hablan?<\/p>\n\n\n\n<p>Otro de los puntos flojos del IDAC son los equipos, desde la iluminaci\u00f3n, c\u00e1maras e incluso tr\u00edpodes de luces y c\u00e1maras todo est\u00e1 en malas condiciones o son rid\u00edculamente obsoletos a lo que hoy requiere la industria audiovisual o del cine, esto sumado a que los alumnos realizan dos o tres rodajes al a\u00f1o, cuando por dar un ejemplo <strong>la Universidad del Cine<\/strong>, m\u00e1s conocida como la <strong>FUC<\/strong>, realizan alrededor de 17 rodajes por bimestre con equipos m\u00e1s actualizados.<\/p>\n\n\n\n<p>El IDAC carece de estudios de practicas propios, ya que los dos que suelen utilizar en realidad le pertenecen a la <strong>UNDAV<\/strong>, que posee all\u00ed su sede de la Licenciatura en Audiovisuales, es decir, la realidad es que el IDAC son solo 2 pisos con aulas peque\u00f1as en donde las practicas son en condiciones complejas, ya que carecen de una correcta ventilaci\u00f3n y aislamiento ac\u00fastico para aprender.<\/p>\n\n\n\n<p>Dicho esto muy por arriba, \u00bfqu\u00e9 sentido tiene cursar 4 a\u00f1os en un lugar que no otorga un t\u00edtulo v\u00e1lido? cuando en el resto de los municipios con carreras similares la duraci\u00f3n es de <strong>3 a\u00f1os y con t\u00edtulo v\u00e1lido<\/strong>, siendo tambi\u00e9n gratuitas, ejemplo la <strong>Escuela de Cine de Lomas de Zamora.<\/strong><\/p>\n\n\n\n<p>Cualquiera puede comprobar lo que se describe en el art\u00edculo, incluso la mentira del supuesto prestigio del IDAC por sobre el resto de las escuelas de cine, busquen cu\u00e1ntos de sus docentes tienen producciones premiadas y la cantidad de trabajos realizados, dejando a los docentes y egresados entre los peores ubicados en la industria, los \u00faltimos directores argentinos premiados, son de la FUC, con una presencia importante en cert\u00e1menes internacionales.<\/p>\n\n\n\n<p>Una vez m\u00e1s, el IDAC, en lugar de renovarse, de ofrecer una formaci\u00f3n gratuita y de calidad prefiere seguir en la mentira, estafando las ilusiones de quienes buscan aprender y por ingenuidad no se informan porque creen que todo lo que se muestra tiene un aval, cuando en realidad lo que hay es complicidad, del municipio, del ministerio y de quienes no cuentan la realidad del IDAC, que en sus ya varios a\u00f1os de existencia ha hecho poco por producir cine de calidad.<\/p>\n\n\n\n<p>Por Marcelo Ricardo Hawrylciw<\/p>\n","protected":false},"excerpt":{"rendered":"<p>Uno de los pilares del periodismo es investigar para informar noticias en las que no se relata un hecho, sino que se trata de llegar a la verdad mediante un protocolo que con los a\u00f1os fue quedando en desuso, pasando a tener medios que solo comunican noticias sin rigor period\u00edstico. El tema del IDAC, Instituto&hellip;<\/p>\n","protected":false},"author":1,"featured_media":125839,"comment_status":"open","ping_status":"open","sticky":false,"template":"","format":"standard","meta":{"footnotes":""},"categories":[10],"tags":[10623,37385,461,2450,497,39460,38978,19775,1062,41312,39774],"class_list":["post-125838","post","type-post","status-publish","format-standard","has-post-thumbnail","hentry","category-editorial","tag-alberto-sileoni","tag-avellameda","tag-avellaneda","tag-diario-el-sindical","tag-docentes","tag-gonzalo-antonio-vasquez-flores","tag-guillermo-fernandez-moran","tag-idac","tag-jorge-ferraresi","tag-mariano-castano","tag-ruben-jajdelski"],"_links":{"self":[{"href":"https:\/\/www.elsindical.com.ar\/notas\/wp-json\/wp\/v2\/posts\/125838","targetHints":{"allow":["GET"]}}],"collection":[{"href":"https:\/\/www.elsindical.com.ar\/notas\/wp-json\/wp\/v2\/posts"}],"about":[{"href":"https:\/\/www.elsindical.com.ar\/notas\/wp-json\/wp\/v2\/types\/post"}],"author":[{"embeddable":true,"href":"https:\/\/www.elsindical.com.ar\/notas\/wp-json\/wp\/v2\/users\/1"}],"replies":[{"embeddable":true,"href":"https:\/\/www.elsindical.com.ar\/notas\/wp-json\/wp\/v2\/comments?post=125838"}],"version-history":[{"count":1,"href":"https:\/\/www.elsindical.com.ar\/notas\/wp-json\/wp\/v2\/posts\/125838\/revisions"}],"predecessor-version":[{"id":125840,"href":"https:\/\/www.elsindical.com.ar\/notas\/wp-json\/wp\/v2\/posts\/125838\/revisions\/125840"}],"wp:featuredmedia":[{"embeddable":true,"href":"https:\/\/www.elsindical.com.ar\/notas\/wp-json\/wp\/v2\/media\/125839"}],"wp:attachment":[{"href":"https:\/\/www.elsindical.com.ar\/notas\/wp-json\/wp\/v2\/media?parent=125838"}],"wp:term":[{"taxonomy":"category","embeddable":true,"href":"https:\/\/www.elsindical.com.ar\/notas\/wp-json\/wp\/v2\/categories?post=125838"},{"taxonomy":"post_tag","embeddable":true,"href":"https:\/\/www.elsindical.com.ar\/notas\/wp-json\/wp\/v2\/tags?post=125838"}],"curies":[{"name":"wp","href":"https:\/\/api.w.org\/{rel}","templated":true}]}}