{"id":125800,"date":"2023-10-05T15:32:04","date_gmt":"2023-10-05T18:32:04","guid":{"rendered":"https:\/\/www.elsindical.com.ar\/notas\/?p=125800"},"modified":"2023-10-05T16:09:16","modified_gmt":"2023-10-05T19:09:16","slug":"julian-laham-promete-motosierra-en-avellaneda-pero","status":"publish","type":"post","link":"https:\/\/www.elsindical.com.ar\/notas\/julian-laham-promete-motosierra-en-avellaneda-pero\/","title":{"rendered":"Juli\u00e1n Laham promete motosierra en Avellaneda, pero &#8230;"},"content":{"rendered":"\n<figure class=\"wp-block-image size-full\"><a href=\"https:\/\/www.elsindical.com.ar\/notas\/var\/www\/html\/notas\/wp-content\/uploads\/2023\/10\/Julian-Laham.jpg\"><img loading=\"lazy\" decoding=\"async\" width=\"900\" height=\"900\" src=\"https:\/\/www.elsindical.com.ar\/notas\/var\/www\/html\/notas\/wp-content\/uploads\/2023\/10\/Julian-Laham.jpg\" alt=\"\" class=\"wp-image-125801\" srcset=\"https:\/\/www.elsindical.com.ar\/notas\/var\/www\/html\/notas\/wp-content\/uploads\/2023\/10\/Julian-Laham.jpg 900w, https:\/\/www.elsindical.com.ar\/notas\/var\/www\/html\/notas\/wp-content\/uploads\/2023\/10\/Julian-Laham-300x300.jpg 300w, https:\/\/www.elsindical.com.ar\/notas\/var\/www\/html\/notas\/wp-content\/uploads\/2023\/10\/Julian-Laham-150x150.jpg 150w, https:\/\/www.elsindical.com.ar\/notas\/var\/www\/html\/notas\/wp-content\/uploads\/2023\/10\/Julian-Laham-768x768.jpg 768w, https:\/\/www.elsindical.com.ar\/notas\/var\/www\/html\/notas\/wp-content\/uploads\/2023\/10\/Julian-Laham-50x50.jpg 50w\" sizes=\"auto, (max-width: 900px) 100vw, 900px\" \/><\/a><\/figure>\n\n\n\n<p>   Tras la renuncia de <strong>Mat\u00edas Ascurra<\/strong> como candidato a intendente de La Libertad Avanza, el candidato a intendente por el espacio en Avellaneda, <strong>Juli\u00e1n Laham<\/strong>, manifest\u00f3 sus expectativas de cara a las comicios y advirti\u00f3 que har\u00e1 un \u201c<strong>fuerte<\/strong>\u201d recorte del gasto p\u00fablico en caso de ser electo. \u201c<strong>Le vamos a pegar un corte de motosierra terrible a todos los \u00f1oquis de la Municipalidad<\/strong>\u201d, advirti\u00f3 .<\/p>\n\n\n\n<p>Jugando a no saber los motivos de la salida de Ascurra, del espacio de La Libertad Avanza, lo que ya lo pinta como un mentiroso m\u00e1s de la pol\u00edtica, donde incluso le endilg\u00f3 a la renuncia motivos personales, lo que contradice su afirmaci\u00f3n de desconocer los motivos, si los desconoce no puede afirmar que son personales.<\/p>\n\n\n\n<p>Algunas de las declaraciones del candidato que sabe no va a ser intendente.<\/p>\n\n\n\n<p>\u201c<strong>Queremos construir una oposici\u00f3n real no como la que tenemos hoy<\/strong>. Hay solo dos concejales que hablan y al resto no le conocemos la voz y ya van por su tercera o cuarta reelecci\u00f3n\u201d,lanz\u00f3 filoso el dirigente de La Libertad Avanza que pronostic\u00f3 una \u201cdesaparici\u00f3n inminente\u201d del espacio de Juntos por el Cambio, en todos sus estamentos pasadas las elecciones de octubre.<\/p>\n\n\n\n<p>Asimismo, Laham tambi\u00e9n se despach\u00f3 con duras cr\u00edticas hacia Ferraresi, y aunque si bien reconoci\u00f3 algunos puntos \u201cpositivos\u201d de la gesti\u00f3n, cuestion\u00f3 la \u201c<strong>falta de transparencia<\/strong>\u201d del Ejecutivo local. \u201cA nosotros nos gustar\u00eda que se transparente toda la informaci\u00f3n. Vemos que hay un observatorio de pol\u00edticas p\u00fablicas, que tiene 5 direcciones,una secretar\u00eda de derechos humanos. Queremos realizar una auditor\u00eda fuerte sobre eso y aplicarle un terrible corte de motosierra\u201d, manifest\u00f3.<\/p>\n\n\n\n<p>Por su parte, Laham profundiz\u00f3 en las propuestas del espacio para el distrito, y se\u00f1al\u00f3 que adem\u00e1s de la rebaja del gasto p\u00fablico \u201cpol\u00edtico\u201d de la comuna, prev\u00e9 duplicar el sueldo a los empleados municipales por decreto y restaurar el nombre original a la estaci\u00f3n del Ferrocarril Roca Maximiliano Kosteki y Dar\u00edo Santill\u00e1n.<\/p>\n\n\n\n<p>\u201c<strong>Avellaneda se comporta como una democracia mon\u00e1rquica, queremos instalarnos, construir una alternativa seria y generar una estructura contundente para sacar a estas personas que hace 30 a\u00f1os nos hacen la vida imposible<\/strong>\u201d, concluy\u00f3.<\/p>\n\n\n<div class=\"wp-block-image\">\n<figure class=\"aligncenter size-full\"><a href=\"https:\/\/www.elsindical.com.ar\/notas\/var\/www\/html\/notas\/wp-content\/uploads\/2023\/10\/Categorias-Monotributo-2023.jpg\"><img loading=\"lazy\" decoding=\"async\" width=\"750\" height=\"677\" src=\"https:\/\/www.elsindical.com.ar\/notas\/var\/www\/html\/notas\/wp-content\/uploads\/2023\/10\/Categorias-Monotributo-2023.jpg\" alt=\"\" class=\"wp-image-125802\" srcset=\"https:\/\/www.elsindical.com.ar\/notas\/var\/www\/html\/notas\/wp-content\/uploads\/2023\/10\/Categorias-Monotributo-2023.jpg 750w, https:\/\/www.elsindical.com.ar\/notas\/var\/www\/html\/notas\/wp-content\/uploads\/2023\/10\/Categorias-Monotributo-2023-300x271.jpg 300w, https:\/\/www.elsindical.com.ar\/notas\/var\/www\/html\/notas\/wp-content\/uploads\/2023\/10\/Categorias-Monotributo-2023-332x300.jpg 332w\" sizes=\"auto, (max-width: 750px) 100vw, 750px\" \/><\/a><\/figure>\n<\/div>\n\n\n<p>Algunas cuestiones para entender las incongruencias del candidato de La Libertad Avanza, <strong>LAHAM DANIEL JULIAN JAIME<\/strong>, <strong>CUIT: 20-30081497-3<\/strong>, se encuentra registrado en la AFIP, como Monotributista <strong>CLASE C<\/strong>, s\u00ed aunque usted no lo crea, si los pol\u00edticos y los abogados que los asesoran salieron a denunciar a Sof\u00eda Cl\u00e9rici por ser Monotributista A, situaci\u00f3n que consideran merece ser investigada como una evasi\u00f3n impositiva, por no poder justificar su nivel de vida, es de esperar hagan lo mismo con el candidato quien adem\u00e1s se agrava por el hecho de ser abogado, resulta imposible que un Monotributista Clase C, pueda pagar el alquiler de un estudio jur\u00eddico en Puerto Madero, en la calle <strong>Olga Cossetti 1170<\/strong>, como tampoco un monotributista clase C, puede justificar su propiedad en uno de los edificios m\u00e1s costosos de Avellaneda ubicado en la calle <strong>San Mart\u00edn al 900<\/strong>, con un costo real de varios millones de pesos.<\/p>\n\n\n\n<figure class=\"wp-block-image size-large\"><a href=\"https:\/\/www.elsindical.com.ar\/notas\/var\/www\/html\/notas\/wp-content\/uploads\/2023\/10\/Olga-Cossetti-1170.jpg\"><img loading=\"lazy\" decoding=\"async\" width=\"1024\" height=\"762\" src=\"https:\/\/www.elsindical.com.ar\/notas\/var\/www\/html\/notas\/wp-content\/uploads\/2023\/10\/Olga-Cossetti-1170-1024x762.jpg\" alt=\"\" class=\"wp-image-125803\" srcset=\"https:\/\/www.elsindical.com.ar\/notas\/var\/www\/html\/notas\/wp-content\/uploads\/2023\/10\/Olga-Cossetti-1170-1024x762.jpg 1024w, https:\/\/www.elsindical.com.ar\/notas\/var\/www\/html\/notas\/wp-content\/uploads\/2023\/10\/Olga-Cossetti-1170-300x223.jpg 300w, https:\/\/www.elsindical.com.ar\/notas\/var\/www\/html\/notas\/wp-content\/uploads\/2023\/10\/Olga-Cossetti-1170-768x572.jpg 768w, https:\/\/www.elsindical.com.ar\/notas\/var\/www\/html\/notas\/wp-content\/uploads\/2023\/10\/Olga-Cossetti-1170-403x300.jpg 403w, https:\/\/www.elsindical.com.ar\/notas\/var\/www\/html\/notas\/wp-content\/uploads\/2023\/10\/Olga-Cossetti-1170.jpg 1118w\" sizes=\"auto, (max-width: 1024px) 100vw, 1024px\" \/><\/a><\/figure>\n\n\n\n<figure class=\"wp-block-image size-full\"><a href=\"https:\/\/www.elsindical.com.ar\/notas\/var\/www\/html\/notas\/wp-content\/uploads\/2023\/10\/San-Martin-al-900-Avellaneda.jpg\"><img loading=\"lazy\" decoding=\"async\" width=\"951\" height=\"587\" src=\"https:\/\/www.elsindical.com.ar\/notas\/var\/www\/html\/notas\/wp-content\/uploads\/2023\/10\/San-Martin-al-900-Avellaneda.jpg\" alt=\"\" class=\"wp-image-125804\" srcset=\"https:\/\/www.elsindical.com.ar\/notas\/var\/www\/html\/notas\/wp-content\/uploads\/2023\/10\/San-Martin-al-900-Avellaneda.jpg 951w, https:\/\/www.elsindical.com.ar\/notas\/var\/www\/html\/notas\/wp-content\/uploads\/2023\/10\/San-Martin-al-900-Avellaneda-300x185.jpg 300w, https:\/\/www.elsindical.com.ar\/notas\/var\/www\/html\/notas\/wp-content\/uploads\/2023\/10\/San-Martin-al-900-Avellaneda-768x474.jpg 768w, https:\/\/www.elsindical.com.ar\/notas\/var\/www\/html\/notas\/wp-content\/uploads\/2023\/10\/San-Martin-al-900-Avellaneda-486x300.jpg 486w\" sizes=\"auto, (max-width: 951px) 100vw, 951px\" \/><\/a><\/figure>\n\n\n\n<p>Entonces cuando este se\u00f1or habla de la FALTA DE TRANSPARENCIA municipal, \u00bfcu\u00e1l ser\u00eda su aporte? llegar con estas incongruencias econ\u00f3micas, falta de \u00e9tica y moral?.<\/p>\n\n\n\n<p>Cuesta creer que alguien como Laham hable de \u00f1oquis en un municipio cuando cumpli\u00f3 funciones tan intangibles como ser Director provincial del Registro de Personas Desaparecidas en el Ministerio de Seguridad contratado por <strong>Cristian Ritondo<\/strong> durante la gobernaci\u00f3n de <strong>Mar\u00eda Eugenia Vidal<\/strong>, una direcci\u00f3n que arrastra estad\u00edsticas negativas desde hace a\u00f1os y donde este se\u00f1or no hizo una diferencia. Este se\u00f1or critica la existencia de direcciones innecesarias, lo cual uno puede compartir, pero \u00e9l viene de ser director de registro, cuando esa actividad puede ser realizada por un empleado en lugar de crear una direcci\u00f3n con el costo que implica, en sueldos de personal y recursos, es como el refr\u00e1n de \u00abel muerto se asombra del degollado\u00bb. Ese dinero se pod\u00eda haber usado para mejorar la seguridad.<\/p>\n\n\n\n<p>Por el lado de la oratoria, Daniel tambi\u00e9n viene medio flojo con el uso de los t\u00e9rminos, es abogado y licenciado en Ciencias Pol\u00edticas, con lo cual, sus afirmaciones falaces, dejan mal representadas a sus casas de estudios superiores, cuando afirma que Avellaneda se comporta como una <strong>DEMOCRACIA MON\u00c1RQUICA<\/strong>, que es un sistema pol\u00edtico, el monarca sanciona las leyes y decretos que le son presentados para firmar por parte del Gobierno y Parlamento. Suele ser habitual en una monarqu\u00eda parlamentaria que el monarca disfrute de privilegios en funci\u00f3n de su papel como m\u00e1ximo representante del pa\u00eds y jefe del Estado, nada que ver con lo que ocurre en Avellaneda, m\u00e1s all\u00e1 de que a lo sumo se puede afirmar que el HCD act\u00faa como una escriban\u00eda si vamos por el lado de lo que ser\u00eda una actividad democr\u00e1tica activa y con roles independientes.<\/p>\n\n\n\n<p>Termina de irse al pasto cuando luego de criticar con t\u00e9rminos errados la gesti\u00f3n actual propone, modificaciones por Decreto, es decir, un gran vende humo, que desde ya est\u00e1 invitado a realizar las aclaraciones pertinentes, porque as\u00ed, solo demuestra ser uno m\u00e1s de la casta.<\/p>\n\n\n\n<figure class=\"wp-block-embed is-type-video is-provider-youtube wp-block-embed-youtube wp-embed-aspect-16-9 wp-has-aspect-ratio\"><div class=\"wp-block-embed__wrapper\">\n<iframe loading=\"lazy\" title=\"Juli\u00e1n Laham candidato a intendente de LLA\" width=\"700\" height=\"394\" src=\"https:\/\/www.youtube.com\/embed\/napRmPhn6RM?feature=oembed\" frameborder=\"0\" allow=\"accelerometer; autoplay; clipboard-write; encrypted-media; gyroscope; picture-in-picture; web-share\" allowfullscreen><\/iframe>\n<\/div><\/figure>\n\n\n\n<p>Por Marcelo Ricardo Hawrylciw<\/p>\n","protected":false},"excerpt":{"rendered":"<p>Tras la renuncia de Mat\u00edas Ascurra como candidato a intendente de La Libertad Avanza, el candidato a intendente por el espacio en Avellaneda, Juli\u00e1n Laham, manifest\u00f3 sus expectativas de cara a las comicios y advirti\u00f3 que har\u00e1 un \u201cfuerte\u201d recorte del gasto p\u00fablico en caso de ser electo. \u201cLe vamos a pegar un corte de&hellip;<\/p>\n","protected":false},"author":1,"featured_media":125801,"comment_status":"open","ping_status":"open","sticky":false,"template":"","format":"standard","meta":{"footnotes":""},"categories":[10],"tags":[461,41300,40883,2450,34260,41301,28812,1062,41299,39963,24731],"class_list":["post-125800","post","type-post","status-publish","format-standard","has-post-thumbnail","hentry","category-editorial","tag-avellaneda","tag-candidato-intendente","tag-casta","tag-diario-el-sindical","tag-elecciones-2023","tag-incongruencias","tag-javier-milei","tag-jorge-ferraresi","tag-julian-laham","tag-la-libertad-avanza","tag-matias-ascurra"],"_links":{"self":[{"href":"https:\/\/www.elsindical.com.ar\/notas\/wp-json\/wp\/v2\/posts\/125800","targetHints":{"allow":["GET"]}}],"collection":[{"href":"https:\/\/www.elsindical.com.ar\/notas\/wp-json\/wp\/v2\/posts"}],"about":[{"href":"https:\/\/www.elsindical.com.ar\/notas\/wp-json\/wp\/v2\/types\/post"}],"author":[{"embeddable":true,"href":"https:\/\/www.elsindical.com.ar\/notas\/wp-json\/wp\/v2\/users\/1"}],"replies":[{"embeddable":true,"href":"https:\/\/www.elsindical.com.ar\/notas\/wp-json\/wp\/v2\/comments?post=125800"}],"version-history":[{"count":2,"href":"https:\/\/www.elsindical.com.ar\/notas\/wp-json\/wp\/v2\/posts\/125800\/revisions"}],"predecessor-version":[{"id":125806,"href":"https:\/\/www.elsindical.com.ar\/notas\/wp-json\/wp\/v2\/posts\/125800\/revisions\/125806"}],"wp:featuredmedia":[{"embeddable":true,"href":"https:\/\/www.elsindical.com.ar\/notas\/wp-json\/wp\/v2\/media\/125801"}],"wp:attachment":[{"href":"https:\/\/www.elsindical.com.ar\/notas\/wp-json\/wp\/v2\/media?parent=125800"}],"wp:term":[{"taxonomy":"category","embeddable":true,"href":"https:\/\/www.elsindical.com.ar\/notas\/wp-json\/wp\/v2\/categories?post=125800"},{"taxonomy":"post_tag","embeddable":true,"href":"https:\/\/www.elsindical.com.ar\/notas\/wp-json\/wp\/v2\/tags?post=125800"}],"curies":[{"name":"wp","href":"https:\/\/api.w.org\/{rel}","templated":true}]}}