{"id":125740,"date":"2023-10-03T02:51:30","date_gmt":"2023-10-03T05:51:30","guid":{"rendered":"https:\/\/www.elsindical.com.ar\/notas\/?p=125740"},"modified":"2023-10-03T02:58:03","modified_gmt":"2023-10-03T05:58:03","slug":"en-el-pro-admiten-que-a-patricia-no-le-alcanzo-para-asegurarse-el-ingreso-al-ballotage","status":"publish","type":"post","link":"https:\/\/www.elsindical.com.ar\/notas\/en-el-pro-admiten-que-a-patricia-no-le-alcanzo-para-asegurarse-el-ingreso-al-ballotage\/","title":{"rendered":"En el PRO admiten que a Patricia no le alcanz\u00f3 para asegurarse el ingreso al ballotage"},"content":{"rendered":"\n<figure class=\"wp-block-image size-full\"><a href=\"https:\/\/www.elsindical.com.ar\/notas\/var\/www\/html\/notas\/wp-content\/uploads\/2023\/10\/Bullrich-gripe.jpg\"><img loading=\"lazy\" decoding=\"async\" width=\"887\" height=\"822\" src=\"https:\/\/www.elsindical.com.ar\/notas\/var\/www\/html\/notas\/wp-content\/uploads\/2023\/10\/Bullrich-gripe.jpg\" alt=\"\" class=\"wp-image-125741\" srcset=\"https:\/\/www.elsindical.com.ar\/notas\/var\/www\/html\/notas\/wp-content\/uploads\/2023\/10\/Bullrich-gripe.jpg 887w, https:\/\/www.elsindical.com.ar\/notas\/var\/www\/html\/notas\/wp-content\/uploads\/2023\/10\/Bullrich-gripe-300x278.jpg 300w, https:\/\/www.elsindical.com.ar\/notas\/var\/www\/html\/notas\/wp-content\/uploads\/2023\/10\/Bullrich-gripe-768x712.jpg 768w, https:\/\/www.elsindical.com.ar\/notas\/var\/www\/html\/notas\/wp-content\/uploads\/2023\/10\/Bullrich-gripe-324x300.jpg 324w\" sizes=\"auto, (max-width: 887px) 100vw, 887px\" \/><\/a><\/figure>\n\n\n\n<p>Bullrich dijo que la afect\u00f3 \u00abuna gripe muy fuerte\u00bb y prometi\u00f3 que \u00abestar\u00e1 mejor\u00bb el pr\u00f3ximo domingo, aunque ser\u00eda un nuevo s\u00edntoma el que la gripe provoqu\u00e9 decir incoherencias en los afectados.<\/p>\n\n\n\n<p>Si bien en el PRO intentan disimular el papel\u00f3n de Patricia Bullrich durante el debate, reconocen que perdi\u00f3 una buena oportunidad para mejorar su performance de cara a las elecciones y ser\u00e1 dif\u00edcil quitar esa impresi\u00f3n en los votantes.<\/p>\n\n\n\n<p>El debate de Patricia podr\u00eda dividirse en dos: en la primera parte se la vio muy nerviosa y dubitativa con el tema econ\u00f3mico, un flanco que fue aprovechado por Massa y Javier Milei. Ambos rivales le insistieron con el plan econ\u00f3mico hasta el final cuando el libertario la arrincon\u00f3 con las Leliqs. \u00abA m\u00ed no me vas a decir lo que tengo que decir\u00bb, le respondi\u00f3.<\/p>\n\n\n\n<p>En la segunda mitad, la ex ministra se desenvolvi\u00f3 mucho mejor en Educaci\u00f3n y Derechos Humanos, temas en los que se mostr\u00f3 m\u00e1s segura y revirti\u00f3 la imagen inicial. En los cruces individuales, otra vez Bullrich mostr\u00f3 algunas dudas especialmente con el manejo de los tiempos y una confusi\u00f3n en su pregunta a Massa.<\/p>\n\n\n\n<p>Desde todos los sectores pol\u00edticos e incluso los periodistas m\u00e1s afines al macrismo coincidieron en que Bullrich fue imprecisa, demostr\u00f3 poca preparaci\u00f3n y hasta volvi\u00f3 a incurrir en frases incoherentes con lo que dec\u00eda y lo que intentaba desarrollar.<\/p>\n\n\n\n<figure class=\"wp-block-embed is-type-video is-provider-youtube wp-block-embed-youtube wp-embed-aspect-16-9 wp-has-aspect-ratio\"><div class=\"wp-block-embed__wrapper\">\n<iframe loading=\"lazy\" title=\"Bullrich culp\u00f3 a la gripe por sus incoherencias\" width=\"700\" height=\"394\" src=\"https:\/\/www.youtube.com\/embed\/VjSV_VVy-iI?feature=oembed\" frameborder=\"0\" allow=\"accelerometer; autoplay; clipboard-write; encrypted-media; gyroscope; picture-in-picture; web-share\" allowfullscreen><\/iframe>\n<\/div><\/figure>\n","protected":false},"excerpt":{"rendered":"<p>Bullrich dijo que la afect\u00f3 \u00abuna gripe muy fuerte\u00bb y prometi\u00f3 que \u00abestar\u00e1 mejor\u00bb el pr\u00f3ximo domingo, aunque ser\u00eda un nuevo s\u00edntoma el que la gripe provoqu\u00e9 decir incoherencias en los afectados. Si bien en el PRO intentan disimular el papel\u00f3n de Patricia Bullrich durante el debate, reconocen que perdi\u00f3 una buena oportunidad para mejorar&hellip;<\/p>\n","protected":false},"author":1,"featured_media":125741,"comment_status":"open","ping_status":"open","sticky":false,"template":"","format":"standard","meta":{"footnotes":""},"categories":[13],"tags":[127,31727,2450,34260,16672,41274,1241,22025,10249],"class_list":["post-125740","post","type-post","status-publish","format-standard","has-post-thumbnail","hentry","category-politica","tag-argentina","tag-debate-presidencial","tag-diario-el-sindical","tag-elecciones-2023","tag-gripe","tag-incoherencias","tag-patricia-bullrich","tag-politica","tag-presidencia"],"_links":{"self":[{"href":"https:\/\/www.elsindical.com.ar\/notas\/wp-json\/wp\/v2\/posts\/125740","targetHints":{"allow":["GET"]}}],"collection":[{"href":"https:\/\/www.elsindical.com.ar\/notas\/wp-json\/wp\/v2\/posts"}],"about":[{"href":"https:\/\/www.elsindical.com.ar\/notas\/wp-json\/wp\/v2\/types\/post"}],"author":[{"embeddable":true,"href":"https:\/\/www.elsindical.com.ar\/notas\/wp-json\/wp\/v2\/users\/1"}],"replies":[{"embeddable":true,"href":"https:\/\/www.elsindical.com.ar\/notas\/wp-json\/wp\/v2\/comments?post=125740"}],"version-history":[{"count":2,"href":"https:\/\/www.elsindical.com.ar\/notas\/wp-json\/wp\/v2\/posts\/125740\/revisions"}],"predecessor-version":[{"id":125743,"href":"https:\/\/www.elsindical.com.ar\/notas\/wp-json\/wp\/v2\/posts\/125740\/revisions\/125743"}],"wp:featuredmedia":[{"embeddable":true,"href":"https:\/\/www.elsindical.com.ar\/notas\/wp-json\/wp\/v2\/media\/125741"}],"wp:attachment":[{"href":"https:\/\/www.elsindical.com.ar\/notas\/wp-json\/wp\/v2\/media?parent=125740"}],"wp:term":[{"taxonomy":"category","embeddable":true,"href":"https:\/\/www.elsindical.com.ar\/notas\/wp-json\/wp\/v2\/categories?post=125740"},{"taxonomy":"post_tag","embeddable":true,"href":"https:\/\/www.elsindical.com.ar\/notas\/wp-json\/wp\/v2\/tags?post=125740"}],"curies":[{"name":"wp","href":"https:\/\/api.w.org\/{rel}","templated":true}]}}