{"id":125717,"date":"2023-10-02T10:44:15","date_gmt":"2023-10-02T13:44:15","guid":{"rendered":"https:\/\/www.elsindical.com.ar\/notas\/?p=125717"},"modified":"2023-10-02T10:44:16","modified_gmt":"2023-10-02T13:44:16","slug":"lomas-de-zamora-detuvieron-a-un-sospechoso-por-el-asesinato-de-un-comisario-en-banfield","status":"publish","type":"post","link":"https:\/\/www.elsindical.com.ar\/notas\/lomas-de-zamora-detuvieron-a-un-sospechoso-por-el-asesinato-de-un-comisario-en-banfield\/","title":{"rendered":"Lomas de Zamora: Detuvieron a un sospechoso por el asesinato de un comisario en Banfield"},"content":{"rendered":"<div class=\"wp-block-image\">\n<figure class=\"aligncenter size-full\"><a href=\"https:\/\/www.elsindical.com.ar\/notas\/var\/www\/html\/notas\/wp-content\/uploads\/2023\/10\/Comisario-Gustavo-Romero.jpg\"><img loading=\"lazy\" decoding=\"async\" width=\"551\" height=\"624\" src=\"https:\/\/www.elsindical.com.ar\/notas\/var\/www\/html\/notas\/wp-content\/uploads\/2023\/10\/Comisario-Gustavo-Romero.jpg\" alt=\"\" class=\"wp-image-125718\" srcset=\"https:\/\/www.elsindical.com.ar\/notas\/var\/www\/html\/notas\/wp-content\/uploads\/2023\/10\/Comisario-Gustavo-Romero.jpg 551w, https:\/\/www.elsindical.com.ar\/notas\/var\/www\/html\/notas\/wp-content\/uploads\/2023\/10\/Comisario-Gustavo-Romero-265x300.jpg 265w\" sizes=\"auto, (max-width: 551px) 100vw, 551px\" \/><\/a><\/figure>\n<\/div>\n\n\n<p>Un Comisario de la Polic\u00eda bonaerense fue asesinado de cuatro tiros por delincuentes que intentaron robarle la moto en la localidad de Banfield, partido de Lomas de Zamora, y por el crimen hay un aprehendido, informaron hoy fuentes policiales y judiciales.<\/p>\n\n\n\n<p>El episodio tuvo lugar anoche, alrededor de las 20.55, cuando el Comisario<strong> Gustavo Romero<\/strong> (43), quien se desempe\u00f1aba en la delegaci\u00f3n La Plata de la Divisi\u00f3n Crimen Organizado, aguardaba vestido de civil y a bordo de su moto Kawasaki blanca a que su esposa saliera de trabajar en una farmacia ubicada en la esquina de las calles Hip\u00f3lito Irigoyen y Vieytes, de Banfield, en la zona sur del conurbano bonaerense.<\/p>\n\n\n\n<p>En esas circunstancias, varios delincuentes armados que se desplazaban a bordo de cuatro motocicletas intentaron robarle la suya, por lo que el comisario se resisti\u00f3 con su arma reglamentaria y, en medio de un tiroteo, fue atacado a balazos, detallaron los voceros.<\/p>\n\n\n\n<p>Finalmente, los asaltantes, que de acuerdo a lo que pudo observarse en c\u00e1maras de seguridad de la zona eran al menos siete, huyeron del lugar sin robar la moto de Romero, aseguraron testigos del hecho.<\/p>\n\n\n\n<p><strong>En el tiroteo, el Comisario recibi\u00f3 cuatro disparos -dos en el t\u00f3rax, uno en su espalda y el restante en la cabeza-, por lo que debi\u00f3 ser trasladado de urgencia al hospital Gandulfo, donde finalmente falleci\u00f3.<\/strong><\/p>\n\n\n\n<p>Fuentes policiales se\u00f1alaron que intervinieron en el lugar del hecho agentes de la comisar\u00eda 2da. de Banfield, quienes encontraron al menos 6 vainas servidas en la v\u00eda p\u00fablica, aunque no el arma del comisario, que se cree fue robada por los asaltantes.<\/p>\n\n\n\n<p>En tanto, voceros judiciales indicaron a T\u00e9lam que anoche un hombre identificado como <strong>Gustavo Alejandro Martins<\/strong> (25) fue aprehendido por el hecho, mientras que los pesquisas trabajaban esta ma\u00f1ana para hallar al resto de los sospechosos.<\/p>\n\n\n\n<p>Esta ma\u00f1ana, una vecina de la zona que se identific\u00f3 como M\u00f3nica relat\u00f3 a la prensa detalles del hecho y afirm\u00f3 que su hija vio agonizar el comisario antes de que fuera trasladado al hospital Gandulfo.<\/p>\n\n\n\n<p>\u00abEra temprano, no eran ni las nueve de la noche. Es una avenida muy transitada con mucha luz. Ni siquiera escuchamos las motos escapando, escuchamos los tiros nada m\u00e1s. Escuch\u00e9 dos disparos que pens\u00e9 que eran fuegos artificiales y se sent\u00eda el quilombo de la calle. Mi hija vio la sangre y c\u00f3mo lo sub\u00edan al muchacho a la ambulancia que ya estaba inconsciente. No se si lleg\u00f3 al Gandulfo con vida\u00bb, cont\u00f3 la mujer.<\/p>\n\n\n\n<p>Interviene en la investigaci\u00f3n la Unidad Funcional de Instrucci\u00f3n (UFI) 3 del Departamento Judicial de Lomas de Zamora, a cargo del fiscal Gerardo Loureyro, quien caratul\u00f3 el expediente como \u00abhomicidio en ocasi\u00f3n de robo\u00bb.<\/p>\n","protected":false},"excerpt":{"rendered":"<p>Un Comisario de la Polic\u00eda bonaerense fue asesinado de cuatro tiros por delincuentes que intentaron robarle la moto en la localidad de Banfield, partido de Lomas de Zamora, y por el crimen hay un aprehendido, informaron hoy fuentes policiales y judiciales. El episodio tuvo lugar anoche, alrededor de las 20.55, cuando el Comisario Gustavo Romero&hellip;<\/p>\n","protected":false},"author":1,"featured_media":125718,"comment_status":"open","ping_status":"open","sticky":false,"template":"","format":"standard","meta":{"footnotes":""},"categories":[22],"tags":[37565,31427,41265,2450,41266,2329],"class_list":["post-125717","post","type-post","status-publish","format-standard","has-post-thumbnail","hentry","category-policiales","tag-lomas-de-zamora-2","tag-banfiled","tag-comisario-gustavo-romero","tag-diario-el-sindical","tag-gustavo-alejandro-martins","tag-homicidio"],"_links":{"self":[{"href":"https:\/\/www.elsindical.com.ar\/notas\/wp-json\/wp\/v2\/posts\/125717","targetHints":{"allow":["GET"]}}],"collection":[{"href":"https:\/\/www.elsindical.com.ar\/notas\/wp-json\/wp\/v2\/posts"}],"about":[{"href":"https:\/\/www.elsindical.com.ar\/notas\/wp-json\/wp\/v2\/types\/post"}],"author":[{"embeddable":true,"href":"https:\/\/www.elsindical.com.ar\/notas\/wp-json\/wp\/v2\/users\/1"}],"replies":[{"embeddable":true,"href":"https:\/\/www.elsindical.com.ar\/notas\/wp-json\/wp\/v2\/comments?post=125717"}],"version-history":[{"count":1,"href":"https:\/\/www.elsindical.com.ar\/notas\/wp-json\/wp\/v2\/posts\/125717\/revisions"}],"predecessor-version":[{"id":125719,"href":"https:\/\/www.elsindical.com.ar\/notas\/wp-json\/wp\/v2\/posts\/125717\/revisions\/125719"}],"wp:featuredmedia":[{"embeddable":true,"href":"https:\/\/www.elsindical.com.ar\/notas\/wp-json\/wp\/v2\/media\/125718"}],"wp:attachment":[{"href":"https:\/\/www.elsindical.com.ar\/notas\/wp-json\/wp\/v2\/media?parent=125717"}],"wp:term":[{"taxonomy":"category","embeddable":true,"href":"https:\/\/www.elsindical.com.ar\/notas\/wp-json\/wp\/v2\/categories?post=125717"},{"taxonomy":"post_tag","embeddable":true,"href":"https:\/\/www.elsindical.com.ar\/notas\/wp-json\/wp\/v2\/tags?post=125717"}],"curies":[{"name":"wp","href":"https:\/\/api.w.org\/{rel}","templated":true}]}}