{"id":125603,"date":"2023-09-27T08:10:00","date_gmt":"2023-09-27T11:10:00","guid":{"rendered":"https:\/\/www.elsindical.com.ar\/notas\/?p=125603"},"modified":"2023-09-27T08:10:01","modified_gmt":"2023-09-27T11:10:01","slug":"brenda-uliarte-dijo-que-fernando-sabag-montiel-tenia-vinculos-con-revolucion-federal-y-con-gerardo-milman","status":"publish","type":"post","link":"https:\/\/www.elsindical.com.ar\/notas\/brenda-uliarte-dijo-que-fernando-sabag-montiel-tenia-vinculos-con-revolucion-federal-y-con-gerardo-milman\/","title":{"rendered":"Brenda Uliarte dijo que Fernando Sabag Montiel ten\u00eda v\u00ednculos con Revoluci\u00f3n Federal y con Gerardo Milman"},"content":{"rendered":"<div class=\"wp-block-image\">\n<figure class=\"aligncenter size-full\"><a href=\"https:\/\/www.elsindical.com.ar\/notas\/var\/www\/html\/notas\/wp-content\/uploads\/2023\/09\/Brenda-Uliarte-detenida-declarando.jpg\"><img loading=\"lazy\" decoding=\"async\" width=\"826\" height=\"581\" src=\"https:\/\/www.elsindical.com.ar\/notas\/var\/www\/html\/notas\/wp-content\/uploads\/2023\/09\/Brenda-Uliarte-detenida-declarando.jpg\" alt=\"\" class=\"wp-image-125604\" srcset=\"https:\/\/www.elsindical.com.ar\/notas\/var\/www\/html\/notas\/wp-content\/uploads\/2023\/09\/Brenda-Uliarte-detenida-declarando.jpg 826w, https:\/\/www.elsindical.com.ar\/notas\/var\/www\/html\/notas\/wp-content\/uploads\/2023\/09\/Brenda-Uliarte-detenida-declarando-300x211.jpg 300w, https:\/\/www.elsindical.com.ar\/notas\/var\/www\/html\/notas\/wp-content\/uploads\/2023\/09\/Brenda-Uliarte-detenida-declarando-768x540.jpg 768w, https:\/\/www.elsindical.com.ar\/notas\/var\/www\/html\/notas\/wp-content\/uploads\/2023\/09\/Brenda-Uliarte-detenida-declarando-427x300.jpg 427w\" sizes=\"auto, (max-width: 826px) 100vw, 826px\" \/><\/a><\/figure>\n<\/div>\n\n\n<p>La detenida por el intento de asesinato de la vicepresidenta Cristina Fern\u00e1ndez de Kirchner, Brenda Uliarte, declar\u00f3 haber escuchado que el diputado del PRO Gerardo Milman \u201cpagaba a varias personas para que participaran en manifestaciones\u201d.<\/p>\n\n\n\n<p>Uliarte present\u00f3 por escrito una ampliaci\u00f3n de su declaraci\u00f3n indagatoria en la causa y asegur\u00f3 que seg\u00fan escuch\u00f3 Milman buscaba con ello \u201cgenerar disturbios y violencia alrededor de la residencia de Cristina Kirchner\u201d, seg\u00fan el texto al que tuvo acceso T\u00e9lam.<\/p>\n\n\n\n<p>Adem\u00e1s, sostuvo que su novio y principal acusado, el detenido Fernando Sabag Montiel, conoc\u00eda a militantes de la agrupaci\u00f3n Revoluci\u00f3n Federal y le dec\u00eda que alguien los financiaba.<\/p>\n\n\n\n<p>\u201cHab\u00eda gente contactada al gobierno anti K, que pagaban para que vayamos a las marchas, y a los actos, en realidad le pagaban a \u00e9l y el me llevaba a m\u00ed\u201d, se\u00f1al\u00f3 Uliarte en relaci\u00f3n a Sabag Montiel en un texto que firm\u00f3 en la c\u00e1rcel de Ezeiza y qued\u00f3 presentado ante el Tribunal Oral Federal n\u00famero 6 que prepara el juicio en su contra.<\/p>\n\n\n\n<p>Uliarte dijo que hoy vive \u201cun infierno\u201d por lo hecho por Sabag Montiel y \u201csus decisiones\u201d. \u201cEl era parte de todo esto, yo no\u201d, agreg\u00f3 al destacar que Sabag Montiel conoc\u00eda a los militantes de Revoluci\u00f3n Federal \u201cYo no puedo asegurar que a \u00e9l lo financiaran para que mate a alguien, pero si en dos oportunidades \u00e9l me cont\u00f3 que s\u00ed financiaban a Revoluci\u00f3n Federal\u201d, agreg\u00f3.<\/p>\n\n\n\n<p>Sobre el intento de asesinato a la Vicepresidenta del 1 de septiembre, Uliarte dijo no saber por qu\u00e9 lo hizo Sabag Montiel.<\/p>\n\n\n<div class=\"wp-block-image\">\n<figure class=\"aligncenter size-full\"><a href=\"https:\/\/www.elsindical.com.ar\/notas\/var\/www\/html\/notas\/wp-content\/uploads\/2023\/05\/Milman-y-Bullrich-sonrientes.jpg\"><img loading=\"lazy\" decoding=\"async\" width=\"506\" height=\"674\" src=\"https:\/\/www.elsindical.com.ar\/notas\/var\/www\/html\/notas\/wp-content\/uploads\/2023\/05\/Milman-y-Bullrich-sonrientes.jpg\" alt=\"\" class=\"wp-image-122237\" srcset=\"https:\/\/www.elsindical.com.ar\/notas\/var\/www\/html\/notas\/wp-content\/uploads\/2023\/05\/Milman-y-Bullrich-sonrientes.jpg 506w, https:\/\/www.elsindical.com.ar\/notas\/var\/www\/html\/notas\/wp-content\/uploads\/2023\/05\/Milman-y-Bullrich-sonrientes-225x300.jpg 225w\" sizes=\"auto, (max-width: 506px) 100vw, 506px\" \/><\/a><\/figure>\n<\/div>\n\n\n<p>\u201cYo no se porqu\u00e9 Nando (por Sabag Montiel) hizo esto, pero s\u00ed se que \u00e9l no es capaz de organizar y hacer todo esto solo, claramente alguien est\u00e1 atr\u00e1s. Yo nunca vi a Milman pero dec\u00edan que le pagaba a varias personas para que participaran en manifestaciones y con ello generar disturbios y violencia alrededor de la residencia de Cristina Kirchner\u201d, escribi\u00f3 la joven, procesada como coautora del intento de magnicidio.<\/p>\n\n\n\n<p>Uliarte detall\u00f3: \u201cA ver, yo no digo que financiaron el atentado, pero si financiaban para agitar y armar quilombo. Y Carrizo sabe todo esto, pero \u00e9l va a cubrir a Nando, porque no quiere tener quilombo con los de arriba, saben que hay peso pesado\u201d.<\/p>\n\n\n\n<p>Carrizo es Gabriel Carrizo, el supuesto l\u00edder del grupo que vend\u00eda copos de nieve y que integraban Uliarte y Sabag Montiel y tercer detenido en la causa.<\/p>\n","protected":false},"excerpt":{"rendered":"<p>La detenida por el intento de asesinato de la vicepresidenta Cristina Fern\u00e1ndez de Kirchner, Brenda Uliarte, declar\u00f3 haber escuchado que el diputado del PRO Gerardo Milman \u201cpagaba a varias personas para que participaran en manifestaciones\u201d. Uliarte present\u00f3 por escrito una ampliaci\u00f3n de su declaraci\u00f3n indagatoria en la causa y asegur\u00f3 que seg\u00fan escuch\u00f3 Milman buscaba&hellip;<\/p>\n","protected":false},"author":1,"featured_media":125604,"comment_status":"open","ping_status":"open","sticky":false,"template":"","format":"standard","meta":{"footnotes":""},"categories":[20],"tags":[38108,1205,2450,38462,41220,16896,1241,328,38200],"class_list":["post-125603","post","type-post","status-publish","format-standard","has-post-thumbnail","hentry","category-judiciales","tag-brenda-uliarte","tag-cristina-fernandez-de-kirchner","tag-diario-el-sindical","tag-fernando-andre-sabag-montiel","tag-gabriel-carrizo","tag-gerardo-milman","tag-patricia-bullrich","tag-pro","tag-revolucion-federal"],"_links":{"self":[{"href":"https:\/\/www.elsindical.com.ar\/notas\/wp-json\/wp\/v2\/posts\/125603","targetHints":{"allow":["GET"]}}],"collection":[{"href":"https:\/\/www.elsindical.com.ar\/notas\/wp-json\/wp\/v2\/posts"}],"about":[{"href":"https:\/\/www.elsindical.com.ar\/notas\/wp-json\/wp\/v2\/types\/post"}],"author":[{"embeddable":true,"href":"https:\/\/www.elsindical.com.ar\/notas\/wp-json\/wp\/v2\/users\/1"}],"replies":[{"embeddable":true,"href":"https:\/\/www.elsindical.com.ar\/notas\/wp-json\/wp\/v2\/comments?post=125603"}],"version-history":[{"count":1,"href":"https:\/\/www.elsindical.com.ar\/notas\/wp-json\/wp\/v2\/posts\/125603\/revisions"}],"predecessor-version":[{"id":125605,"href":"https:\/\/www.elsindical.com.ar\/notas\/wp-json\/wp\/v2\/posts\/125603\/revisions\/125605"}],"wp:featuredmedia":[{"embeddable":true,"href":"https:\/\/www.elsindical.com.ar\/notas\/wp-json\/wp\/v2\/media\/125604"}],"wp:attachment":[{"href":"https:\/\/www.elsindical.com.ar\/notas\/wp-json\/wp\/v2\/media?parent=125603"}],"wp:term":[{"taxonomy":"category","embeddable":true,"href":"https:\/\/www.elsindical.com.ar\/notas\/wp-json\/wp\/v2\/categories?post=125603"},{"taxonomy":"post_tag","embeddable":true,"href":"https:\/\/www.elsindical.com.ar\/notas\/wp-json\/wp\/v2\/tags?post=125603"}],"curies":[{"name":"wp","href":"https:\/\/api.w.org\/{rel}","templated":true}]}}