{"id":1256,"date":"2009-10-24T22:46:21","date_gmt":"2009-10-25T01:46:21","guid":{"rendered":"http:\/\/www.elsindical.com.ar\/notas\/?p=1256"},"modified":"2009-10-24T22:46:21","modified_gmt":"2009-10-25T01:46:21","slug":"recoleta-atrapan-a-ex-funcionario-menemista-hurtando-libros","status":"publish","type":"post","link":"https:\/\/www.elsindical.com.ar\/notas\/recoleta-atrapan-a-ex-funcionario-menemista-hurtando-libros\/","title":{"rendered":"Recoleta: atrapan a ex funcionario menemista hurtando libros"},"content":{"rendered":"<p style=\"text-align: justify;\"><em><span style=\"font-family: Arial;\"><img loading=\"lazy\" decoding=\"async\" class=\"alignleft size-full wp-image-1257\" title=\"Jorge-Pereyra-de-Olaz\u00e1bal\" src=\"http:\/\/www.elsindical.com.ar\/notas\/var\/www\/html\/notas\/wp-content\/uploads\/2009\/10\/Jorge-Pereyra-de-Olaz\u00e1bal.jpg\" alt=\"Jorge-Pereyra-de-Olaz\u00e1bal\" width=\"255\" height=\"263\" \/>El presidente del partido<\/span> Uni\u00f3n del Centro Democr\u00e1tico <\/em><span style=\"font-family: Arial;\"><em>(Uced\u00e9) y ex vice ministro de Defensa del menemismo, Jorge Pereyra de Olaz\u00e1bal, <strong>fue demorado hoy por personal de seguridad en una librer\u00eda del barrio porte\u00f1o de Recoleta, por hurtar libros<\/strong>.<\/em><\/p>\n<p>\u00abEl se\u00f1or compr\u00f3 un libro, vino al caf\u00e9 y cuando se retir\u00f3 le son\u00f3 la alarma. Le ped\u00ed que me mostrara la bolsa y <strong>vi que ten\u00eda cinco libros m\u00e1s sin tickets de compra<\/strong>\u00ab, cont\u00f3 el personal. \u00abEl local es grand\u00edsimo, si no fuera por la alarma no me daba cuenta\u00bb.<\/p>\n<p>Cuando la seguridad lo detuvo, Pereyra de Olaz\u00e1bal se mostr\u00f3 arrepentido y \u00abdijo que quer\u00eda pagar los libros, que lo dejara ir. Dec\u00eda que <strong>ten\u00eda contactos con la polic\u00eda, que no quer\u00eda que esto pasara a mayores<\/strong>. Ped\u00eda disculpas, que no iba a volver a pasar, que estaba mal por lo que hizo\u00bb, apunt\u00f3 uno de los encargados de seguridad de la librer\u00eda al canal <em>Cr\u00f3nica TV<\/em>.<\/span><\/p>\n","protected":false},"excerpt":{"rendered":"<p>El presidente del partido Uni\u00f3n del Centro Democr\u00e1tico (Uced\u00e9) y ex vice ministro de Defensa del menemismo, Jorge Pereyra de Olaz\u00e1bal, fue demorado hoy por personal de seguridad en una librer\u00eda del barrio porte\u00f1o de Recoleta, por hurtar libros. \u00abEl se\u00f1or compr\u00f3 un libro, vino al caf\u00e9 y cuando se retir\u00f3 le son\u00f3 la alarma.&hellip;<\/p>\n","protected":false},"author":1,"featured_media":0,"comment_status":"open","ping_status":"open","sticky":false,"template":"","format":"standard","meta":{"footnotes":""},"categories":[22],"tags":[724,725,723,726],"class_list":["post-1256","post","type-post","status-publish","format-standard","hentry","category-policiales","tag-demorado","tag-hurto","tag-jorge-pereyra-de-olazabal","tag-libros"],"_links":{"self":[{"href":"https:\/\/www.elsindical.com.ar\/notas\/wp-json\/wp\/v2\/posts\/1256","targetHints":{"allow":["GET"]}}],"collection":[{"href":"https:\/\/www.elsindical.com.ar\/notas\/wp-json\/wp\/v2\/posts"}],"about":[{"href":"https:\/\/www.elsindical.com.ar\/notas\/wp-json\/wp\/v2\/types\/post"}],"author":[{"embeddable":true,"href":"https:\/\/www.elsindical.com.ar\/notas\/wp-json\/wp\/v2\/users\/1"}],"replies":[{"embeddable":true,"href":"https:\/\/www.elsindical.com.ar\/notas\/wp-json\/wp\/v2\/comments?post=1256"}],"version-history":[{"count":2,"href":"https:\/\/www.elsindical.com.ar\/notas\/wp-json\/wp\/v2\/posts\/1256\/revisions"}],"predecessor-version":[{"id":1259,"href":"https:\/\/www.elsindical.com.ar\/notas\/wp-json\/wp\/v2\/posts\/1256\/revisions\/1259"}],"wp:attachment":[{"href":"https:\/\/www.elsindical.com.ar\/notas\/wp-json\/wp\/v2\/media?parent=1256"}],"wp:term":[{"taxonomy":"category","embeddable":true,"href":"https:\/\/www.elsindical.com.ar\/notas\/wp-json\/wp\/v2\/categories?post=1256"},{"taxonomy":"post_tag","embeddable":true,"href":"https:\/\/www.elsindical.com.ar\/notas\/wp-json\/wp\/v2\/tags?post=1256"}],"curies":[{"name":"wp","href":"https:\/\/api.w.org\/{rel}","templated":true}]}}