{"id":125596,"date":"2023-09-26T17:45:20","date_gmt":"2023-09-26T20:45:20","guid":{"rendered":"https:\/\/www.elsindical.com.ar\/notas\/?p=125596"},"modified":"2023-09-26T17:45:22","modified_gmt":"2023-09-26T20:45:22","slug":"fuerte-incremento-de-la-vtv-en-la-provincia-de-buenos-aires","status":"publish","type":"post","link":"https:\/\/www.elsindical.com.ar\/notas\/fuerte-incremento-de-la-vtv-en-la-provincia-de-buenos-aires\/","title":{"rendered":"Fuerte incremento de la VTV en la provincia de Buenos Aires"},"content":{"rendered":"<div class=\"wp-block-image\">\n<figure class=\"aligncenter size-full is-resized\"><a href=\"https:\/\/www.elsindical.com.ar\/notas\/var\/www\/html\/notas\/wp-content\/uploads\/2015\/07\/VTV-control.jpg\"><img loading=\"lazy\" decoding=\"async\" src=\"https:\/\/www.elsindical.com.ar\/notas\/var\/www\/html\/notas\/wp-content\/uploads\/2015\/07\/VTV-control.jpg\" alt=\"\" class=\"wp-image-52802\" style=\"width:782px;height:481px\" width=\"782\" height=\"481\" srcset=\"https:\/\/www.elsindical.com.ar\/notas\/var\/www\/html\/notas\/wp-content\/uploads\/2015\/07\/VTV-control.jpg 620w, https:\/\/www.elsindical.com.ar\/notas\/var\/www\/html\/notas\/wp-content\/uploads\/2015\/07\/VTV-control-300x184.jpg 300w, https:\/\/www.elsindical.com.ar\/notas\/var\/www\/html\/notas\/wp-content\/uploads\/2015\/07\/VTV-control-488x300.jpg 488w\" sizes=\"auto, (max-width: 782px) 100vw, 782px\" \/><\/a><\/figure>\n<\/div>\n\n\n<p>El tr\u00e1mite de la Verificaci\u00f3n T\u00e9cnica Veh\u00edcular (VTV) aument\u00f3 cerca del 35 % su valor en la provincia de Buenos Aires.<br>Con el nuevo cuadro tarifario, el costo del tr\u00e1mite para veh\u00edculos livianos, que antes se ubicaba en $6.400, pas\u00f3 a <strong>$9.870,35<\/strong>.<br><br>En cuanto a las dem\u00e1s categor\u00edas, el valor de la VTV para motoveh\u00edculos pas\u00f3 a $2.961,10; para veh\u00edculos de m\u00e1s de 2.500 kilos, a <strong>$17.766,62<\/strong>; remolques y acoplados livianos, $4.935,17; y remolques y acoplados de m\u00e1s de 2.500 kilogramos, $8.883,31.<br><br>Para consultas se puede contactar a trav\u00e9s de: <a href=\"mailto:usuariosvtv@transporte.gba.gob.ar\">usuariosvtv@transporte.gba.gob.ar<\/a> o por Whatsapp al: +<strong>54 9 2216 38-7367<\/strong><br><br>La solicitud de turnos se realiza online, a trav\u00e9s de la p\u00e1gina <a href=\"https:\/\/www.vtv.minfra.gba.gob.ar\/ervtv.php\">https:\/\/www.vtv.minfra.gba.gob.ar\/ervtv.php<\/a><\/p>\n","protected":false},"excerpt":{"rendered":"<p>El tr\u00e1mite de la Verificaci\u00f3n T\u00e9cnica Veh\u00edcular (VTV) aument\u00f3 cerca del 35 % su valor en la provincia de Buenos Aires.Con el nuevo cuadro tarifario, el costo del tr\u00e1mite para veh\u00edculos livianos, que antes se ubicaba en $6.400, pas\u00f3 a $9.870,35. En cuanto a las dem\u00e1s categor\u00edas, el valor de la VTV para motoveh\u00edculos pas\u00f3&hellip;<\/p>\n","protected":false},"author":1,"featured_media":52802,"comment_status":"open","ping_status":"open","sticky":false,"template":"","format":"standard","meta":{"footnotes":""},"categories":[9],"tags":[357,2450,22023,16396,21849],"class_list":["post-125596","post","type-post","status-publish","format-standard","has-post-thumbnail","hentry","category-economia","tag-aumento","tag-diario-el-sindical","tag-economia","tag-pba","tag-vtv"],"_links":{"self":[{"href":"https:\/\/www.elsindical.com.ar\/notas\/wp-json\/wp\/v2\/posts\/125596","targetHints":{"allow":["GET"]}}],"collection":[{"href":"https:\/\/www.elsindical.com.ar\/notas\/wp-json\/wp\/v2\/posts"}],"about":[{"href":"https:\/\/www.elsindical.com.ar\/notas\/wp-json\/wp\/v2\/types\/post"}],"author":[{"embeddable":true,"href":"https:\/\/www.elsindical.com.ar\/notas\/wp-json\/wp\/v2\/users\/1"}],"replies":[{"embeddable":true,"href":"https:\/\/www.elsindical.com.ar\/notas\/wp-json\/wp\/v2\/comments?post=125596"}],"version-history":[{"count":1,"href":"https:\/\/www.elsindical.com.ar\/notas\/wp-json\/wp\/v2\/posts\/125596\/revisions"}],"predecessor-version":[{"id":125597,"href":"https:\/\/www.elsindical.com.ar\/notas\/wp-json\/wp\/v2\/posts\/125596\/revisions\/125597"}],"wp:featuredmedia":[{"embeddable":true,"href":"https:\/\/www.elsindical.com.ar\/notas\/wp-json\/wp\/v2\/media\/52802"}],"wp:attachment":[{"href":"https:\/\/www.elsindical.com.ar\/notas\/wp-json\/wp\/v2\/media?parent=125596"}],"wp:term":[{"taxonomy":"category","embeddable":true,"href":"https:\/\/www.elsindical.com.ar\/notas\/wp-json\/wp\/v2\/categories?post=125596"},{"taxonomy":"post_tag","embeddable":true,"href":"https:\/\/www.elsindical.com.ar\/notas\/wp-json\/wp\/v2\/tags?post=125596"}],"curies":[{"name":"wp","href":"https:\/\/api.w.org\/{rel}","templated":true}]}}