{"id":125515,"date":"2023-09-23T11:49:08","date_gmt":"2023-09-23T14:49:08","guid":{"rendered":"https:\/\/www.elsindical.com.ar\/notas\/?p=125515"},"modified":"2023-09-23T11:49:09","modified_gmt":"2023-09-23T14:49:09","slug":"avellaneda-se-inauguro-la-primera-etapa-del-proyecto-corredor-costero","status":"publish","type":"post","link":"https:\/\/www.elsindical.com.ar\/notas\/avellaneda-se-inauguro-la-primera-etapa-del-proyecto-corredor-costero\/","title":{"rendered":"Avellaneda: se inaugur\u00f3 la primera etapa del Proyecto Corredor Costero"},"content":{"rendered":"\n<figure class=\"wp-block-image size-large\"><a href=\"https:\/\/www.elsindical.com.ar\/notas\/var\/www\/html\/notas\/wp-content\/uploads\/2023\/09\/Corredor-Costero-1.jpeg\"><img loading=\"lazy\" decoding=\"async\" width=\"1024\" height=\"576\" src=\"https:\/\/www.elsindical.com.ar\/notas\/var\/www\/html\/notas\/wp-content\/uploads\/2023\/09\/Corredor-Costero-1-1024x576.jpeg\" alt=\"\" class=\"wp-image-125516\" srcset=\"https:\/\/www.elsindical.com.ar\/notas\/var\/www\/html\/notas\/wp-content\/uploads\/2023\/09\/Corredor-Costero-1-1024x576.jpeg 1024w, https:\/\/www.elsindical.com.ar\/notas\/var\/www\/html\/notas\/wp-content\/uploads\/2023\/09\/Corredor-Costero-1-300x169.jpeg 300w, https:\/\/www.elsindical.com.ar\/notas\/var\/www\/html\/notas\/wp-content\/uploads\/2023\/09\/Corredor-Costero-1-768x432.jpeg 768w, https:\/\/www.elsindical.com.ar\/notas\/var\/www\/html\/notas\/wp-content\/uploads\/2023\/09\/Corredor-Costero-1-500x281.jpeg 500w, https:\/\/www.elsindical.com.ar\/notas\/var\/www\/html\/notas\/wp-content\/uploads\/2023\/09\/Corredor-Costero-1-460x260.jpeg 460w, https:\/\/www.elsindical.com.ar\/notas\/var\/www\/html\/notas\/wp-content\/uploads\/2023\/09\/Corredor-Costero-1.jpeg 1280w\" sizes=\"auto, (max-width: 1024px) 100vw, 1024px\" \/><\/a><\/figure>\n\n\n\n<p class=\"wp-block-paragraph\">La iniciativa busca asegurar el funcionamiento natural de la planicie de inundaci\u00f3n del R\u00edo de la Plata delimitada por la autopista junto con el desarrollo de \u00e1reas de esparcimiento p\u00fablico de calidad ambiental.<\/p>\n\n\n\n<p class=\"wp-block-paragraph\">La costa de Avellaneda fue el escnario para la inauguraci\u00f3n de la primera etapa del Proyecto Corredor Costero Avellaneda\u2013Quilmes un proyecto elaborado en el marco del Programa de Parques Metropolitanos (DAMI II), que <strong>busca asegurar el funcionamiento natural de la planicie de inundaci\u00f3n del R\u00edo de la Plata delimitada por la Autopista Buenos Aires- La Plata <\/strong>junto con el desarrollo de \u00e1reas de esparcimiento p\u00fablico de calidad ambiental.<\/p>\n\n\n\n<p class=\"wp-block-paragraph\">El evento cont\u00f3 con la presencia del <strong>ministro de Desarrollo Territorial y H\u00e1bitat de la Naci\u00f3n, Santiago Maggiotti, junto con el intendente de Avellaneda, Jorge Ferraresi y<\/strong> la presidente de la Coordinaci\u00f3n Ecol\u00f3gica \u00c1rea Metropolitana Sociedad del Estado (CEAMSE), M\u00f3nica Cappellini,<\/p>\n\n\n\n<p class=\"wp-block-paragraph\">El ministro record\u00f3 que \u201ceste lugar era para la basura y<strong> hoy va a ser un lugar de encuentro<\/strong>, en donde los vecinos de Avellaneda, que ten\u00edan prohibido ver el r\u00edo, hoy lo van a poder disfrutar\u201d.<\/p>\n\n\n\n<p class=\"wp-block-paragraph\">En esta primera etapa <strong>quedaron abiertos los circuitos de visitas guiadas que se realizar\u00e1n en grupos con combis y a pie, por sectores recuperados y parquizados del Relleno Sanitario de Avellaneda y Quilme<\/strong>s que incluye \u00e1reas de inter\u00e9s como la zona de reservas de la costa, el espacio de Memoria, el hist\u00f3rico Mangrullo y las nuevas obras para pr\u00e1cticas deportivas, juegos para infancias, \u00e1reas de descanso y un mariposario, prontas a inaugurarse.<\/p>\n\n\n\n<p class=\"wp-block-paragraph\">El proyecto<strong> finalizar\u00e1 a fin de a\u00f1o con la apertura total del parque para uso de la comunidad, <\/strong>convirti\u00e9ndolo en un lugar de encuentro y disfrute para las comunidades locales y para todas las personas que quieran visitarlo<\/p>\n\n\n\n<figure class=\"wp-block-gallery has-nested-images columns-1 is-cropped wp-block-gallery-1 is-layout-flex wp-block-gallery-is-layout-flex\">\n<figure class=\"wp-block-image size-large\"><a href=\"https:\/\/www.elsindical.com.ar\/notas\/var\/www\/html\/notas\/wp-content\/uploads\/2023\/09\/Corredor-Costero-2.jpeg\"><img loading=\"lazy\" decoding=\"async\" width=\"1024\" height=\"576\" data-id=\"125517\" src=\"https:\/\/www.elsindical.com.ar\/notas\/var\/www\/html\/notas\/wp-content\/uploads\/2023\/09\/Corredor-Costero-2-1024x576.jpeg\" alt=\"\" class=\"wp-image-125517\" srcset=\"https:\/\/www.elsindical.com.ar\/notas\/var\/www\/html\/notas\/wp-content\/uploads\/2023\/09\/Corredor-Costero-2-1024x576.jpeg 1024w, https:\/\/www.elsindical.com.ar\/notas\/var\/www\/html\/notas\/wp-content\/uploads\/2023\/09\/Corredor-Costero-2-300x169.jpeg 300w, https:\/\/www.elsindical.com.ar\/notas\/var\/www\/html\/notas\/wp-content\/uploads\/2023\/09\/Corredor-Costero-2-768x432.jpeg 768w, https:\/\/www.elsindical.com.ar\/notas\/var\/www\/html\/notas\/wp-content\/uploads\/2023\/09\/Corredor-Costero-2-500x281.jpeg 500w, https:\/\/www.elsindical.com.ar\/notas\/var\/www\/html\/notas\/wp-content\/uploads\/2023\/09\/Corredor-Costero-2-460x260.jpeg 460w, https:\/\/www.elsindical.com.ar\/notas\/var\/www\/html\/notas\/wp-content\/uploads\/2023\/09\/Corredor-Costero-2.jpeg 1280w\" sizes=\"auto, (max-width: 1024px) 100vw, 1024px\" \/><\/a><\/figure>\n\n\n\n<figure class=\"wp-block-image size-large\"><a href=\"https:\/\/www.elsindical.com.ar\/notas\/var\/www\/html\/notas\/wp-content\/uploads\/2023\/09\/Corredor-Costero-3.jpeg\"><img loading=\"lazy\" decoding=\"async\" width=\"1024\" height=\"576\" data-id=\"125518\" src=\"https:\/\/www.elsindical.com.ar\/notas\/var\/www\/html\/notas\/wp-content\/uploads\/2023\/09\/Corredor-Costero-3-1024x576.jpeg\" alt=\"\" class=\"wp-image-125518\" srcset=\"https:\/\/www.elsindical.com.ar\/notas\/var\/www\/html\/notas\/wp-content\/uploads\/2023\/09\/Corredor-Costero-3-1024x576.jpeg 1024w, https:\/\/www.elsindical.com.ar\/notas\/var\/www\/html\/notas\/wp-content\/uploads\/2023\/09\/Corredor-Costero-3-300x169.jpeg 300w, https:\/\/www.elsindical.com.ar\/notas\/var\/www\/html\/notas\/wp-content\/uploads\/2023\/09\/Corredor-Costero-3-768x432.jpeg 768w, https:\/\/www.elsindical.com.ar\/notas\/var\/www\/html\/notas\/wp-content\/uploads\/2023\/09\/Corredor-Costero-3-500x281.jpeg 500w, https:\/\/www.elsindical.com.ar\/notas\/var\/www\/html\/notas\/wp-content\/uploads\/2023\/09\/Corredor-Costero-3-460x260.jpeg 460w, https:\/\/www.elsindical.com.ar\/notas\/var\/www\/html\/notas\/wp-content\/uploads\/2023\/09\/Corredor-Costero-3.jpeg 1280w\" sizes=\"auto, (max-width: 1024px) 100vw, 1024px\" \/><\/a><\/figure>\n\n\n\n<figure class=\"wp-block-image size-large\"><a href=\"https:\/\/www.elsindical.com.ar\/notas\/var\/www\/html\/notas\/wp-content\/uploads\/2023\/09\/Corredor-Costero-4.jpeg\"><img loading=\"lazy\" decoding=\"async\" width=\"1024\" height=\"576\" data-id=\"125519\" src=\"https:\/\/www.elsindical.com.ar\/notas\/var\/www\/html\/notas\/wp-content\/uploads\/2023\/09\/Corredor-Costero-4-1024x576.jpeg\" alt=\"\" class=\"wp-image-125519\" srcset=\"https:\/\/www.elsindical.com.ar\/notas\/var\/www\/html\/notas\/wp-content\/uploads\/2023\/09\/Corredor-Costero-4-1024x576.jpeg 1024w, https:\/\/www.elsindical.com.ar\/notas\/var\/www\/html\/notas\/wp-content\/uploads\/2023\/09\/Corredor-Costero-4-300x169.jpeg 300w, https:\/\/www.elsindical.com.ar\/notas\/var\/www\/html\/notas\/wp-content\/uploads\/2023\/09\/Corredor-Costero-4-768x432.jpeg 768w, https:\/\/www.elsindical.com.ar\/notas\/var\/www\/html\/notas\/wp-content\/uploads\/2023\/09\/Corredor-Costero-4-500x281.jpeg 500w, https:\/\/www.elsindical.com.ar\/notas\/var\/www\/html\/notas\/wp-content\/uploads\/2023\/09\/Corredor-Costero-4-460x260.jpeg 460w, https:\/\/www.elsindical.com.ar\/notas\/var\/www\/html\/notas\/wp-content\/uploads\/2023\/09\/Corredor-Costero-4.jpeg 1280w\" sizes=\"auto, (max-width: 1024px) 100vw, 1024px\" \/><\/a><\/figure>\n<\/figure>\n","protected":false},"excerpt":{"rendered":"<p>La iniciativa busca asegurar el funcionamiento natural de la planicie de inundaci\u00f3n del R\u00edo de la Plata delimitada por la autopista junto con el desarrollo de \u00e1reas de esparcimiento p\u00fablico de calidad ambiental. La costa de Avellaneda fue el escnario para la inauguraci\u00f3n de la primera etapa del Proyecto Corredor Costero Avellaneda\u2013Quilmes un proyecto elaborado&hellip;<\/p>\n","protected":false},"author":1,"featured_media":125516,"comment_status":"open","ping_status":"open","sticky":false,"template":"","format":"standard","meta":{"footnotes":""},"categories":[13],"tags":[461,3099,41173,2450,41172,41174,684],"class_list":["post-125515","post","type-post","status-publish","format-standard","has-post-thumbnail","hentry","category-politica","tag-avellaneda","tag-ceamse","tag-dami-ii","tag-diario-el-sindical","tag-monica-cappellini","tag-proyecto-corredor-costero-avellaneda-dominico","tag-quilmes"],"_links":{"self":[{"href":"https:\/\/www.elsindical.com.ar\/notas\/wp-json\/wp\/v2\/posts\/125515","targetHints":{"allow":["GET"]}}],"collection":[{"href":"https:\/\/www.elsindical.com.ar\/notas\/wp-json\/wp\/v2\/posts"}],"about":[{"href":"https:\/\/www.elsindical.com.ar\/notas\/wp-json\/wp\/v2\/types\/post"}],"author":[{"embeddable":true,"href":"https:\/\/www.elsindical.com.ar\/notas\/wp-json\/wp\/v2\/users\/1"}],"replies":[{"embeddable":true,"href":"https:\/\/www.elsindical.com.ar\/notas\/wp-json\/wp\/v2\/comments?post=125515"}],"version-history":[{"count":1,"href":"https:\/\/www.elsindical.com.ar\/notas\/wp-json\/wp\/v2\/posts\/125515\/revisions"}],"predecessor-version":[{"id":125520,"href":"https:\/\/www.elsindical.com.ar\/notas\/wp-json\/wp\/v2\/posts\/125515\/revisions\/125520"}],"wp:featuredmedia":[{"embeddable":true,"href":"https:\/\/www.elsindical.com.ar\/notas\/wp-json\/wp\/v2\/media\/125516"}],"wp:attachment":[{"href":"https:\/\/www.elsindical.com.ar\/notas\/wp-json\/wp\/v2\/media?parent=125515"}],"wp:term":[{"taxonomy":"category","embeddable":true,"href":"https:\/\/www.elsindical.com.ar\/notas\/wp-json\/wp\/v2\/categories?post=125515"},{"taxonomy":"post_tag","embeddable":true,"href":"https:\/\/www.elsindical.com.ar\/notas\/wp-json\/wp\/v2\/tags?post=125515"}],"curies":[{"name":"wp","href":"https:\/\/api.w.org\/{rel}","templated":true}]}}