{"id":125500,"date":"2023-09-22T02:09:51","date_gmt":"2023-09-22T05:09:51","guid":{"rendered":"https:\/\/www.elsindical.com.ar\/notas\/?p=125500"},"modified":"2023-09-22T02:09:52","modified_gmt":"2023-09-22T05:09:52","slug":"seis-de-cada-diez-argentinos-ganaba-menos-de-140-mil-a-mitad-de-ano","status":"publish","type":"post","link":"https:\/\/www.elsindical.com.ar\/notas\/seis-de-cada-diez-argentinos-ganaba-menos-de-140-mil-a-mitad-de-ano\/","title":{"rendered":"Seis de cada diez argentinos ganaba menos de $140 mil a mitad de a\u00f1o"},"content":{"rendered":"\n<figure class=\"wp-block-image size-large\"><a href=\"https:\/\/www.elsindical.com.ar\/notas\/var\/www\/html\/notas\/wp-content\/uploads\/2023\/09\/distribucion-de-ingresos-INDEC.jpeg\"><img loading=\"lazy\" decoding=\"async\" width=\"1024\" height=\"696\" src=\"https:\/\/www.elsindical.com.ar\/notas\/var\/www\/html\/notas\/wp-content\/uploads\/2023\/09\/distribucion-de-ingresos-INDEC-1024x696.jpeg\" alt=\"\" class=\"wp-image-125501\" srcset=\"https:\/\/www.elsindical.com.ar\/notas\/var\/www\/html\/notas\/wp-content\/uploads\/2023\/09\/distribucion-de-ingresos-INDEC-1024x696.jpeg 1024w, https:\/\/www.elsindical.com.ar\/notas\/var\/www\/html\/notas\/wp-content\/uploads\/2023\/09\/distribucion-de-ingresos-INDEC-300x204.jpeg 300w, https:\/\/www.elsindical.com.ar\/notas\/var\/www\/html\/notas\/wp-content\/uploads\/2023\/09\/distribucion-de-ingresos-INDEC-768x522.jpeg 768w, https:\/\/www.elsindical.com.ar\/notas\/var\/www\/html\/notas\/wp-content\/uploads\/2023\/09\/distribucion-de-ingresos-INDEC-441x300.jpeg 441w, https:\/\/www.elsindical.com.ar\/notas\/var\/www\/html\/notas\/wp-content\/uploads\/2023\/09\/distribucion-de-ingresos-INDEC.jpeg 1200w\" sizes=\"auto, (max-width: 1024px) 100vw, 1024px\" \/><\/a><\/figure>\n\n\n\n<p>Son datos sobre la desigualdad en Argentina durante el segundo trimestre del a\u00f1o. Se teme que por la devaluaci\u00f3n de mediados de agosto se haya agravado.<\/p>\n\n\n\n<p>Si bien la distribuci\u00f3n del ingreso mejor\u00f3 hacia mediados de a\u00f1o, seg\u00fan revel\u00f3 hoy el INDEC, pero <strong>m\u00e1s seis de cada diez familias percib\u00eda un ingreso promedio de $138.595 en el segundo trimestre, <\/strong>datos que si bien quedaron defasados teniendo en cuenta la devaluaci\u00f3n del 14 de agosto \u00faltimo, permitir\u00e1n en los pr\u00f3ximos meses tener una idea de c\u00f3mo evolucion\u00f3 la desigualdad tras la depreciaci\u00f3n del peso.<\/p>\n\n\n\n<p>El <strong>62,4% de la poblaci\u00f3n ocupada percibi\u00f3 un ingreso promedio de $138.595 <\/strong>durante el segundo trimestre del 2023.<\/p>\n\n\n\n<p>Durante el primer trimestre de 2023, <strong>los varones tuvieron una entrada promedio de $161.252, mientras las mujeres fue de $116.584.<\/strong><\/p>\n\n\n\n<p>En tanto, en el coeficiente de Gini, una ecuaci\u00f3n que tiene al 0 como el nivel de mayor igualdad y al 1 con el mayor desequilibrio, qued\u00f3 reflejada una mejora respecto del primer trimestre.<\/p>\n\n\n\n<p>Respecto de la <strong>poblaci\u00f3n ocupada, se registr\u00f3 un ingreso promedio de $141.508 y un ingreso mediano de $120.000, <\/strong>equivalente al l\u00edmite superior de ingresos del decil 5, bajo el cual se sit\u00faa el 50% de las personas ocupadas.<\/p>\n\n\n\n<p>El ingreso promedio de los primeros <strong>cuatro deciles de la poblaci\u00f3n, ordenada seg\u00fan ingreso de la ocupaci\u00f3n principal, es de $51.771.<\/strong><\/p>\n\n\n\n<p>El ingreso promedio del estrato medio (deciles 5 a 8) es de<strong> $143.286, mientras que el ingreso de los deciles 9 y 10 equivale a $317.518.<\/strong><\/p>\n\n\n\n<p>Respecto de la poblaci\u00f3n asalariada, <strong>se registraron 9.545.762 personas con ingreso promedio de $149.048.<\/strong><\/p>\n\n\n\n<p>El <strong>ingreso promedio de las personas asalariadas con descuento jubilatorio fue de $186.987 <\/strong>(+108,6% interanual), mientras que en el caso de aquellas sin descuento jubilatorio, <strong>el ingreso promedio equivale a $81.736 <\/strong>(+112,4% interanual).<\/p>\n","protected":false},"excerpt":{"rendered":"<p>Son datos sobre la desigualdad en Argentina durante el segundo trimestre del a\u00f1o. Se teme que por la devaluaci\u00f3n de mediados de agosto se haya agravado. Si bien la distribuci\u00f3n del ingreso mejor\u00f3 hacia mediados de a\u00f1o, seg\u00fan revel\u00f3 hoy el INDEC, pero m\u00e1s seis de cada diez familias percib\u00eda un ingreso promedio de $138.595&hellip;<\/p>\n","protected":false},"author":1,"featured_media":125501,"comment_status":"open","ping_status":"open","sticky":false,"template":"","format":"standard","meta":{"footnotes":""},"categories":[9,25],"tags":[127,25598,2450,22023,1291,2200,3783,75],"class_list":["post-125500","post","type-post","status-publish","format-standard","has-post-thumbnail","hentry","category-economia","category-sociedad","tag-argentina","tag-desigualdad","tag-diario-el-sindical","tag-economia","tag-familias","tag-indec","tag-ingresos","tag-sueldos"],"_links":{"self":[{"href":"https:\/\/www.elsindical.com.ar\/notas\/wp-json\/wp\/v2\/posts\/125500","targetHints":{"allow":["GET"]}}],"collection":[{"href":"https:\/\/www.elsindical.com.ar\/notas\/wp-json\/wp\/v2\/posts"}],"about":[{"href":"https:\/\/www.elsindical.com.ar\/notas\/wp-json\/wp\/v2\/types\/post"}],"author":[{"embeddable":true,"href":"https:\/\/www.elsindical.com.ar\/notas\/wp-json\/wp\/v2\/users\/1"}],"replies":[{"embeddable":true,"href":"https:\/\/www.elsindical.com.ar\/notas\/wp-json\/wp\/v2\/comments?post=125500"}],"version-history":[{"count":1,"href":"https:\/\/www.elsindical.com.ar\/notas\/wp-json\/wp\/v2\/posts\/125500\/revisions"}],"predecessor-version":[{"id":125502,"href":"https:\/\/www.elsindical.com.ar\/notas\/wp-json\/wp\/v2\/posts\/125500\/revisions\/125502"}],"wp:featuredmedia":[{"embeddable":true,"href":"https:\/\/www.elsindical.com.ar\/notas\/wp-json\/wp\/v2\/media\/125501"}],"wp:attachment":[{"href":"https:\/\/www.elsindical.com.ar\/notas\/wp-json\/wp\/v2\/media?parent=125500"}],"wp:term":[{"taxonomy":"category","embeddable":true,"href":"https:\/\/www.elsindical.com.ar\/notas\/wp-json\/wp\/v2\/categories?post=125500"},{"taxonomy":"post_tag","embeddable":true,"href":"https:\/\/www.elsindical.com.ar\/notas\/wp-json\/wp\/v2\/tags?post=125500"}],"curies":[{"name":"wp","href":"https:\/\/api.w.org\/{rel}","templated":true}]}}