{"id":125484,"date":"2023-09-22T00:42:02","date_gmt":"2023-09-22T03:42:02","guid":{"rendered":"https:\/\/www.elsindical.com.ar\/notas\/?p=125484"},"modified":"2023-09-22T00:42:02","modified_gmt":"2023-09-22T03:42:02","slug":"elecciones-tecnicos-aeronauticos-se-constituyo-un-frente-opositor-que-le-disputara-la-conduccion-a-ricardo-cirielli-que-busca-su-noveno-mandato","status":"publish","type":"post","link":"https:\/\/www.elsindical.com.ar\/notas\/elecciones-tecnicos-aeronauticos-se-constituyo-un-frente-opositor-que-le-disputara-la-conduccion-a-ricardo-cirielli-que-busca-su-noveno-mandato\/","title":{"rendered":"Elecciones T\u00e9cnicos Aeron\u00e1uticos: se constituy\u00f3 un frente opositor que le disputar\u00e1 la conducci\u00f3n a Ricardo Cirielli que busca su noveno mandato"},"content":{"rendered":"<div class=\"wp-block-image\">\n<figure class=\"aligncenter size-full\"><a href=\"https:\/\/www.elsindical.com.ar\/notas\/var\/www\/html\/notas\/wp-content\/uploads\/2023\/09\/Lista-celeste-tecnicos-aeronaticos-1.jpeg\"><img loading=\"lazy\" decoding=\"async\" width=\"1024\" height=\"461\" src=\"https:\/\/www.elsindical.com.ar\/notas\/var\/www\/html\/notas\/wp-content\/uploads\/2023\/09\/Lista-celeste-tecnicos-aeronaticos-1.jpeg\" alt=\"\" class=\"wp-image-125485\" srcset=\"https:\/\/www.elsindical.com.ar\/notas\/var\/www\/html\/notas\/wp-content\/uploads\/2023\/09\/Lista-celeste-tecnicos-aeronaticos-1.jpeg 1024w, https:\/\/www.elsindical.com.ar\/notas\/var\/www\/html\/notas\/wp-content\/uploads\/2023\/09\/Lista-celeste-tecnicos-aeronaticos-1-300x135.jpeg 300w, https:\/\/www.elsindical.com.ar\/notas\/var\/www\/html\/notas\/wp-content\/uploads\/2023\/09\/Lista-celeste-tecnicos-aeronaticos-1-768x346.jpeg 768w, https:\/\/www.elsindical.com.ar\/notas\/var\/www\/html\/notas\/wp-content\/uploads\/2023\/09\/Lista-celeste-tecnicos-aeronaticos-1-500x225.jpeg 500w\" sizes=\"auto, (max-width: 1024px) 100vw, 1024px\" \/><\/a><\/figure>\n<\/div>\n\n\n<p>La Asociaci\u00f3n del Personal T\u00e9cnico Aeron\u00e1utico (APTA) renovar\u00e1 su conducci\u00f3n nacional por cuatro a\u00f1os en las elecciones convocadas para el pr\u00f3ximo 27 de octubre. Luego de 32 a\u00f1os al frente del gremio, y con visibles problemas de salud, Ricardo Cirielli, enfrentar\u00e1 por primera vez un frente de unidad conformado por cuatro agrupaciones oficializadas para competir como \u201cLista Celeste\u201d y que es encabezada por Christian \u201cPocho\u201d Prado como candidato a Secretario General.<\/p>\n\n\n\n<figure class=\"wp-block-image size-full\"><a href=\"https:\/\/www.elsindical.com.ar\/notas\/var\/www\/html\/notas\/wp-content\/uploads\/2023\/09\/Lista-celeste-tecnicos-aeronaticos-2.jpeg\"><img loading=\"lazy\" decoding=\"async\" width=\"1024\" height=\"576\" src=\"https:\/\/www.elsindical.com.ar\/notas\/var\/www\/html\/notas\/wp-content\/uploads\/2023\/09\/Lista-celeste-tecnicos-aeronaticos-2.jpeg\" alt=\"\" class=\"wp-image-125486\" srcset=\"https:\/\/www.elsindical.com.ar\/notas\/var\/www\/html\/notas\/wp-content\/uploads\/2023\/09\/Lista-celeste-tecnicos-aeronaticos-2.jpeg 1024w, https:\/\/www.elsindical.com.ar\/notas\/var\/www\/html\/notas\/wp-content\/uploads\/2023\/09\/Lista-celeste-tecnicos-aeronaticos-2-300x169.jpeg 300w, https:\/\/www.elsindical.com.ar\/notas\/var\/www\/html\/notas\/wp-content\/uploads\/2023\/09\/Lista-celeste-tecnicos-aeronaticos-2-768x432.jpeg 768w, https:\/\/www.elsindical.com.ar\/notas\/var\/www\/html\/notas\/wp-content\/uploads\/2023\/09\/Lista-celeste-tecnicos-aeronaticos-2-500x281.jpeg 500w, https:\/\/www.elsindical.com.ar\/notas\/var\/www\/html\/notas\/wp-content\/uploads\/2023\/09\/Lista-celeste-tecnicos-aeronaticos-2-460x260.jpeg 460w\" sizes=\"auto, (max-width: 1024px) 100vw, 1024px\" \/><\/a><\/figure>\n\n\n\n<p>\u201cEncarnamos el recambio generacional, \u201cLa Celeste\u201d est\u00e1 conformada por dirigentes que no superamos los 43 a\u00f1os en promedio, y con experiencia de m\u00e1s de 20 a\u00f1os en el mantenimiento aeron\u00e1utico. Somos una alternativa s\u00f3lida, innovadora y con propuestas para poner en valor la profesi\u00f3n y promover la unidad de los trabajadores en una Argentina llena de desaf\u00edos que se vienen en los pr\u00f3ximos cuatro a\u00f1os de gobierno\u201d, sostuvo Prado, quien desde 2002 trabaja en los Hangares de Ezeiza.<\/p>\n\n\n\n<p>\u201cCirielli busca su noveno mandato, al borde de la jubilaci\u00f3n y con una comisi\u00f3n Directiva desprestigiada, puesta a dedo, cuyos dirigentes no representan a sus afiliados ni est\u00e1n a la altura del contexto actual\u201d, apuntan desde la oposici\u00f3n.<\/p>\n\n\n\n<p>El sindicalista que apuesta por una renovaci\u00f3n en la conducci\u00f3n tiene una fuerte militancia hist\u00f3rica. Se present\u00f3 en las \u00faltimas dos elecciones, pero el oficialismo retuvo el gremio en 2019 en medio de denuncias de fraude. En esta tercera elecci\u00f3n, el \u201cPocho\u201d, encabeza la lista por primera vez. \u201cTrabajamos en un cambio de modelo sindical que es hist\u00f3rico, necesitamos volver a una APTA fuerte y de los trabajadores; al recorrer las bases diariamente sumamos m\u00e1s y m\u00e1s adhesiones, y creemos que eso se da porque nuestros compa\u00f1eros entienden que el modelo sindical de Ricardo Cirielli est\u00e1 agotado\u201d, argument\u00f3 Prado.<\/p>\n\n\n\n<p>El gremialista reconoci\u00f3 que el oficialismo retuvo nuevamente la Junta Electoral \u201cfruto de las artima\u00f1as a las que siempre nos tuvo acostumbrado\u201d, denuncia. As\u00ed, aseguraron que el padr\u00f3n provisorio para votar asciende a 3.536 afiliados, pero la oposici\u00f3n ya present\u00f3 m\u00e1s de 850 impugnaciones por irregularidades estatutarias.<\/p>\n\n\n\n<p>\u201cLa absorci\u00f3n de Austral por parte de Aerol\u00edneas Argentinas nos hizo m\u00e1s fuertes, lo que decant\u00f3 en la unidad que hoy vivimos quienes queremos reconstruir APTA y salir del abandono sindical al que estamos expuestos\u201d, se\u00f1alaron desde la Lista Opositora.<\/p>\n\n\n\n<p>\u201cLa celeste\u201d lleva como como secretario Adjunto a Fernando Quintero y como Secretario Gremial a Gast\u00f3n Kuttnick, que junto a un armado sub 43 busca \u201cabrir las puertas de una asociaci\u00f3n para pocos y que acept\u00f3 de espalda a los afiliados flexibilizar nuestra profesi\u00f3n, entregando convenios colectivos de trabajo y privando de representaci\u00f3n sindical a diversos sectores. Nuestro compromiso es con la democracia sindical para defender la profesi\u00f3n de los T\u00e9cnicos y Despachantes Aeron\u00e1uticos, para trabajar sin el miedo y la persecuci\u00f3n que hoy nos quieren imponer si protestamos por mejorar nuestras condiciones de trabajo\u201d, agreg\u00f3 Kuttnick.<\/p>\n\n\n\n<p>El estado delicado de salud de Cirielli y su af\u00e1n de continuar al frente del gremio fue un factor determinante en la unidad de las agrupaciones que consideran una falta de responsabilidad querer ponerse al frente de los t\u00e9cnicos en estas condiciones f\u00edsicas. C\u00f3mo es de p\u00fablico conocimiento el dirigente sufri\u00f3 un ACV en marzo pasado, que lo condiciona seriamente para conducir un sindicato y m\u00e1s a\u00fan en los tiempos que vienen. \u201cLo asisten para movilizarse y no puede recorrer las bases. La organizaci\u00f3n est\u00e1 por encima de los dirigentes y hoy la propia sociedad exige el recambio de la dirigencia. Cirielli y su comisi\u00f3n directiva pretenden quedarse en Ciudadela eternamente, pero el 27 de octubre La Celeste se va a manifestar en las urnas\u201d, sostuvieron desde la oposici\u00f3n.<\/p>\n\n\n\n<p>APTA agrupa a t\u00e9cnicos aeron\u00e1uticos de Aerol\u00edneas Argentinas incluyendo la Ex Austral, t\u00e9cnicos de FADEA, aerotalleres y empresas como American Jet, Divisi\u00f3n Turbos, entre otras.<\/p>\n","protected":false},"excerpt":{"rendered":"<p>La Asociaci\u00f3n del Personal T\u00e9cnico Aeron\u00e1utico (APTA) renovar\u00e1 su conducci\u00f3n nacional por cuatro a\u00f1os en las elecciones convocadas para el pr\u00f3ximo 27 de octubre. Luego de 32 a\u00f1os al frente del gremio, y con visibles problemas de salud, Ricardo Cirielli, enfrentar\u00e1 por primera vez un frente de unidad conformado por cuatro agrupaciones oficializadas para competir&hellip;<\/p>\n","protected":false},"author":1,"featured_media":125485,"comment_status":"open","ping_status":"open","sticky":false,"template":"","format":"standard","meta":{"footnotes":""},"categories":[16],"tags":[1564,41161,2450,34260,41159,41160],"class_list":["post-125484","post","type-post","status-publish","format-standard","has-post-thumbnail","hentry","category-gremiales","tag-apta","tag-christian-pocho-prado","tag-diario-el-sindical","tag-elecciones-2023","tag-lista-celeste","tag-ricardo-cirelli"],"_links":{"self":[{"href":"https:\/\/www.elsindical.com.ar\/notas\/wp-json\/wp\/v2\/posts\/125484","targetHints":{"allow":["GET"]}}],"collection":[{"href":"https:\/\/www.elsindical.com.ar\/notas\/wp-json\/wp\/v2\/posts"}],"about":[{"href":"https:\/\/www.elsindical.com.ar\/notas\/wp-json\/wp\/v2\/types\/post"}],"author":[{"embeddable":true,"href":"https:\/\/www.elsindical.com.ar\/notas\/wp-json\/wp\/v2\/users\/1"}],"replies":[{"embeddable":true,"href":"https:\/\/www.elsindical.com.ar\/notas\/wp-json\/wp\/v2\/comments?post=125484"}],"version-history":[{"count":1,"href":"https:\/\/www.elsindical.com.ar\/notas\/wp-json\/wp\/v2\/posts\/125484\/revisions"}],"predecessor-version":[{"id":125487,"href":"https:\/\/www.elsindical.com.ar\/notas\/wp-json\/wp\/v2\/posts\/125484\/revisions\/125487"}],"wp:featuredmedia":[{"embeddable":true,"href":"https:\/\/www.elsindical.com.ar\/notas\/wp-json\/wp\/v2\/media\/125485"}],"wp:attachment":[{"href":"https:\/\/www.elsindical.com.ar\/notas\/wp-json\/wp\/v2\/media?parent=125484"}],"wp:term":[{"taxonomy":"category","embeddable":true,"href":"https:\/\/www.elsindical.com.ar\/notas\/wp-json\/wp\/v2\/categories?post=125484"},{"taxonomy":"post_tag","embeddable":true,"href":"https:\/\/www.elsindical.com.ar\/notas\/wp-json\/wp\/v2\/tags?post=125484"}],"curies":[{"name":"wp","href":"https:\/\/api.w.org\/{rel}","templated":true}]}}