{"id":125478,"date":"2023-09-21T14:48:43","date_gmt":"2023-09-21T17:48:43","guid":{"rendered":"https:\/\/www.elsindical.com.ar\/notas\/?p=125478"},"modified":"2023-09-21T15:06:43","modified_gmt":"2023-09-21T18:06:43","slug":"baby-etchecopar-denuncio-en-las-redes-por-amenazas-a-partidarios-de-milei","status":"publish","type":"post","link":"https:\/\/www.elsindical.com.ar\/notas\/baby-etchecopar-denuncio-en-las-redes-por-amenazas-a-partidarios-de-milei\/","title":{"rendered":"Baby Etchecopar denunci\u00f3 en las redes por amenazas a partidarios de Milei"},"content":{"rendered":"<div class=\"wp-block-image\">\n<figure class=\"aligncenter size-full\"><a href=\"https:\/\/www.elsindical.com.ar\/notas\/var\/www\/html\/notas\/wp-content\/uploads\/2023\/09\/Baby-denuncia-persecucion-de-militantes-de-Milei.jpg\"><img loading=\"lazy\" decoding=\"async\" width=\"512\" height=\"651\" src=\"https:\/\/www.elsindical.com.ar\/notas\/var\/www\/html\/notas\/wp-content\/uploads\/2023\/09\/Baby-denuncia-persecucion-de-militantes-de-Milei.jpg\" alt=\"\" class=\"wp-image-125479\" srcset=\"https:\/\/www.elsindical.com.ar\/notas\/var\/www\/html\/notas\/wp-content\/uploads\/2023\/09\/Baby-denuncia-persecucion-de-militantes-de-Milei.jpg 512w, https:\/\/www.elsindical.com.ar\/notas\/var\/www\/html\/notas\/wp-content\/uploads\/2023\/09\/Baby-denuncia-persecucion-de-militantes-de-Milei-236x300.jpg 236w\" sizes=\"auto, (max-width: 512px) 100vw, 512px\" \/><\/a><\/figure>\n<\/div>\n\n\n<p>Luego de anunciar p\u00fablicamente su respaldo a la candidatura de Patricia Bullrich, el periodista denunci\u00f3 por un video una serie de intimidaciones hacia su persona y a su mujer por parte de militantes del partido libertario de <strong>Javier Milei<\/strong>.<\/p>\n\n\n\n<p>En una publicaci\u00f3n, dirigida directamente a Milei, Etchecopar expres\u00f3 que desde que manifest\u00f3 su apoyo a Bullrich, hace pocos d\u00edas, viene siendo objeto de seguimientos y escraches por libertarios.<\/p>\n\n\n\n<p>El periodista dijo que est\u00e1 cansado de <strong>\u00abCristina y Cristinitos\u00bb <\/strong>(como Milei): \u00abNo queremos m\u00e1s dictadores en Argentina\u00bb, dijo el periodista. Por \u00faltimo expres\u00f3 que tiene los nombres de los libertarios que lo pretenden intimidar, y los va a denunciar p\u00fablicamente.<\/p>\n\n\n\n<figure class=\"wp-block-embed is-type-video is-provider-youtube wp-block-embed-youtube wp-embed-aspect-16-9 wp-has-aspect-ratio\"><div class=\"wp-block-embed__wrapper\">\n<iframe loading=\"lazy\" title=\"Baby Etchecopar denuncia persecuci\u00f3n\" width=\"700\" height=\"394\" src=\"https:\/\/www.youtube.com\/embed\/TvZPVWkTedw?feature=oembed\" frameborder=\"0\" allow=\"accelerometer; autoplay; clipboard-write; encrypted-media; gyroscope; picture-in-picture; web-share\" allowfullscreen><\/iframe>\n<\/div><\/figure>\n","protected":false},"excerpt":{"rendered":"<p>Luego de anunciar p\u00fablicamente su respaldo a la candidatura de Patricia Bullrich, el periodista denunci\u00f3 por un video una serie de intimidaciones hacia su persona y a su mujer por parte de militantes del partido libertario de Javier Milei. En una publicaci\u00f3n, dirigida directamente a Milei, Etchecopar expres\u00f3 que desde que manifest\u00f3 su apoyo a&hellip;<\/p>\n","protected":false},"author":1,"featured_media":125479,"comment_status":"open","ping_status":"open","sticky":false,"template":"","format":"standard","meta":{"footnotes":""},"categories":[6],"tags":[10626,175,2450,4401,28812,39963,5190,1241,2605],"class_list":["post-125478","post","type-post","status-publish","format-standard","has-post-thumbnail","hentry","category-denuncias","tag-baby-etchecopar","tag-denuncia","tag-diario-el-sindical","tag-intimidacion","tag-javier-milei","tag-la-libertad-avanza","tag-militantes","tag-patricia-bullrich","tag-redes-sociales"],"_links":{"self":[{"href":"https:\/\/www.elsindical.com.ar\/notas\/wp-json\/wp\/v2\/posts\/125478","targetHints":{"allow":["GET"]}}],"collection":[{"href":"https:\/\/www.elsindical.com.ar\/notas\/wp-json\/wp\/v2\/posts"}],"about":[{"href":"https:\/\/www.elsindical.com.ar\/notas\/wp-json\/wp\/v2\/types\/post"}],"author":[{"embeddable":true,"href":"https:\/\/www.elsindical.com.ar\/notas\/wp-json\/wp\/v2\/users\/1"}],"replies":[{"embeddable":true,"href":"https:\/\/www.elsindical.com.ar\/notas\/wp-json\/wp\/v2\/comments?post=125478"}],"version-history":[{"count":2,"href":"https:\/\/www.elsindical.com.ar\/notas\/wp-json\/wp\/v2\/posts\/125478\/revisions"}],"predecessor-version":[{"id":125481,"href":"https:\/\/www.elsindical.com.ar\/notas\/wp-json\/wp\/v2\/posts\/125478\/revisions\/125481"}],"wp:featuredmedia":[{"embeddable":true,"href":"https:\/\/www.elsindical.com.ar\/notas\/wp-json\/wp\/v2\/media\/125479"}],"wp:attachment":[{"href":"https:\/\/www.elsindical.com.ar\/notas\/wp-json\/wp\/v2\/media?parent=125478"}],"wp:term":[{"taxonomy":"category","embeddable":true,"href":"https:\/\/www.elsindical.com.ar\/notas\/wp-json\/wp\/v2\/categories?post=125478"},{"taxonomy":"post_tag","embeddable":true,"href":"https:\/\/www.elsindical.com.ar\/notas\/wp-json\/wp\/v2\/tags?post=125478"}],"curies":[{"name":"wp","href":"https:\/\/api.w.org\/{rel}","templated":true}]}}