{"id":125471,"date":"2023-09-21T13:31:18","date_gmt":"2023-09-21T16:31:18","guid":{"rendered":"https:\/\/www.elsindical.com.ar\/notas\/?p=125471"},"modified":"2023-09-21T13:31:19","modified_gmt":"2023-09-21T16:31:19","slug":"medicacion-para-mi-hijo-lazaro","status":"publish","type":"post","link":"https:\/\/www.elsindical.com.ar\/notas\/medicacion-para-mi-hijo-lazaro\/","title":{"rendered":"Medicaci\u00f3n para mi hijo L\u00e1zaro"},"content":{"rendered":"<div class=\"wp-block-image\">\n<figure class=\"aligncenter size-full\"><a href=\"https:\/\/www.elsindical.com.ar\/notas\/var\/www\/html\/notas\/wp-content\/uploads\/2023\/09\/Lazaro-pedido-solidario.jpg\"><img loading=\"lazy\" decoding=\"async\" width=\"450\" height=\"568\" src=\"https:\/\/www.elsindical.com.ar\/notas\/var\/www\/html\/notas\/wp-content\/uploads\/2023\/09\/Lazaro-pedido-solidario.jpg\" alt=\"\" class=\"wp-image-125472\" srcset=\"https:\/\/www.elsindical.com.ar\/notas\/var\/www\/html\/notas\/wp-content\/uploads\/2023\/09\/Lazaro-pedido-solidario.jpg 450w, https:\/\/www.elsindical.com.ar\/notas\/var\/www\/html\/notas\/wp-content\/uploads\/2023\/09\/Lazaro-pedido-solidario-238x300.jpg 238w\" sizes=\"auto, (max-width: 450px) 100vw, 450px\" \/><\/a><\/figure>\n<\/div>\n\n\n<figure class=\"wp-block-table\"><table><tbody><tr><td>Soy Anal\u00eda, mam\u00e1 de L\u00e1zaro de 15 a\u00f1os, quien padece la enfermedad lupus. Estoy desesperada porque la <strong>obra social Scientis<\/strong> no nos cubre la medicaci\u00f3n que mi hijo necesita para vivir. (<strong>Nro afiliado: 27243337246-3<\/strong>)<br><br>L\u00e1zaro necesita una medicaci\u00f3n especial pedi\u00e1trica por vena, la \u00fanica que puede funcionar y nuestra \u00faltima esperanza. Pero <strong>la medicaci\u00f3n es car\u00edsima<\/strong> y en euros, hago todos los esfuerzos pero <strong>no la puedo pagar<\/strong>. Como mam\u00e1, desesperada empec\u00e9 a pensar qu\u00e9 puedo vender para poder pagar la medicaci\u00f3n por la vida de mi hijo. <br><br>Estoy separada y no tengo ni auto ni casa, <strong>hasta pens\u00e9 en vender mi m\u00e1quina de coser<\/strong>.\u00a0<strong>Se me vino el mundo abajo y no s\u00e9 para d\u00f3nde tirar.<\/strong> Pido por favor que me ayuden a rogar a la obra social para que salven la vida de mi hijo. Es lo \u00fanico que tengo y <strong>lo amo con todo mi coraz\u00f3n<\/strong>. <strong>Es horrible tener que admitir que ten\u00e9s miedo.<\/strong> <br><br>Desde el 2 de agosto mi hijo est\u00e1 en riesgo por bajos gl\u00f3bulos blancos, tengo que cuidarlo a nivel extremo de cualquier infecci\u00f3n mientras sufre dolores de cabeza y v\u00f3mitos. Tengo miedo, pido por favor ayuda. Hab\u00edamos logrado que la superintendencia de un ultim\u00e1tum a la obra social, con un l\u00edmite m\u00e1ximo de 5 d\u00edas para entregar la medicaci\u00f3n, pero seguimos esperando. <br><br>Mi hijo no tiene ese tiempo. Estoy desesperada. De una mam\u00e1 a otra, o a quien empatice, s\u00f3lo pido una firma y que puedas compartir mi pedido, por L\u00e1zaro. Gracias de coraz\u00f3n.<\/td><\/tr><tr><td><\/td><\/tr><tr><td><a href=\"https:\/\/click.e.change.org\/f\/a\/UuM2uuxNM2a-TvbPJ5yPww~~\/AANj1QA~\/RgRm7ureP4QOAWh0dHBzOi8vd3d3LmNoYW5nZS5vcmcvcC9tZWRpY2FjacOzbi1wYXJhLW1pLWhpam8tbMOhemFyby9zaWduLW5vdz9jc190az1Bb3RrOXNPNVdPZUJBbDJnRldVQUFYaWN5eXZOeVFFQUJGOEJ2Q3hOTDQydkdUeEF6WFdmM0pvUUFXWSUzRCZ1dG1fY2FtcGFpZ249MGQ3ZDhiMGFjYTdkNDk3Yjk4MDE4MzAyMWQzNjU5MzImdXRtX2NvbnRlbnQ9aW5pdGlhbF92MF8wXzQmdXRtX21lZGl1bT1lbWFpbCZ1dG1fc291cmNlPWFhX2F1Z21lbnRlZF9zaWduX2FzayZ1dG1fdGVybT1jc1cDc3BjQgpk-uVlDGUfumTnUhhlZGl0b3JAZWxzaW5kaWNhbC5jb20uYXJYBAAAAAI~\" target=\"_blank\" rel=\"noreferrer noopener\">Firm\u00e1 ahora con un solo clic<\/a><\/td><\/tr><tr><td><\/td><\/tr><tr><td><a href=\"https:\/\/click.e.change.org\/f\/a\/dfmbJrFZpX21zmjsJRwybQ~~\/AANj1QA~\/RgRm7ureP4QKAWh0dHBzOi8vd3d3LmNoYW5nZS5vcmcvcC9tZWRpY2FjacOzbi1wYXJhLW1pLWhpam8tbMOhemFyby9zaWduP2NzX3RrPUFvdGs5c081V09lQkFsMmdGV1VBQVhpY3l5dk55UUVBQkY4QnZDeE5MNDJ2R1R4QXpYV2YzSm9RQVdZJTNEJnV0bV9jYW1wYWlnbj0wZDdkOGIwYWNhN2Q0OTdiOTgwMTgzMDIxZDM2NTkzMiZ1dG1fY29udGVudD1pbml0aWFsX3YwXzBfNCZ1dG1fbWVkaXVtPWVtYWlsJnV0bV9zb3VyY2U9YWFfYXVnbWVudGVkX3NpZ25fYXNrJnV0bV90ZXJtPWNzVwNzcGNCCmT65WUMZR-6ZOdSGGVkaXRvckBlbHNpbmRpY2FsLmNvbS5hclgEAAAAAg~~\" target=\"_blank\" rel=\"noreferrer noopener\">Visit\u00e1 la p\u00e1gina de la petici\u00f3n<\/a><\/td><\/tr><tr><td><\/td><\/tr><\/tbody><\/table><\/figure>\n","protected":false},"excerpt":{"rendered":"<p>Soy Anal\u00eda, mam\u00e1 de L\u00e1zaro de 15 a\u00f1os, quien padece la enfermedad lupus. Estoy desesperada porque la obra social Scientis no nos cubre la medicaci\u00f3n que mi hijo necesita para vivir. (Nro afiliado: 27243337246-3) L\u00e1zaro necesita una medicaci\u00f3n especial pedi\u00e1trica por vena, la \u00fanica que puede funcionar y nuestra \u00faltima esperanza. Pero la medicaci\u00f3n es&hellip;<\/p>\n","protected":false},"author":1,"featured_media":125472,"comment_status":"open","ping_status":"open","sticky":false,"template":"","format":"standard","meta":{"footnotes":""},"categories":[26],"tags":[23359,2450,41157,12084,41158,4758],"class_list":["post-125471","post","type-post","status-publish","format-standard","has-post-thumbnail","hentry","category-solidaridad","tag-cobertura","tag-diario-el-sindical","tag-lazaro","tag-medicacion","tag-onra-social-scientis","tag-solidaridad-2"],"_links":{"self":[{"href":"https:\/\/www.elsindical.com.ar\/notas\/wp-json\/wp\/v2\/posts\/125471","targetHints":{"allow":["GET"]}}],"collection":[{"href":"https:\/\/www.elsindical.com.ar\/notas\/wp-json\/wp\/v2\/posts"}],"about":[{"href":"https:\/\/www.elsindical.com.ar\/notas\/wp-json\/wp\/v2\/types\/post"}],"author":[{"embeddable":true,"href":"https:\/\/www.elsindical.com.ar\/notas\/wp-json\/wp\/v2\/users\/1"}],"replies":[{"embeddable":true,"href":"https:\/\/www.elsindical.com.ar\/notas\/wp-json\/wp\/v2\/comments?post=125471"}],"version-history":[{"count":1,"href":"https:\/\/www.elsindical.com.ar\/notas\/wp-json\/wp\/v2\/posts\/125471\/revisions"}],"predecessor-version":[{"id":125473,"href":"https:\/\/www.elsindical.com.ar\/notas\/wp-json\/wp\/v2\/posts\/125471\/revisions\/125473"}],"wp:featuredmedia":[{"embeddable":true,"href":"https:\/\/www.elsindical.com.ar\/notas\/wp-json\/wp\/v2\/media\/125472"}],"wp:attachment":[{"href":"https:\/\/www.elsindical.com.ar\/notas\/wp-json\/wp\/v2\/media?parent=125471"}],"wp:term":[{"taxonomy":"category","embeddable":true,"href":"https:\/\/www.elsindical.com.ar\/notas\/wp-json\/wp\/v2\/categories?post=125471"},{"taxonomy":"post_tag","embeddable":true,"href":"https:\/\/www.elsindical.com.ar\/notas\/wp-json\/wp\/v2\/tags?post=125471"}],"curies":[{"name":"wp","href":"https:\/\/api.w.org\/{rel}","templated":true}]}}