{"id":125423,"date":"2023-09-19T20:05:17","date_gmt":"2023-09-19T23:05:17","guid":{"rendered":"https:\/\/www.elsindical.com.ar\/notas\/?p=125423"},"modified":"2023-09-19T21:07:13","modified_gmt":"2023-09-20T00:07:13","slug":"c-p-c-s-a-y-aysa-s-a-ineficiencia-o-corrupcion","status":"publish","type":"post","link":"https:\/\/www.elsindical.com.ar\/notas\/c-p-c-s-a-y-aysa-s-a-ineficiencia-o-corrupcion\/","title":{"rendered":"C.P.C S.A y Aysa S.A, \u00bfineficiencia o corrupci\u00f3n?"},"content":{"rendered":"<div class=\"wp-block-image\">\n<figure class=\"aligncenter size-full\"><a href=\"https:\/\/www.elsindical.com.ar\/notas\/var\/www\/html\/notas\/wp-content\/uploads\/2023\/09\/C.P.C-y-Aysa.jpg\"><img loading=\"lazy\" decoding=\"async\" width=\"750\" height=\"750\" src=\"https:\/\/www.elsindical.com.ar\/notas\/var\/www\/html\/notas\/wp-content\/uploads\/2023\/09\/C.P.C-y-Aysa.jpg\" alt=\"\" class=\"wp-image-125424\" srcset=\"https:\/\/www.elsindical.com.ar\/notas\/var\/www\/html\/notas\/wp-content\/uploads\/2023\/09\/C.P.C-y-Aysa.jpg 750w, https:\/\/www.elsindical.com.ar\/notas\/var\/www\/html\/notas\/wp-content\/uploads\/2023\/09\/C.P.C-y-Aysa-300x300.jpg 300w, https:\/\/www.elsindical.com.ar\/notas\/var\/www\/html\/notas\/wp-content\/uploads\/2023\/09\/C.P.C-y-Aysa-150x150.jpg 150w, https:\/\/www.elsindical.com.ar\/notas\/var\/www\/html\/notas\/wp-content\/uploads\/2023\/09\/C.P.C-y-Aysa-50x50.jpg 50w\" sizes=\"auto, (max-width: 750px) 100vw, 750px\" \/><\/a><\/figure>\n<\/div>\n\n\n<p>   El se\u00f1or <strong>An\u00edbal Baltazar Alisiardi<\/strong> <strong>CUIT: 20-14529542-5<\/strong>, es el Gerente General de la empresa CPC SA, su representante legal y quien por ende firma entre otros los contratos con las empresas y\/o ministerios con los que trabajan como proveedores del Estado en diversas obras p\u00fablicas.<\/p>\n\n\n\n<p>Fundada en 1977, C.P.C S.A \u201cComercial del Plata Construcciones S.A.\u201d, se presenta como una empresa exitosa a punto tal que adquiri\u00f3 otras empresas como McKee del Plata S.A., Gesiemes S.A.C. y A.G. y Nuclar S.A. y con ellas, toda su experiencia y valor de trabajo. Por lo que han hecho desde hace meses en el partido de <strong>Avellaneda<\/strong>, me permito dudar de su valor, de su eficiencia e incluso de su transparencia por algunos de los motivos que a la fecha he podido detectar y confirmar.<\/p>\n\n\n\n<p>C.P.C S.A, con CUIT <strong>30-59865201-1<\/strong>, pertenece al denominado Grupo \u00cdndalo, cuyas \u00abcabeazas\u00bb accionistas son <strong>Crist\u00f3bal L\u00f3pez <\/strong>y <strong>Fabi\u00e1n de Sousa<\/strong>, que ha tenido varias denuncias por la forma en que se le adjudicaron algunas obras p\u00fablicas, especialmente las de obras viales que derivaron en denuncias cruzadas entre el entonces interventor de Vialidad Nacional <strong>Javier Alfredo Iguacel<\/strong> y el presidente de <strong>C.P.C S.A,<\/strong> <strong>Mariano Armando Maidana CUIT: 20-27593305-9<\/strong>, el resto de responsables de C.P.C S.A son <strong>Mart\u00edn Alejandro Lange CUIT: 20-11299310-0<\/strong>, como vicepresidente y los directores <strong>H\u00e9ctor Daniel Gonz\u00e1lez C.U.I.T. N\u00ba 20-17110885-4<\/strong> y <strong>Osvaldo Solsona<\/strong> <strong>CUIT: 20-31892092-4<\/strong>.<\/p>\n\n\n\n<p>Vale aclarar que estas empresas y estos personajes se han vuelto multimillonarios gracias a contratos con el Estado y a tener contactos pol\u00edticos que les permiten no solo ganar licitaciones sino tambi\u00e9n tener ganancias extras por la falta de controles en cuanto a la calidad y el tiempo en que se desarrollan dichas obras.<\/p>\n\n\n\n<p>Realizadas las aclaraciones sobre quienes son los responsables detr\u00e1s de estas empresas, voy a ir al tema que me ocupa.<\/p>\n\n\n\n<p>Desde hace ya varios meses, la empresa C.P.C S.A, lleva adelante un trabajo de obras para la red cloacal en el municipio de Avellaneda, trabajan en ejecuci\u00f3n de la obra <strong>SC70205<\/strong> y desde entonces hay en redes sociales una lluvia de denuncias y reclamos que paso a detallar:<\/p>\n\n\n\n<p>1-Da\u00f1os al romper tuber\u00edas de agua, de gas o provocar cortes de luz por COLGARSE de los cables de electricidad para alimentar sus equipos.<\/p>\n\n\n\n<p>2-Demoras en la ejecuci\u00f3n de las obras, es com\u00fan ver que trabajen sin motivaci\u00f3n y con movimientos m\u00e1s que lentos, mientras los menos trabajan el resto est\u00e1n con los celulares, comiendo o descansando, trabajan solo entre las 08:00 y las 17:00 de lunes a viernes siempre y cuando no hay feriados.<\/p>\n\n\n\n<p>3-Ensucian por dem\u00e1s con la tierra que utilizan y se suma que luego de que comen arrojan los restos de papeles o envases a la calle o veredas.<\/p>\n\n\n\n<p>4-Las reparaciones de las veredas que rompieron se demoran meses y cuando las realizan las hacen a como salga, es decir, no hay prolijidad, los colores no suelen coincidir y donde exist\u00eda pasto ni lo tocan dejando tierra floja que suele generar reclamos por pozos o hundimientos, esto lo deber\u00edan saber tanto C.P.C S.A, como AYSA S.A, porque son cientos las publicaciones en redes que incluyen fotos y videos.<\/p>\n\n\n\n<p>Hace unos dos meses por comentarios de vecinos cercanos solicit\u00e9 un pedido de informes a Aysa respecto a las demoras en realizar las obras, ya que esas demoras implican, vivir en el barro y la suciedad 24 horas, con todo lo que ello implica, es imposible evitar el ingreso de la tierra a las casas, ensuciando mobiliario, equipos y afectando la salud de muchos vecinos que padecen alergias, afecciones en la vista, gastos extras en medicamentos, art\u00edculos de limpieza y da\u00f1os en los veh\u00edculos que por acci\u00f3n de la tierra y el viento se raya la laca de los mismos, entonces parece que nos dicen que la obra es para vivir mejor, mientras pasan meses en los que se debe vivir mal, enfermo y con da\u00f1os de los que nadie se hace cargo.<\/p>\n\n\n\n<p>Todo esto contado parece exagerado hasta que le toca vivirlo a uno, donde ten\u00e9s que renegar para un turno con el m\u00e9dico, comprar la medicaci\u00f3n indicada que no es econ\u00f3mica y a\u00fan as\u00ed, los da\u00f1os en la salud y los bienes ocurren.<\/p>\n\n\n\n<h2 class=\"wp-block-heading\">La NO respuesta de C.P.C SA.<\/h2>\n\n\n\n<p>   Luego de investigar al respecto, surge que la empresa demora unas 10 veces m\u00e1s de lo que se demora una obra similar en cualquier pa\u00eds organizado, inexplicablemente, la misma C.P.C S.A tiene obras en otros pa\u00edses e incluso en CABA donde su servicio es muy superior.<\/p>\n\n\n<div class=\"wp-block-image\">\n<figure class=\"aligncenter size-full is-resized\"><a href=\"https:\/\/www.elsindical.com.ar\/notas\/var\/www\/html\/notas\/wp-content\/uploads\/2023\/09\/Anibal-Alisiardi.jpeg\"><img loading=\"lazy\" decoding=\"async\" src=\"https:\/\/www.elsindical.com.ar\/notas\/var\/www\/html\/notas\/wp-content\/uploads\/2023\/09\/Anibal-Alisiardi.jpeg\" alt=\"\" class=\"wp-image-125425\" style=\"width:567px;height:567px\" width=\"567\" height=\"567\" srcset=\"https:\/\/www.elsindical.com.ar\/notas\/var\/www\/html\/notas\/wp-content\/uploads\/2023\/09\/Anibal-Alisiardi.jpeg 349w, https:\/\/www.elsindical.com.ar\/notas\/var\/www\/html\/notas\/wp-content\/uploads\/2023\/09\/Anibal-Alisiardi-300x300.jpeg 300w, https:\/\/www.elsindical.com.ar\/notas\/var\/www\/html\/notas\/wp-content\/uploads\/2023\/09\/Anibal-Alisiardi-150x150.jpeg 150w, https:\/\/www.elsindical.com.ar\/notas\/var\/www\/html\/notas\/wp-content\/uploads\/2023\/09\/Anibal-Alisiardi-50x50.jpeg 50w\" sizes=\"auto, (max-width: 567px) 100vw, 567px\" \/><\/a><\/figure>\n<\/div>\n\n\n<p>Intent\u00e9 personalmente charlar con el se\u00f1or <strong>An\u00edbal Baltazar Alisiardi<\/strong>, dado que es \u00e9l quien firma el convenio con Aysa SA, para las obras que se realizan en Avellaneda, pero parece que el hombre no tiene un horario ni d\u00eda en la empresa y cuando uno llama no se encuentra. Raz\u00f3n por le env\u00ede a la empresa un mail reclamando la falta de controles y varias irregularidades detectadas que son preocupantes, ejemplo, varios de los trabajadores se quejan por los sueldos que paga la empresa, quiz\u00e1s este sea uno de los motivos por los cuales trabajan lento y mal. Se observa que son varios los que no tienen los elementos completos de seguridad e higiene, otros se quejaban de una serie de despidos injustos y mal liquidados. Los camiones que usan por lo menos en las obras de Avellaneda carecen de la oblea de verificaci\u00f3n t\u00e9cnica, un requisito sin el cual no pueden circular y las cubiertas de los mismos o est\u00e1n lisas o recapadas algo prohibido tambi\u00e9n. Realizan conexiones clandestinas al servicio el\u00e9ctrico sin tener en cuenta que es un delito y un riesgo para los equipos de los vecinos en caso de producirse una sobrecarga o desperfecto el\u00e9ctrico ya que esas conexiones est\u00e1n expuestas y se agrava todo en caso de lluvia.<\/p>\n\n\n\n<p>Luego del mail reclamando, la empresa envi\u00f3 a dos mujeres en representaci\u00f3n que de todo lo irregular y planteado solo se ocuparon de despejar el garage y sobre las cuestiones de las demoras las reconoci\u00f3, pero me dijo que piense que es por mi bien y que peor es vivir sin cloacas, curioso razonamiento, he vivido m\u00e1s de 50 a\u00f1os mejor que estos meses de suciedad y alergias, m\u00e1s a\u00fan, una de las se\u00f1oritas al preguntarle por qu\u00e9 la empresa C.P.C S.A en las obras que realizan en CABA, por ejemplo en Palermo, evitan dejar tierra en las veredas o calles, no se com\u00fan que se cuelguen de la luz e incluso se ocupan de limpiar y colocar media sombra en los frentes a alrededor de sus vallas para evitar en parte que todo se llene de tierra, la respuesta es indignante, \u00abse\u00f1or no puede comparar Palermo con Avellaneda\u00bb, inmediatamente corri\u00f3 la responsabilidad al municipio, all\u00e1 se hace porque lo exige el municipio, es decir, los cientos de vecinos que se han quejado resulta que esto pasa porque se quejan donde no deben por las redes sociales en lugar de hacer un reclamo colectivo al municipio para que se ocupe de la salud y los bienes de los vecinos. As\u00ed las cosas resulta, que Avellaneda tiene los impuestos m\u00e1s altos, pero una p\u00e9sima gesti\u00f3n de gobierno que no se ocupa de CUIDAR al vecino.<\/p>\n\n\n\n<p>As\u00ed que se\u00f1or Alisiardi, usted como Gerente General de C.P.C SA, es el primer responsable de los da\u00f1os y perjuicios y de todas las irregularidades que la empresa comete y responsable de la conducta de sus trabajadores que claro, saben que si est\u00e1n en Palermo deben evitar generar suciedad, pero ac\u00e1 a la tierra, materiales y barro que dejan se suman los restos de sus almuerzos.<\/p>\n\n\n\n<p>Un ejemplo de como se cagan en los vecinos sus empleados, la cal, es un elemento corrosivo y muy vol\u00e1til, en tres d\u00edas consecutivos han dejado la calle cubierta de cal, con lo cual cada veh\u00edculo que circula genera una nube de cal que se impregna en puertas, paredes, ventanas e ingresa a los domicilios, total, ni ellos ni usted ni los irresponsables de Aysa viven estas situaciones y se aprovechan de que la gente solo se queja en las redes sociales.<\/p>\n\n\n\n<h2 class=\"wp-block-heading\">Conclusi\u00f3n<\/h2>\n\n\n\n<p>   Los miles de vecinos que se han quejado podr\u00edan unirse en un reclamo contra la empresa C.P.C S.A y Aysa, porque los contratos son multimillonarios y no se puede consentir que los que no viven en CABA son de segunda categor\u00eda y si es un tema que debe resolver el municipio o el HCD que lo hagan, en Avellaneda se paga m\u00e1s que en Palermo de impuestos, pero curiosamente se nos cuida menos. Seg\u00fan la empresa EDESUR SA. colgarse de los cables es un delito, pero parece que en estos casos miran para otro lado, lo que no les molesta, eso s\u00ed, si por estas conexiones clandestinas se te quema algo, ellos no se responsabilizan, que lindo no?.<\/p>\n\n\n\n<p>C.P.C S.A, posee una compa\u00f1\u00eda de seguros por los dudas que alguno deba reclamar y no lo sepa, es <strong>TESTIMONIO COMPA\u00d1IA DE SEGUROS S.A<\/strong> bajo la p\u00f3liza <strong>175992<\/strong>.<\/p>\n\n\n\n<p>As\u00ed que como dice el refr\u00e1n no se queje si no se queja, hoy les presento el caso y les se\u00f1alo las irregularidades, esto reci\u00e9n comienza porque entiendo que existen entes reguladores que deber\u00e1n expedirse, el gobierno debe explicar si avala estas irregularidades en sus proveedores, m\u00e1s all\u00e1 de que estas empresas est\u00e1n vinculadas al oficialismo, hay responsabilidades administrativas y judiciales, si quieren asumir esas responsabilidades que las hagan.<\/p>\n\n\n\n<p>A la fecha han demostrado ser poco inteligentes en resolver problemas, seguramente porque siempre se han manejado con impunidad, depende de los ciudadanos hacerse respetar.<\/p>\n\n\n\n<figure class=\"wp-block-embed is-type-video is-provider-youtube wp-block-embed-youtube wp-embed-aspect-16-9 wp-has-aspect-ratio\"><div class=\"wp-block-embed__wrapper\">\n<iframe loading=\"lazy\" title=\"C P C S A y AYSA S A socios y c\u00f3mplices\" width=\"700\" height=\"394\" src=\"https:\/\/www.youtube.com\/embed\/Ahd6kJdA4Gk?feature=oembed\" frameborder=\"0\" allow=\"accelerometer; autoplay; clipboard-write; encrypted-media; gyroscope; picture-in-picture; web-share\" allowfullscreen><\/iframe>\n<\/div><\/figure>\n\n\n\n<p>Por Marcelo Ricardo Hawrylciw<\/p>\n","protected":false},"excerpt":{"rendered":"<p>El se\u00f1or An\u00edbal Baltazar Alisiardi CUIT: 20-14529542-5, es el Gerente General de la empresa CPC SA, su representante legal y quien por ende firma entre otros los contratos con las empresas y\/o ministerios con los que trabajan como proveedores del Estado en diversas obras p\u00fablicas. Fundada en 1977, C.P.C S.A \u201cComercial del Plata Construcciones S.A.\u201d,&hellip;<\/p>\n","protected":false},"author":1,"featured_media":125424,"comment_status":"open","ping_status":"open","sticky":false,"template":"","format":"standard","meta":{"footnotes":""},"categories":[10],"tags":[41123,461,31225,41124,20411,10733,2450,41125,34726,41128,41127,17965,41126],"class_list":["post-125423","post","type-post","status-publish","format-standard","has-post-thumbnail","hentry","category-editorial","tag-anibal-baltazar-alisiardi","tag-avellaneda","tag-aysa-s-a","tag-c-p-c-sa","tag-cristobal-lopez","tag-danos-y-perjuicios","tag-diario-el-sindical","tag-fabian-de-spusa","tag-grupo-indalo-2","tag-javier-alfredo-iguacel","tag-mariano-armando-maidana","tag-obras-publicas","tag-sc70205"],"_links":{"self":[{"href":"https:\/\/www.elsindical.com.ar\/notas\/wp-json\/wp\/v2\/posts\/125423","targetHints":{"allow":["GET"]}}],"collection":[{"href":"https:\/\/www.elsindical.com.ar\/notas\/wp-json\/wp\/v2\/posts"}],"about":[{"href":"https:\/\/www.elsindical.com.ar\/notas\/wp-json\/wp\/v2\/types\/post"}],"author":[{"embeddable":true,"href":"https:\/\/www.elsindical.com.ar\/notas\/wp-json\/wp\/v2\/users\/1"}],"replies":[{"embeddable":true,"href":"https:\/\/www.elsindical.com.ar\/notas\/wp-json\/wp\/v2\/comments?post=125423"}],"version-history":[{"count":2,"href":"https:\/\/www.elsindical.com.ar\/notas\/wp-json\/wp\/v2\/posts\/125423\/revisions"}],"predecessor-version":[{"id":125427,"href":"https:\/\/www.elsindical.com.ar\/notas\/wp-json\/wp\/v2\/posts\/125423\/revisions\/125427"}],"wp:featuredmedia":[{"embeddable":true,"href":"https:\/\/www.elsindical.com.ar\/notas\/wp-json\/wp\/v2\/media\/125424"}],"wp:attachment":[{"href":"https:\/\/www.elsindical.com.ar\/notas\/wp-json\/wp\/v2\/media?parent=125423"}],"wp:term":[{"taxonomy":"category","embeddable":true,"href":"https:\/\/www.elsindical.com.ar\/notas\/wp-json\/wp\/v2\/categories?post=125423"},{"taxonomy":"post_tag","embeddable":true,"href":"https:\/\/www.elsindical.com.ar\/notas\/wp-json\/wp\/v2\/tags?post=125423"}],"curies":[{"name":"wp","href":"https:\/\/api.w.org\/{rel}","templated":true}]}}