{"id":125392,"date":"2023-09-18T16:26:12","date_gmt":"2023-09-18T19:26:12","guid":{"rendered":"https:\/\/www.elsindical.com.ar\/notas\/?p=125392"},"modified":"2023-09-18T16:26:13","modified_gmt":"2023-09-18T19:26:13","slug":"lucas-yacob-que-fuma","status":"publish","type":"post","link":"https:\/\/www.elsindical.com.ar\/notas\/lucas-yacob-que-fuma\/","title":{"rendered":"Lucas Yacob, \u00bfqu\u00e9 fuma?"},"content":{"rendered":"<div class=\"wp-block-image\">\n<figure class=\"aligncenter size-large\"><a href=\"https:\/\/www.elsindical.com.ar\/notas\/var\/www\/html\/notas\/wp-content\/uploads\/2023\/09\/Lucas-Yacob-drogui.jpg\"><img loading=\"lazy\" decoding=\"async\" width=\"1024\" height=\"689\" src=\"https:\/\/www.elsindical.com.ar\/notas\/var\/www\/html\/notas\/wp-content\/uploads\/2023\/09\/Lucas-Yacob-drogui-1024x689.jpg\" alt=\"\" class=\"wp-image-125393\" srcset=\"https:\/\/www.elsindical.com.ar\/notas\/var\/www\/html\/notas\/wp-content\/uploads\/2023\/09\/Lucas-Yacob-drogui-1024x689.jpg 1024w, https:\/\/www.elsindical.com.ar\/notas\/var\/www\/html\/notas\/wp-content\/uploads\/2023\/09\/Lucas-Yacob-drogui-300x202.jpg 300w, https:\/\/www.elsindical.com.ar\/notas\/var\/www\/html\/notas\/wp-content\/uploads\/2023\/09\/Lucas-Yacob-drogui-768x517.jpg 768w, https:\/\/www.elsindical.com.ar\/notas\/var\/www\/html\/notas\/wp-content\/uploads\/2023\/09\/Lucas-Yacob-drogui-446x300.jpg 446w, https:\/\/www.elsindical.com.ar\/notas\/var\/www\/html\/notas\/wp-content\/uploads\/2023\/09\/Lucas-Yacob-drogui.jpg 1153w\" sizes=\"auto, (max-width: 1024px) 100vw, 1024px\" \/><\/a><\/figure>\n<\/div>\n\n\n<p>   El candidato de JXC a intendente de Avellaneda, el concejal Lucas Yacob, lejos de mejorar sus declaraciones y campa\u00f1a parece encaprichado en repetir mentiras y peor a\u00fan rodearse de personajes de dudosa \u00e9tica y moral.<\/p>\n\n\n\n<figure class=\"wp-block-image size-full\"><a href=\"https:\/\/www.elsindical.com.ar\/notas\/var\/www\/html\/notas\/wp-content\/uploads\/2023\/09\/Yacob-y-Campbell.jpg\"><img loading=\"lazy\" decoding=\"async\" width=\"768\" height=\"768\" src=\"https:\/\/www.elsindical.com.ar\/notas\/var\/www\/html\/notas\/wp-content\/uploads\/2023\/09\/Yacob-y-Campbell.jpg\" alt=\"\" class=\"wp-image-125394\" srcset=\"https:\/\/www.elsindical.com.ar\/notas\/var\/www\/html\/notas\/wp-content\/uploads\/2023\/09\/Yacob-y-Campbell.jpg 768w, https:\/\/www.elsindical.com.ar\/notas\/var\/www\/html\/notas\/wp-content\/uploads\/2023\/09\/Yacob-y-Campbell-300x300.jpg 300w, https:\/\/www.elsindical.com.ar\/notas\/var\/www\/html\/notas\/wp-content\/uploads\/2023\/09\/Yacob-y-Campbell-150x150.jpg 150w, https:\/\/www.elsindical.com.ar\/notas\/var\/www\/html\/notas\/wp-content\/uploads\/2023\/09\/Yacob-y-Campbell-50x50.jpg 50w\" sizes=\"auto, (max-width: 768px) 100vw, 768px\" \/><\/a><\/figure>\n\n\n\n<p>Por estos d\u00edas en distintos actos y campa\u00f1as por los barrios se lo pudo ver junto al ex funcionario de Mar\u00eda Eugenia Vidal y ex concejal del PRO San Fernando Alex Campbell, quien entre algunas de sus acciones reprochables me toc\u00f3 conocerlo encubriendo a un violador del entorno de Mauricio Macri cuya v\u00edctima era una joven mujer de San Fernando, esta clase de personas acompa\u00f1an y asesoran a Lucas Yacob? que suele opinar de la inseguridad sin conocimiento y menos cuando se rodea de estos personajes.<\/p>\n\n\n\n<p>Las mujeres que sonr\u00eden junto a ellos en las fotos, \u00bfno son solidarias con la mujer v\u00edctima de estos personajes de los c\u00edrculos del poder?, raro.<\/p>\n\n\n\n<p>Que dijo \u00faltimamente Yacob?<\/p>\n\n\n\n<p><strong>\u201cla inseguridad es el problema m\u00e1s grande de los vecinos del distrito\u201d.<\/strong><\/p>\n\n\n\n<p><strong>\u201cEstoy muy contento porque el lanzamiento fue un inicio de cara a lo que se viene. A partir del 10 de diciembre vamos a empezar a ordenar esta ciudad, en el marco de la seguridad, de los cortes en el Puente Pueyrred\u00f3n, de las tasas que est\u00e1n asfixiando a las pymes\u201d, asegur\u00f3 el concejal.<br>En este marco, profundiz\u00f3: \u201cEn el tema de seguridad es hacernos cargo. Este gobierno local planifica una pol\u00edtica que hoy no existe, los vecinos est\u00e1n a la buena de Dios\u201d.<\/strong><\/p>\n\n\n\n<p>\u00ab<strong>Lo que queremos es coordinar los operativos desde la ma\u00f1ana hasta la noche, desde que la gente se va a trabajar hasta que vuelve a la casa. Debemos tener mayor equipamiento, mayor presupuesto y ponerlo como una prioridad de la gesti\u00f3n, obviamente, teniendo en cuenta todas las otras cuestiones que tienen que ver con la ciudad, pero creemos que primordialmente el problema que tenemos los vecinos de Avellaneda es la inseguridad\u201d, insisti\u00f3.<\/strong><\/p>\n\n\n\n<p><strong>Sobre la campa\u00f1a, indic\u00f3 que \u201cobviamente hay ejes distintos a nivel nacional, provincial y local\u201d y luego insisti\u00f3: \u201cAc\u00e1 planteamos que lo que vamos a hacer es poner orden. Vemos que es un caos con los cortes en el Puente Pueyrred\u00f3n y que las zonas perif\u00e9ricas est\u00e1n totalmente a la deriva\u201d.<\/strong><\/p>\n\n\n\n<p><strong>\u201cClaramente que el vecino nos va a acompa\u00f1ar, tenemos una propuesta seria que es hacernos cargo de los problemas que el intendente no se hace cargo\u201d, a\u00f1adi\u00f3.<\/strong><\/p>\n\n\n\n<p><strong>Y sentenci\u00f3: \u201cDebemos combatir a los delincuentes, salir a buscarlos para que realmente la gente recupere la calle y pueda vivir con tranquilidad, ese es nuestro eje, nuestra principal preocupaci\u00f3n y lo vamos a llevar adelante desde el primer d\u00eda de gesti\u00f3n\u201d.<\/strong><\/p>\n\n\n\n<p>Todo muy lindo dicho en campa\u00f1a, lo que no puede explicar es c\u00f3mo va a llevar adelante esas medidas, es evidente que desconoce que no se pueden hacer operativos policiales durante las 24 hs. o miente descaradamente o es un enorme ignorante. Por otro lado los intendentes no est\u00e1n para salir a buscar delincuentes, sino para gestionar ante las autoridades competentes y apoyar con log\u00edstica o recursos las tereas de prevenci\u00f3n.<\/p>\n\n\n\n<p>Est\u00e1 muy \u00abverde\u00bb para creer que puede llegar a conducir o administrar un municipio, es mentiroso y no tiene ning\u00fan problema en mentirles en la cara a los vecinos.<\/p>\n\n\n\n<p>Por Marcelo Ricardo Hawrylciw<\/p>\n","protected":false},"excerpt":{"rendered":"<p>El candidato de JXC a intendente de Avellaneda, el concejal Lucas Yacob, lejos de mejorar sus declaraciones y campa\u00f1a parece encaprichado en repetir mentiras y peor a\u00fan rodearse de personajes de dudosa \u00e9tica y moral. Por estos d\u00edas en distintos actos y campa\u00f1as por los barrios se lo pudo ver junto al ex funcionario de&hellip;<\/p>\n","protected":false},"author":1,"featured_media":125393,"comment_status":"open","ping_status":"open","sticky":false,"template":"","format":"standard","meta":{"footnotes":""},"categories":[10],"tags":[21891,461,34260,984,33545,29303,7265,76,30,328,1463,271],"class_list":["post-125392","post","type-post","status-publish","format-standard","has-post-thumbnail","hentry","category-editorial","tag-alex-campbell","tag-avellaneda","tag-elecciones-2023","tag-inseguridad","tag-jxc","tag-lucas-yacob","tag-maria-eugenia-vidal","tag-mauricio-macri","tag-policia","tag-pro","tag-san-fernando","tag-violacion"],"_links":{"self":[{"href":"https:\/\/www.elsindical.com.ar\/notas\/wp-json\/wp\/v2\/posts\/125392","targetHints":{"allow":["GET"]}}],"collection":[{"href":"https:\/\/www.elsindical.com.ar\/notas\/wp-json\/wp\/v2\/posts"}],"about":[{"href":"https:\/\/www.elsindical.com.ar\/notas\/wp-json\/wp\/v2\/types\/post"}],"author":[{"embeddable":true,"href":"https:\/\/www.elsindical.com.ar\/notas\/wp-json\/wp\/v2\/users\/1"}],"replies":[{"embeddable":true,"href":"https:\/\/www.elsindical.com.ar\/notas\/wp-json\/wp\/v2\/comments?post=125392"}],"version-history":[{"count":1,"href":"https:\/\/www.elsindical.com.ar\/notas\/wp-json\/wp\/v2\/posts\/125392\/revisions"}],"predecessor-version":[{"id":125395,"href":"https:\/\/www.elsindical.com.ar\/notas\/wp-json\/wp\/v2\/posts\/125392\/revisions\/125395"}],"wp:featuredmedia":[{"embeddable":true,"href":"https:\/\/www.elsindical.com.ar\/notas\/wp-json\/wp\/v2\/media\/125393"}],"wp:attachment":[{"href":"https:\/\/www.elsindical.com.ar\/notas\/wp-json\/wp\/v2\/media?parent=125392"}],"wp:term":[{"taxonomy":"category","embeddable":true,"href":"https:\/\/www.elsindical.com.ar\/notas\/wp-json\/wp\/v2\/categories?post=125392"},{"taxonomy":"post_tag","embeddable":true,"href":"https:\/\/www.elsindical.com.ar\/notas\/wp-json\/wp\/v2\/tags?post=125392"}],"curies":[{"name":"wp","href":"https:\/\/api.w.org\/{rel}","templated":true}]}}