{"id":12536,"date":"2011-02-17T01:00:18","date_gmt":"2011-02-17T04:00:18","guid":{"rendered":"http:\/\/www.elsindical.com.ar\/notas\/?p=12536"},"modified":"2011-02-17T01:00:18","modified_gmt":"2011-02-17T04:00:18","slug":"san-migueltragico-choque-de-trenes","status":"publish","type":"post","link":"https:\/\/www.elsindical.com.ar\/notas\/san-migueltragico-choque-de-trenes\/","title":{"rendered":"San Miguel:Tr\u00e1gico choque de trenes"},"content":{"rendered":"<p style=\"text-align: justify;\"><a href=\"http:\/\/www.elsindical.com.ar\/notas\/var\/www\/html\/notas\/wp-content\/uploads\/2011\/02\/choque-de-trenes-San-Miguel.jpg\"><img loading=\"lazy\" decoding=\"async\" class=\"alignleft size-medium wp-image-12537\" title=\"choque-de-trenes-San-Miguel\" src=\"http:\/\/www.elsindical.com.ar\/notas\/var\/www\/html\/notas\/wp-content\/uploads\/2011\/02\/choque-de-trenes-San-Miguel-300x225.jpg\" alt=\"\" width=\"300\" height=\"225\" srcset=\"https:\/\/www.elsindical.com.ar\/notas\/var\/www\/html\/notas\/wp-content\/uploads\/2011\/02\/choque-de-trenes-San-Miguel-300x225.jpg 300w, https:\/\/www.elsindical.com.ar\/notas\/var\/www\/html\/notas\/wp-content\/uploads\/2011\/02\/choque-de-trenes-San-Miguel.jpg 400w\" sizes=\"auto, (max-width: 300px) 100vw, 300px\" \/><\/a>Un tren de pasajeros que estaba detenido en las inmediaciones de la estaci\u00f3n San Miguel fue embestido por una formaci\u00f3n provincial lo que provoc\u00f3 al menos cuatro muertos y m\u00e1s de 50 heridos, catorce de ellos de gravedad, seg\u00fan confirm\u00f3 el gobernador Daniel Scioli. El hecho ocurri\u00f3 a las 18:45 hs.\u00a0y despu\u00e9s de las 22:00\u00a0hs.\u00a0a\u00fan quedaban personas atrapadas o heridas entre los hierros de los vagones.<\/p>\n<div style=\"text-align: justify;\">\n<p style=\"text-align: justify;\">Al menos cuatro muertos y m\u00e1s de 50 heridos, catorce de ellos de gravedad, fue el resultado del choque de un tren de pasajeros con una formaci\u00f3n provincial ocurrido ayer a la tarde en las adyacencias de la estaci\u00f3n San Miguel.<\/p>\n<p>El accidente sucedi\u00f3 a las 18.45 cuando una formaci\u00f3n de pasajeros que estaba detenida a la altura del paso a nivel de la calle Irigoin, a siete cuadras de la estaci\u00f3n San Miguel, fue embestida de atr\u00e1s por un tren de la empresa Ferrobaires.<\/p>\n<p>Seg\u00fan confirm\u00f3 el gobernador Daniel Scioli, que se acerc\u00f3 al lugar del hecho cerca de las 21:00 hs., cuatro fueron las personas fallecidas, en tanto que de los 50 heridos, 14 son de gravedad.<\/p>\n<p>De acuerdo con lo que manifest\u00f3 el jefe de bomberos de San Miguel, Oscar Ferrari, dos de los fallecidos \u00abestaban en la pared externa entre dos vagones\u201d.<\/p>\n<p>En tanto, seg\u00fan inform\u00f3 el ministro de Salud bonaerense, Alejandro Collia, varias personas heridas fueron \u00abinternadas en el hospital Larcade de San Miguel\u201d y otras en un nosocomio de Malvinas Argentinas, \u201calgunas de ellas fueron intervenidas quir\u00fargicamente\u00bb durante ayer a la noche.<\/p>\n<p>Despu\u00e9s de las 22 a\u00fan quedaban personas atrapadas o heridas entre los hierros de los vagones.<\/p>\n<p>La formaci\u00f3n de pasajeros se dirig\u00eda de Retiro a Jos\u00e9 C. Paz y estaba parado a la altura del paso a nivel de la calle Irigoin, a siete cuadras de la estaci\u00f3n San Miguel, esperando que se habilitara la se\u00f1al para seguir viaje.<\/p>\n<p>En esas circunstancias, por causas que aun no fueron determinadas, es embestido por un tren de la empresa Ferrobaires, que tambi\u00e9n sali\u00f3 de Retiro y se dirig\u00eda hacia la localidad de Jun\u00edn.<\/p>\n<p>Fuentes de la empresa UGOFE dijeron que \u00abel lugar es una recta, nuestra formaci\u00f3n estaba parada esperando se\u00f1al para avanzar. La formaci\u00f3n de Ferrobaires se incrust\u00f3 dentro del tren de pasajeros y apil\u00f3 a los tres \u00faltimos vagones\u00bb.<\/p>\n<p>Trabajaron en el lugar cuatro ambulancias y dos unidades de rescate, dotaciones de Hurlingham, Jos\u00e9 C Paz, Malvinas Argentinas, Ituzaing\u00f3 y Moreno, adem\u00e1s de ambulancias y helic\u00f3pteros de emergencia y sanitarios.<\/p>\n<\/div>\n","protected":false},"excerpt":{"rendered":"<p>Un tren de pasajeros que estaba detenido en las inmediaciones de la estaci\u00f3n San Miguel fue embestido por una formaci\u00f3n provincial lo que provoc\u00f3 al menos cuatro muertos y m\u00e1s de 50 heridos, catorce de ellos de gravedad, seg\u00fan confirm\u00f3 el gobernador Daniel Scioli. El hecho ocurri\u00f3 a las 18:45 hs.\u00a0y despu\u00e9s de las 22:00\u00a0hs.\u00a0a\u00fan&hellip;<\/p>\n","protected":false},"author":1,"featured_media":0,"comment_status":"open","ping_status":"open","sticky":false,"template":"","format":"standard","meta":{"footnotes":""},"categories":[22],"tags":[990,1369,582,649,120,30,2651],"class_list":["post-12536","post","type-post","status-publish","format-standard","hentry","category-policiales","tag-accidente","tag-bomberos","tag-heridos","tag-muertos","tag-pericias","tag-policia","tag-trenes"],"_links":{"self":[{"href":"https:\/\/www.elsindical.com.ar\/notas\/wp-json\/wp\/v2\/posts\/12536","targetHints":{"allow":["GET"]}}],"collection":[{"href":"https:\/\/www.elsindical.com.ar\/notas\/wp-json\/wp\/v2\/posts"}],"about":[{"href":"https:\/\/www.elsindical.com.ar\/notas\/wp-json\/wp\/v2\/types\/post"}],"author":[{"embeddable":true,"href":"https:\/\/www.elsindical.com.ar\/notas\/wp-json\/wp\/v2\/users\/1"}],"replies":[{"embeddable":true,"href":"https:\/\/www.elsindical.com.ar\/notas\/wp-json\/wp\/v2\/comments?post=12536"}],"version-history":[{"count":1,"href":"https:\/\/www.elsindical.com.ar\/notas\/wp-json\/wp\/v2\/posts\/12536\/revisions"}],"predecessor-version":[{"id":12538,"href":"https:\/\/www.elsindical.com.ar\/notas\/wp-json\/wp\/v2\/posts\/12536\/revisions\/12538"}],"wp:attachment":[{"href":"https:\/\/www.elsindical.com.ar\/notas\/wp-json\/wp\/v2\/media?parent=12536"}],"wp:term":[{"taxonomy":"category","embeddable":true,"href":"https:\/\/www.elsindical.com.ar\/notas\/wp-json\/wp\/v2\/categories?post=12536"},{"taxonomy":"post_tag","embeddable":true,"href":"https:\/\/www.elsindical.com.ar\/notas\/wp-json\/wp\/v2\/tags?post=12536"}],"curies":[{"name":"wp","href":"https:\/\/api.w.org\/{rel}","templated":true}]}}