{"id":125357,"date":"2023-09-17T17:12:18","date_gmt":"2023-09-17T20:12:18","guid":{"rendered":"https:\/\/www.elsindical.com.ar\/notas\/?p=125357"},"modified":"2023-09-17T17:35:31","modified_gmt":"2023-09-17T20:35:31","slug":"kambourian-el-dr-basura","status":"publish","type":"post","link":"https:\/\/www.elsindical.com.ar\/notas\/kambourian-el-dr-basura\/","title":{"rendered":"Kambourian el Dr. Basura"},"content":{"rendered":"\n<figure class=\"wp-block-image size-full\"><a href=\"https:\/\/www.elsindical.com.ar\/notas\/var\/www\/html\/notas\/wp-content\/uploads\/2023\/09\/Kambourian-Bullrich.jpg\"><img loading=\"lazy\" decoding=\"async\" width=\"892\" height=\"669\" src=\"https:\/\/www.elsindical.com.ar\/notas\/var\/www\/html\/notas\/wp-content\/uploads\/2023\/09\/Kambourian-Bullrich.jpg\" alt=\"\" class=\"wp-image-125358\" srcset=\"https:\/\/www.elsindical.com.ar\/notas\/var\/www\/html\/notas\/wp-content\/uploads\/2023\/09\/Kambourian-Bullrich.jpg 892w, https:\/\/www.elsindical.com.ar\/notas\/var\/www\/html\/notas\/wp-content\/uploads\/2023\/09\/Kambourian-Bullrich-300x225.jpg 300w, https:\/\/www.elsindical.com.ar\/notas\/var\/www\/html\/notas\/wp-content\/uploads\/2023\/09\/Kambourian-Bullrich-768x576.jpg 768w, https:\/\/www.elsindical.com.ar\/notas\/var\/www\/html\/notas\/wp-content\/uploads\/2023\/09\/Kambourian-Bullrich-400x300.jpg 400w\" sizes=\"auto, (max-width: 892px) 100vw, 892px\" \/><\/a><\/figure>\n\n\n\n<p>   Una vez m\u00e1s el m\u00e9dico <strong>Carlos Kambourian<\/strong>, vuelve a usar las redes sociales para hacer campa\u00f1a distorsionando hechos, mezclando pol\u00edtica y haciendo afirmaciones tendenciosas, este impresentable de la salud y la pol\u00edtica sigue disfrutando de la impunidad que tienen algunos en la justicia gracias al apoyo de JXC, s\u00ed los que dicen que son la mejor opci\u00f3n y que con ellos se terminan todos los males.<\/p>\n\n\n\n<p>La candidata a la presidencia<strong> Patricia Bullrich<\/strong>, es el mejor ejemplo de las incongruencias entre el discurso duro que pregonan para terminar con los delincuentes y la realidad de tener uno a su lado, protegido, mintiendo y demostrando ser una basura humana, no encuentro otro t\u00e9rmino para definir a quien se apropia o como ellos dicen se roba los fondos p\u00fablicos de un hospital pedi\u00e1trico.<\/p>\n\n\n\n<p>Tampoco se entiende que la <a href=\"https:\/\/www.sap.org.ar\/\" data-type=\"link\" data-id=\"https:\/\/www.sap.org.ar\/\">Sociedad Argentina de Pediatr\u00eda <\/a>no se pronuncie respecto a las declaraciones de este personaje que ensucia el ejercicio \u00e9tico de la profesi\u00f3n con sus acciones como m\u00e9dico y el desprecio que muestra por los ni\u00f1os siendo un pediatra como se lo puede escuchar en su nuevo video, en el que aprovecha un hecho repudiable que vivi\u00f3 un argentino en Bolivia para atacar el que un ni\u00f1o sea sometido a una cirug\u00eda de coraz\u00f3n, un mal ejemplo para comparar situaciones donde mezcla todo rayando el fanatismo o la incoherencia.<\/p>\n\n\n\n<p>JXC se vuelve despreciable cuando avala, encubre y le sigue dando espacio y trabajo a un tipo de estas caracter\u00edsticas, incluso se vuelve en contra de ellos lo que pregona, habla de kirchnerismo, cuando no hay candidato kirchnerista, habla de que a partir de diciembre vuelven los derechos humanos para los argentinos y es necesario preguntarse cuando ellos fueron gobierno por 4 a\u00f1os \u00bfqu\u00e9 hicieron?, porque recuerdo no solo que todo estaba igual, sino que fue su gobierno el que apoyo un golpe de Estado donde murieron bolivianos, o este se\u00f1or cree que esas cosas se olvidan r\u00e1pido como pasa con los argentinos que tienen una memoria fr\u00e1gil y por eso \u00e9l est\u00e1 en libertad y sigue jugando al temerario por las redes sociales.<\/p>\n\n\n<div class=\"wp-block-image\">\n<figure class=\"aligncenter size-full is-resized\"><a href=\"https:\/\/www.elsindical.com.ar\/notas\/var\/www\/html\/notas\/wp-content\/uploads\/2023\/09\/Yeza-y-Kambourian.jpg\"><img loading=\"lazy\" decoding=\"async\" src=\"https:\/\/www.elsindical.com.ar\/notas\/var\/www\/html\/notas\/wp-content\/uploads\/2023\/09\/Yeza-y-Kambourian.jpg\" alt=\"\" class=\"wp-image-125359\" style=\"width:802px;height:509px\" width=\"802\" height=\"509\" srcset=\"https:\/\/www.elsindical.com.ar\/notas\/var\/www\/html\/notas\/wp-content\/uploads\/2023\/09\/Yeza-y-Kambourian.jpg 750w, https:\/\/www.elsindical.com.ar\/notas\/var\/www\/html\/notas\/wp-content\/uploads\/2023\/09\/Yeza-y-Kambourian-300x190.jpg 300w, https:\/\/www.elsindical.com.ar\/notas\/var\/www\/html\/notas\/wp-content\/uploads\/2023\/09\/Yeza-y-Kambourian-473x300.jpg 473w\" sizes=\"auto, (max-width: 802px) 100vw, 802px\" \/><\/a><\/figure>\n<\/div>\n\n\n<p>Nada justifica que a los argentinos en Bolivia no se los atienda en emergencias de salud, como nada justifica que un delincuente que seg\u00fan acredit\u00f3 la justicia gastaba miles de d\u00f3lares p\u00fablicos en viajes al exterior, pagar restaurantes y traslados, justamente \u00e9l, hable de gastos cuando en lugar de estar preso o con la matr\u00edcula suspendida fue JXC que lo contrataron como DIRECTOR en el municipio de Pinamar, no fue la meritocracia que ellos pregonan, sino puesto a dedo por su militancia, entonces, si JXC premian a esta gente son una mentira y no son una opci\u00f3n de voto para los que quieren un cambio de verdad, los delincuentes deben estar fuera de la pol\u00edtica.<\/p>\n\n\n\n<figure class=\"wp-block-image size-large\"><a href=\"https:\/\/www.elsindical.com.ar\/notas\/var\/www\/html\/notas\/wp-content\/uploads\/2023\/05\/procesamiento-de-Carlos-Kambourian.jpg\"><img loading=\"lazy\" decoding=\"async\" width=\"1024\" height=\"740\" src=\"https:\/\/www.elsindical.com.ar\/notas\/var\/www\/html\/notas\/wp-content\/uploads\/2023\/05\/procesamiento-de-Carlos-Kambourian-1024x740.jpg\" alt=\"\" class=\"wp-image-122882\" srcset=\"https:\/\/www.elsindical.com.ar\/notas\/var\/www\/html\/notas\/wp-content\/uploads\/2023\/05\/procesamiento-de-Carlos-Kambourian-1024x740.jpg 1024w, https:\/\/www.elsindical.com.ar\/notas\/var\/www\/html\/notas\/wp-content\/uploads\/2023\/05\/procesamiento-de-Carlos-Kambourian-300x217.jpg 300w, https:\/\/www.elsindical.com.ar\/notas\/var\/www\/html\/notas\/wp-content\/uploads\/2023\/05\/procesamiento-de-Carlos-Kambourian-768x555.jpg 768w, https:\/\/www.elsindical.com.ar\/notas\/var\/www\/html\/notas\/wp-content\/uploads\/2023\/05\/procesamiento-de-Carlos-Kambourian-415x300.jpg 415w, https:\/\/www.elsindical.com.ar\/notas\/var\/www\/html\/notas\/wp-content\/uploads\/2023\/05\/procesamiento-de-Carlos-Kambourian.jpg 1278w\" sizes=\"auto, (max-width: 1024px) 100vw, 1024px\" \/><\/a><\/figure>\n\n\n\n<p>Parece que ahora los pol\u00edticos aprovechan el enojo, la poca inteligencia y la falta de memoria para hacer campa\u00f1as con discursos de odio, de venganza, jugando al l\u00edmite porque muchos como este se\u00f1or si ponen esas reglas deber\u00edan ser sometidos a castigo y no terminar en la mesa de Mirtha Legrand otra hip\u00f3crita que se hace la asombrada cuando son otros los acusados de delitos, pero le da espacio a estos impresentables igual de malos y delincuentes que los que ellos critican.<\/p>\n\n\n\n<p>El silencio de los medios ante estos pol\u00edticos basura, de los colegios y asociaciones de m\u00e9dicos solo nos muestran una Argentina degradada, con una sociedad viciada entre la ignorancia, la mala memoria y que es muy f\u00e1cil de manipular.<\/p>\n\n\n\n<figure class=\"wp-block-embed is-type-video is-provider-youtube wp-block-embed-youtube wp-embed-aspect-16-9 wp-has-aspect-ratio\"><div class=\"wp-block-embed__wrapper\">\n<iframe loading=\"lazy\" title=\"Kambourian el Dr  Basura\" width=\"700\" height=\"394\" src=\"https:\/\/www.youtube.com\/embed\/RL71xLXbjwo?feature=oembed\" frameborder=\"0\" allow=\"accelerometer; autoplay; clipboard-write; encrypted-media; gyroscope; picture-in-picture; web-share\" allowfullscreen><\/iframe>\n<\/div><\/figure>\n\n\n\n<p>Por Marcelo Ricardo Hawrylciw<\/p>\n","protected":false},"excerpt":{"rendered":"<p>Una vez m\u00e1s el m\u00e9dico Carlos Kambourian, vuelve a usar las redes sociales para hacer campa\u00f1a distorsionando hechos, mezclando pol\u00edtica y haciendo afirmaciones tendenciosas, este impresentable de la salud y la pol\u00edtica sigue disfrutando de la impunidad que tienen algunos en la justicia gracias al apoyo de JXC, s\u00ed los que dicen que son la&hellip;<\/p>\n","protected":false},"author":1,"featured_media":125358,"comment_status":"open","ping_status":"open","sticky":false,"template":"","format":"standard","meta":{"footnotes":""},"categories":[10],"tags":[1141,37933,2450,34260,6428,1241,19792,1516,41098],"class_list":["post-125357","post","type-post","status-publish","format-standard","has-post-thumbnail","hentry","category-editorial","tag-bolivia","tag-carlos-kambourian","tag-diario-el-sindical","tag-elecciones-2023","tag-hospital-garrahan","tag-patricia-bullrich","tag-pediatra","tag-pinamar","tag-sociedad-argentina-de-pediatria"],"_links":{"self":[{"href":"https:\/\/www.elsindical.com.ar\/notas\/wp-json\/wp\/v2\/posts\/125357","targetHints":{"allow":["GET"]}}],"collection":[{"href":"https:\/\/www.elsindical.com.ar\/notas\/wp-json\/wp\/v2\/posts"}],"about":[{"href":"https:\/\/www.elsindical.com.ar\/notas\/wp-json\/wp\/v2\/types\/post"}],"author":[{"embeddable":true,"href":"https:\/\/www.elsindical.com.ar\/notas\/wp-json\/wp\/v2\/users\/1"}],"replies":[{"embeddable":true,"href":"https:\/\/www.elsindical.com.ar\/notas\/wp-json\/wp\/v2\/comments?post=125357"}],"version-history":[{"count":2,"href":"https:\/\/www.elsindical.com.ar\/notas\/wp-json\/wp\/v2\/posts\/125357\/revisions"}],"predecessor-version":[{"id":125361,"href":"https:\/\/www.elsindical.com.ar\/notas\/wp-json\/wp\/v2\/posts\/125357\/revisions\/125361"}],"wp:featuredmedia":[{"embeddable":true,"href":"https:\/\/www.elsindical.com.ar\/notas\/wp-json\/wp\/v2\/media\/125358"}],"wp:attachment":[{"href":"https:\/\/www.elsindical.com.ar\/notas\/wp-json\/wp\/v2\/media?parent=125357"}],"wp:term":[{"taxonomy":"category","embeddable":true,"href":"https:\/\/www.elsindical.com.ar\/notas\/wp-json\/wp\/v2\/categories?post=125357"},{"taxonomy":"post_tag","embeddable":true,"href":"https:\/\/www.elsindical.com.ar\/notas\/wp-json\/wp\/v2\/tags?post=125357"}],"curies":[{"name":"wp","href":"https:\/\/api.w.org\/{rel}","templated":true}]}}