{"id":125351,"date":"2023-09-17T13:36:47","date_gmt":"2023-09-17T16:36:47","guid":{"rendered":"https:\/\/www.elsindical.com.ar\/notas\/?p=125351"},"modified":"2023-09-17T13:55:09","modified_gmt":"2023-09-17T16:55:09","slug":"avellaneda-crece-el-escandalo-por-el-robo-a-la-casa-de-una-maestra-quien-afirma-que-los-ladrones-son-empleados-municipales","status":"publish","type":"post","link":"https:\/\/www.elsindical.com.ar\/notas\/avellaneda-crece-el-escandalo-por-el-robo-a-la-casa-de-una-maestra-quien-afirma-que-los-ladrones-son-empleados-municipales\/","title":{"rendered":"Avellaneda: Crece el esc\u00e1ndalo por el robo a la casa de una maestra quien afirma que los ladrones son empleados municipales"},"content":{"rendered":"<div class=\"wp-block-image\">\n<figure class=\"aligncenter size-full is-resized\"><a href=\"https:\/\/www.elsindical.com.ar\/notas\/var\/www\/html\/notas\/wp-content\/uploads\/2023\/09\/Florencia-maestra-asaltada-en-Dominico.jpg\"><img loading=\"lazy\" decoding=\"async\" src=\"https:\/\/www.elsindical.com.ar\/notas\/var\/www\/html\/notas\/wp-content\/uploads\/2023\/09\/Florencia-maestra-asaltada-en-Dominico.jpg\" alt=\"\" class=\"wp-image-125352\" style=\"width:800px;height:357px\" width=\"800\" height=\"357\" srcset=\"https:\/\/www.elsindical.com.ar\/notas\/var\/www\/html\/notas\/wp-content\/uploads\/2023\/09\/Florencia-maestra-asaltada-en-Dominico.jpg 750w, https:\/\/www.elsindical.com.ar\/notas\/var\/www\/html\/notas\/wp-content\/uploads\/2023\/09\/Florencia-maestra-asaltada-en-Dominico-300x134.jpg 300w, https:\/\/www.elsindical.com.ar\/notas\/var\/www\/html\/notas\/wp-content\/uploads\/2023\/09\/Florencia-maestra-asaltada-en-Dominico-500x223.jpg 500w\" sizes=\"auto, (max-width: 800px) 100vw, 800px\" \/><\/a><\/figure>\n<\/div>\n\n\n<p>   Un robo a un domicilio en la localidad de Villa Dom\u00ednico, escala en el malestar de los vecinos que esperan una respuesta de parte del municipio de Avellaneda ya que dos de los delincuentes filmados durante el robo seg\u00fan la v\u00edctima son padre e hijo y ambos trabajan en el municipio de Avellaneda.<\/p>\n\n\n\n<p>Tambi\u00e9n critican la demora de la<strong> fiscal\u00eda N\u00b0 4<\/strong> a cargo de <strong>Mario Walter Prieto<\/strong>, para ordenar los allanamientos y detenciones que correspondan ya que todo qued\u00f3 grabado en c\u00e1maras de seguridad donde se puede ver con claridad a los delincuentes huir con lo robado e ingresar a un domicilio distante a pocos metros, desde donde luego partieron en auto.<\/p>\n\n\n\n<p>La tarde del martes otro hecho de <strong>inseguridad en el partido de Avellaneda <\/strong>qued\u00f3 registrado por las <strong>c\u00e1maras de vigilancia<\/strong> instaladas por los vecinos. Tres ladrones <strong>desvalijaron<\/strong> una vivienda ubicada en la <strong>calle San Lorenzo al 1600, en la localidad de Villa Dom\u00ednico<\/strong>, y escaparon con gran parte del <strong>bot\u00edn<\/strong> hasta un <strong>aguantadero<\/strong> distante a pocos metros, en la intersecci\u00f3n con <strong>Cangallo al 3800.<\/strong><\/p>\n\n\n\n<p>Las <strong>im\u00e1genes<\/strong> detallaron el accionar de los malvivientes que cont\u00f3 con dos partes. A las 14:30 uno de ellos <strong>violent\u00f3<\/strong> uno de los accesos y tras permanecer un minuto abandon\u00f3 la finca con una bicicleta. El <strong>ratero<\/strong> se alej\u00f3 pedaleando por la<strong> calle Cangallo<\/strong> en direcci\u00f3n a la <strong>diagonal Los Pozos.<\/strong><\/p>\n\n\n\n<p>Una maestra, sin consuelo, no pudo ocultar sus l\u00e1grimas al referirse al robo que sufri\u00f3 en su casa en Villa Dom\u00ednico, partido de Avellaneda. <strong>Los ladrones, que residen a escasos metros de su vivienda<\/strong>, se llevaron un televisor y notebook, una Playstation y los ahorros que ven\u00edan juntando con su esposo Jonathan desde hace tiempo.<\/p>\n\n\n\n<p>\u00ab<strong>Estamos destrozados<\/strong>. Ya no quiero recuperar las cosas,<strong> lo \u00fanico que quiero es poder salir a trabajar tranquila y vivir ac\u00e1<\/strong>\u00ab, expres\u00f3 acongojada Florencia, quien acus\u00f3 del asalto a un padre e hijo que, seg\u00fan ella, trabajan en la Municipalidad de Avellaneda y el mayor de los delincuentes se encuentra en pareja con la nieta de la mujer que viv\u00eda en la casa donde escondieron lo robado, seg\u00fan dicen la mujer c\u00f3mplice se llama <strong>Florencia Seoane<\/strong>, seg\u00fan el noticiero de Telenueve, uno de los medios presentes en el lugar.<\/p>\n\n\n\n<p>\u00abYa sabemos que est\u00e1n vendiendo nuestras cosas por villas cercanas\u00bb, afirm\u00f3 la mujer a los medios de prensa que cubrieron la noticia que muestra impunidad y demoras que benefician a los delincuentes para deshacerse de lo robado y huir.<\/p>\n\n\n\n<p>Tras lo ocurrido y por temor a experimentar un nuevo episodio de inseguridad, Florencia tom\u00f3 la decisi\u00f3n de irse a vivir temporalmente a la casa de sus padres junto su esposo e hija.<\/p>\n\n\n\n<p>\u00ab<strong>Es desesperante, perdimos todo<\/strong>. Me tuve que ir escondida como una rata y yo no hice nada\u00bb, se lament\u00f3 la maestra que trabaja todos los d\u00edas doble turno en escuelas de la zona.<\/p>\n\n\n\n<p>\u00abApuesto a la educaci\u00f3n porque soy docente y sigo creyendo. Quiero hacer mi trabajo tranquila y disfrutar con mis hija cuando llego a casa. Trabajamos (con el marido) para darle los gustitos que nosotros no nos pudimos dar. Me entristece mucho que se hayan metido con nosotros cuando nunca le hicimos mal a nadie\u00bb, continu\u00f3 la mujer en su discurso.<\/p>\n\n\n\n<figure class=\"wp-block-embed is-type-video is-provider-youtube wp-block-embed-youtube wp-embed-aspect-16-9 wp-has-aspect-ratio\"><div class=\"wp-block-embed__wrapper\">\n<iframe loading=\"lazy\" title=\"Maestra robada por vecinos que siguen libres en Avellaneda\" width=\"700\" height=\"394\" src=\"https:\/\/www.youtube.com\/embed\/NeiiEIAIEe8?feature=oembed\" frameborder=\"0\" allow=\"accelerometer; autoplay; clipboard-write; encrypted-media; gyroscope; picture-in-picture; web-share\" allowfullscreen><\/iframe>\n<\/div><\/figure>\n","protected":false},"excerpt":{"rendered":"<p>Un robo a un domicilio en la localidad de Villa Dom\u00ednico, escala en el malestar de los vecinos que esperan una respuesta de parte del municipio de Avellaneda ya que dos de los delincuentes filmados durante el robo seg\u00fan la v\u00edctima son padre e hijo y ambos trabajan en el municipio de Avellaneda. Tambi\u00e9n critican&hellip;<\/p>\n","protected":false},"author":1,"featured_media":125352,"comment_status":"open","ping_status":"open","sticky":false,"template":"","format":"standard","meta":{"footnotes":""},"categories":[22],"tags":[2450,8376,36722,41097,41096,17388,116,28649,2372],"class_list":["post-125351","post","type-post","status-publish","format-standard","has-post-thumbnail","hentry","category-policiales","tag-diario-el-sindical","tag-empleados-municipales","tag-fiscal-mario-walter-prieto","tag-florencia-seoane","tag-maestra-robada","tag-municipalidad-de-avellaneda","tag-robo","tag-ufi-4-avellaneda","tag-villa-dominico"],"_links":{"self":[{"href":"https:\/\/www.elsindical.com.ar\/notas\/wp-json\/wp\/v2\/posts\/125351","targetHints":{"allow":["GET"]}}],"collection":[{"href":"https:\/\/www.elsindical.com.ar\/notas\/wp-json\/wp\/v2\/posts"}],"about":[{"href":"https:\/\/www.elsindical.com.ar\/notas\/wp-json\/wp\/v2\/types\/post"}],"author":[{"embeddable":true,"href":"https:\/\/www.elsindical.com.ar\/notas\/wp-json\/wp\/v2\/users\/1"}],"replies":[{"embeddable":true,"href":"https:\/\/www.elsindical.com.ar\/notas\/wp-json\/wp\/v2\/comments?post=125351"}],"version-history":[{"count":3,"href":"https:\/\/www.elsindical.com.ar\/notas\/wp-json\/wp\/v2\/posts\/125351\/revisions"}],"predecessor-version":[{"id":125356,"href":"https:\/\/www.elsindical.com.ar\/notas\/wp-json\/wp\/v2\/posts\/125351\/revisions\/125356"}],"wp:featuredmedia":[{"embeddable":true,"href":"https:\/\/www.elsindical.com.ar\/notas\/wp-json\/wp\/v2\/media\/125352"}],"wp:attachment":[{"href":"https:\/\/www.elsindical.com.ar\/notas\/wp-json\/wp\/v2\/media?parent=125351"}],"wp:term":[{"taxonomy":"category","embeddable":true,"href":"https:\/\/www.elsindical.com.ar\/notas\/wp-json\/wp\/v2\/categories?post=125351"},{"taxonomy":"post_tag","embeddable":true,"href":"https:\/\/www.elsindical.com.ar\/notas\/wp-json\/wp\/v2\/tags?post=125351"}],"curies":[{"name":"wp","href":"https:\/\/api.w.org\/{rel}","templated":true}]}}