{"id":125344,"date":"2023-09-17T09:41:40","date_gmt":"2023-09-17T12:41:40","guid":{"rendered":"https:\/\/www.elsindical.com.ar\/notas\/?p=125344"},"modified":"2023-09-17T09:41:41","modified_gmt":"2023-09-17T12:41:41","slug":"lomas-de-zamora-hallan-un-cadaver-colgando-de-un-arbol","status":"publish","type":"post","link":"https:\/\/www.elsindical.com.ar\/notas\/lomas-de-zamora-hallan-un-cadaver-colgando-de-un-arbol\/","title":{"rendered":"Lomas de Zamora: Hallan un cad\u00e1ver colgando de un \u00e1rbol"},"content":{"rendered":"\n<figure class=\"wp-block-image size-large\"><a href=\"https:\/\/www.elsindical.com.ar\/notas\/var\/www\/html\/notas\/wp-content\/uploads\/2023\/09\/Reserva-Natural-Santa-Catalina-LZ.jpg\"><img loading=\"lazy\" decoding=\"async\" width=\"1024\" height=\"575\" src=\"https:\/\/www.elsindical.com.ar\/notas\/var\/www\/html\/notas\/wp-content\/uploads\/2023\/09\/Reserva-Natural-Santa-Catalina-LZ-1024x575.jpg\" alt=\"\" class=\"wp-image-125345\" srcset=\"https:\/\/www.elsindical.com.ar\/notas\/var\/www\/html\/notas\/wp-content\/uploads\/2023\/09\/Reserva-Natural-Santa-Catalina-LZ-1024x575.jpg 1024w, https:\/\/www.elsindical.com.ar\/notas\/var\/www\/html\/notas\/wp-content\/uploads\/2023\/09\/Reserva-Natural-Santa-Catalina-LZ-300x169.jpg 300w, https:\/\/www.elsindical.com.ar\/notas\/var\/www\/html\/notas\/wp-content\/uploads\/2023\/09\/Reserva-Natural-Santa-Catalina-LZ-768x432.jpg 768w, https:\/\/www.elsindical.com.ar\/notas\/var\/www\/html\/notas\/wp-content\/uploads\/2023\/09\/Reserva-Natural-Santa-Catalina-LZ-500x281.jpg 500w, https:\/\/www.elsindical.com.ar\/notas\/var\/www\/html\/notas\/wp-content\/uploads\/2023\/09\/Reserva-Natural-Santa-Catalina-LZ-1536x863.jpg 1536w, https:\/\/www.elsindical.com.ar\/notas\/var\/www\/html\/notas\/wp-content\/uploads\/2023\/09\/Reserva-Natural-Santa-Catalina-LZ.jpg 1920w\" sizes=\"auto, (max-width: 1024px) 100vw, 1024px\" \/><\/a><\/figure>\n\n\n\n<p>Un cad\u00e1ver en avanzado estado de putrefacci\u00f3n, colgado de un \u00e1rbol, fue hallado este viernes por la noche en la Reserva Natural de Santa Catalina, en Lomas de Zamora.<\/p>\n\n\n\n<p>Fuentes de la investigaci\u00f3n informaron que el cad\u00e1ver fue hallado por un hombre que recorr\u00eda la reserva junto a su hija.<\/p>\n\n\n\n<p><strong>El cuerpo estaba en avanzado estado de putrefacci\u00f3n y estaba colgado por el cuello de un \u00e1rbol. Esto explica que la primera hip\u00f3tesis de los investigadores sea que se trat\u00f3 de un suicidio.<\/strong><\/p>\n\n\n\n<p>No obstante, la investigaci\u00f3n est\u00e1 centrada en los resultados que se esperan de la autopsia ya que con ellos se sabr\u00e1 la data de muerte.<\/p>\n\n\n\n<p>Este viernes por la noche trabaj\u00f3 en el lugar del macabro hallazgo, en la reserva, personal de la Polic\u00eda Cient\u00edfica.<\/p>\n\n\n\n<p>La investigaci\u00f3n qued\u00f3 a cargo de la UFI 7 de Lomas de Zamora. El fiscal Nicol\u00e1s Espejo caratul\u00f3 la causa como \u201caveriguaci\u00f3n causales de muerte\u201d.<\/p>\n\n\n<div class=\"wp-block-image\">\n<figure class=\"aligncenter size-full\"><a href=\"https:\/\/www.elsindical.com.ar\/notas\/var\/www\/html\/notas\/wp-content\/uploads\/2023\/09\/cadaver-en-la-reserva-Santa-Catalina.jpeg\"><img loading=\"lazy\" decoding=\"async\" width=\"675\" height=\"900\" src=\"https:\/\/www.elsindical.com.ar\/notas\/var\/www\/html\/notas\/wp-content\/uploads\/2023\/09\/cadaver-en-la-reserva-Santa-Catalina.jpeg\" alt=\"\" class=\"wp-image-125346\" srcset=\"https:\/\/www.elsindical.com.ar\/notas\/var\/www\/html\/notas\/wp-content\/uploads\/2023\/09\/cadaver-en-la-reserva-Santa-Catalina.jpeg 675w, https:\/\/www.elsindical.com.ar\/notas\/var\/www\/html\/notas\/wp-content\/uploads\/2023\/09\/cadaver-en-la-reserva-Santa-Catalina-225x300.jpeg 225w\" sizes=\"auto, (max-width: 675px) 100vw, 675px\" \/><\/a><\/figure>\n<\/div>","protected":false},"excerpt":{"rendered":"<p>Un cad\u00e1ver en avanzado estado de putrefacci\u00f3n, colgado de un \u00e1rbol, fue hallado este viernes por la noche en la Reserva Natural de Santa Catalina, en Lomas de Zamora. Fuentes de la investigaci\u00f3n informaron que el cad\u00e1ver fue hallado por un hombre que recorr\u00eda la reserva junto a su hija. El cuerpo estaba en avanzado&hellip;<\/p>\n","protected":false},"author":1,"featured_media":125345,"comment_status":"open","ping_status":"open","sticky":false,"template":"","format":"standard","meta":{"footnotes":""},"categories":[22],"tags":[37565,33741,2409,2450,40146],"class_list":["post-125344","post","type-post","status-publish","format-standard","has-post-thumbnail","hentry","category-policiales","tag-lomas-de-zamora-2","tag-averiguacion-causales-de-muerte","tag-cadaver","tag-diario-el-sindical","tag-reserva-natural-provincial-santa-catalina"],"_links":{"self":[{"href":"https:\/\/www.elsindical.com.ar\/notas\/wp-json\/wp\/v2\/posts\/125344","targetHints":{"allow":["GET"]}}],"collection":[{"href":"https:\/\/www.elsindical.com.ar\/notas\/wp-json\/wp\/v2\/posts"}],"about":[{"href":"https:\/\/www.elsindical.com.ar\/notas\/wp-json\/wp\/v2\/types\/post"}],"author":[{"embeddable":true,"href":"https:\/\/www.elsindical.com.ar\/notas\/wp-json\/wp\/v2\/users\/1"}],"replies":[{"embeddable":true,"href":"https:\/\/www.elsindical.com.ar\/notas\/wp-json\/wp\/v2\/comments?post=125344"}],"version-history":[{"count":1,"href":"https:\/\/www.elsindical.com.ar\/notas\/wp-json\/wp\/v2\/posts\/125344\/revisions"}],"predecessor-version":[{"id":125347,"href":"https:\/\/www.elsindical.com.ar\/notas\/wp-json\/wp\/v2\/posts\/125344\/revisions\/125347"}],"wp:featuredmedia":[{"embeddable":true,"href":"https:\/\/www.elsindical.com.ar\/notas\/wp-json\/wp\/v2\/media\/125345"}],"wp:attachment":[{"href":"https:\/\/www.elsindical.com.ar\/notas\/wp-json\/wp\/v2\/media?parent=125344"}],"wp:term":[{"taxonomy":"category","embeddable":true,"href":"https:\/\/www.elsindical.com.ar\/notas\/wp-json\/wp\/v2\/categories?post=125344"},{"taxonomy":"post_tag","embeddable":true,"href":"https:\/\/www.elsindical.com.ar\/notas\/wp-json\/wp\/v2\/tags?post=125344"}],"curies":[{"name":"wp","href":"https:\/\/api.w.org\/{rel}","templated":true}]}}