{"id":12533,"date":"2011-02-17T00:51:00","date_gmt":"2011-02-17T03:51:00","guid":{"rendered":"http:\/\/www.elsindical.com.ar\/notas\/?p=12533"},"modified":"2011-02-17T00:51:00","modified_gmt":"2011-02-17T03:51:00","slug":"avellanedadetienen-a-una-mujer-profuga-por-matar-a-un-mecanico","status":"publish","type":"post","link":"https:\/\/www.elsindical.com.ar\/notas\/avellanedadetienen-a-una-mujer-profuga-por-matar-a-un-mecanico\/","title":{"rendered":"Avellaneda:Detienen a una mujer pr\u00f3fuga por matar a un mec\u00e1nico"},"content":{"rendered":"<p style=\"text-align: justify;\"><em><a href=\"http:\/\/www.elsindical.com.ar\/notas\/var\/www\/html\/notas\/wp-content\/uploads\/2011\/02\/mujer-apuntando-arma.jpg\"><img loading=\"lazy\" decoding=\"async\" class=\"alignleft size-medium wp-image-12534\" title=\"mujer-apuntando-arma\" src=\"http:\/\/www.elsindical.com.ar\/notas\/var\/www\/html\/notas\/wp-content\/uploads\/2011\/02\/mujer-apuntando-arma-300x239.jpg\" alt=\"\" width=\"300\" height=\"239\" srcset=\"https:\/\/www.elsindical.com.ar\/notas\/var\/www\/html\/notas\/wp-content\/uploads\/2011\/02\/mujer-apuntando-arma-300x239.jpg 300w, https:\/\/www.elsindical.com.ar\/notas\/var\/www\/html\/notas\/wp-content\/uploads\/2011\/02\/mujer-apuntando-arma.jpg 417w\" sizes=\"auto, (max-width: 300px) 100vw, 300px\" \/><\/a>La acusada, de 28 a\u00f1os, estaba pr\u00f3fuga desde 2003. Hab\u00eda dejado su auto en un taller y se lo robaron. Como el mec\u00e1nico se neg\u00f3 a pag\u00e1rselo, lo mat\u00f3 de dos tiros en la cabeza.<\/em><\/p>\n<p style=\"text-align: justify;\">Una mujer de 28 a\u00f1os fue detenida hoy en Sarand\u00ed acusada del crimen de un mec\u00e1nico en un hecho ocurrido el 13 de febrero de 2003 en Avellaneda.<\/p>\n<p style=\"text-align: justify;\">En aquella oportunidad la detenida llevo su auto descompuesto a un taller ubicado en el Barrio Ag\u00fcero de Avellaneda. Pero el veh\u00edculo fue robado del establecimiento. Ante esto, la mujer discuti\u00f3 con el mec\u00e1nico que se neg\u00f3 a hacerse cargo de la deuda. Tras la disputa, la acusada lo mat\u00f3 de dos disparos en la cabeza y se fug\u00f3.<\/p>\n<p style=\"text-align: justify;\">Hace unos d\u00edas, efectivos de la DDI de Lomas de Zamora determinaron que la mujer viv\u00eda en la calle Pit\u00e1goras de Sarand\u00ed. Se dispuso una vigilancia encubierta y se logr\u00f3 el arresto de la imputada cuando se dispon\u00eda a ingresar a su casa.<\/p>\n","protected":false},"excerpt":{"rendered":"<p>La acusada, de 28 a\u00f1os, estaba pr\u00f3fuga desde 2003. Hab\u00eda dejado su auto en un taller y se lo robaron. Como el mec\u00e1nico se neg\u00f3 a pag\u00e1rselo, lo mat\u00f3 de dos tiros en la cabeza. Una mujer de 28 a\u00f1os fue detenida hoy en Sarand\u00ed acusada del crimen de un mec\u00e1nico en un hecho ocurrido&hellip;<\/p>\n","protected":false},"author":1,"featured_media":0,"comment_status":"open","ping_status":"open","sticky":false,"template":"","format":"standard","meta":{"footnotes":""},"categories":[22],"tags":[1050,461,1785,2329,5267,6009,1891],"class_list":["post-12533","post","type-post","status-publish","format-standard","hentry","category-policiales","tag-auto","tag-avellaneda","tag-cabeza","tag-homicidio","tag-mecanico","tag-profuga","tag-tiros"],"_links":{"self":[{"href":"https:\/\/www.elsindical.com.ar\/notas\/wp-json\/wp\/v2\/posts\/12533","targetHints":{"allow":["GET"]}}],"collection":[{"href":"https:\/\/www.elsindical.com.ar\/notas\/wp-json\/wp\/v2\/posts"}],"about":[{"href":"https:\/\/www.elsindical.com.ar\/notas\/wp-json\/wp\/v2\/types\/post"}],"author":[{"embeddable":true,"href":"https:\/\/www.elsindical.com.ar\/notas\/wp-json\/wp\/v2\/users\/1"}],"replies":[{"embeddable":true,"href":"https:\/\/www.elsindical.com.ar\/notas\/wp-json\/wp\/v2\/comments?post=12533"}],"version-history":[{"count":1,"href":"https:\/\/www.elsindical.com.ar\/notas\/wp-json\/wp\/v2\/posts\/12533\/revisions"}],"predecessor-version":[{"id":12535,"href":"https:\/\/www.elsindical.com.ar\/notas\/wp-json\/wp\/v2\/posts\/12533\/revisions\/12535"}],"wp:attachment":[{"href":"https:\/\/www.elsindical.com.ar\/notas\/wp-json\/wp\/v2\/media?parent=12533"}],"wp:term":[{"taxonomy":"category","embeddable":true,"href":"https:\/\/www.elsindical.com.ar\/notas\/wp-json\/wp\/v2\/categories?post=12533"},{"taxonomy":"post_tag","embeddable":true,"href":"https:\/\/www.elsindical.com.ar\/notas\/wp-json\/wp\/v2\/tags?post=12533"}],"curies":[{"name":"wp","href":"https:\/\/api.w.org\/{rel}","templated":true}]}}