{"id":125308,"date":"2023-09-16T01:00:49","date_gmt":"2023-09-16T04:00:49","guid":{"rendered":"https:\/\/www.elsindical.com.ar\/notas\/?p=125308"},"modified":"2023-09-16T01:06:27","modified_gmt":"2023-09-16T04:06:27","slug":"murio-vanessa-show-pionera-vedette-trans-en-el-teatro-de-revista","status":"publish","type":"post","link":"https:\/\/www.elsindical.com.ar\/notas\/murio-vanessa-show-pionera-vedette-trans-en-el-teatro-de-revista\/","title":{"rendered":"Muri\u00f3 Vanessa Show, pionera vedette trans en el teatro de revista"},"content":{"rendered":"\n<figure class=\"wp-block-image size-large\"><a href=\"https:\/\/www.elsindical.com.ar\/notas\/var\/www\/html\/notas\/wp-content\/uploads\/2023\/09\/Vanessa-Show.jpg\"><img loading=\"lazy\" decoding=\"async\" width=\"1024\" height=\"520\" src=\"https:\/\/www.elsindical.com.ar\/notas\/var\/www\/html\/notas\/wp-content\/uploads\/2023\/09\/Vanessa-Show-1024x520.jpg\" alt=\"\" class=\"wp-image-125309\" srcset=\"https:\/\/www.elsindical.com.ar\/notas\/var\/www\/html\/notas\/wp-content\/uploads\/2023\/09\/Vanessa-Show-1024x520.jpg 1024w, https:\/\/www.elsindical.com.ar\/notas\/var\/www\/html\/notas\/wp-content\/uploads\/2023\/09\/Vanessa-Show-300x152.jpg 300w, https:\/\/www.elsindical.com.ar\/notas\/var\/www\/html\/notas\/wp-content\/uploads\/2023\/09\/Vanessa-Show-768x390.jpg 768w, https:\/\/www.elsindical.com.ar\/notas\/var\/www\/html\/notas\/wp-content\/uploads\/2023\/09\/Vanessa-Show-500x254.jpg 500w, https:\/\/www.elsindical.com.ar\/notas\/var\/www\/html\/notas\/wp-content\/uploads\/2023\/09\/Vanessa-Show.jpg 1390w\" sizes=\"auto, (max-width: 1024px) 100vw, 1024px\" \/><\/a><\/figure>\n\n\n\n<p>Nacida el 27 de septiembre de 1950 en La Banda, Santiago del Estero, comenz\u00f3 su trayectoria art\u00edstica como vedette a los 17 a\u00f1os en el Teatro Maipo, compartiendo el escenario con N\u00e9lida Roca y N\u00e9lida Lobato.<\/p>\n\n\n\n<p>La actriz y vedette <strong>Vanessa Show,<\/strong> pionera entre artistas trans,<strong> falleci\u00f3 este viernes a los 72 a\u00f1os<\/strong>. La informaci\u00f3n fue confirmada en un comunicado de la Asociaci\u00f3n Argentina de Actores.<\/p>\n\n\n\n<p>\u201cDespedimos con profundo pesar a nuestra afiliada, la actriz y vedette Vanessa Show. Fue <strong>una de las primeras artistas trans de nuestro pa\u00eds <\/strong>que alcanz\u00f3 una gran popularidad y marc\u00f3 el camino para futuras generaciones\u201d, se\u00f1al\u00f3 la entidad en una publicaci\u00f3n donde detall\u00f3 que no se realizar\u00e1 velatorio ni ceremonia p\u00fablica de despedida.<\/p>\n\n\n\n<p>Nacida el 27 de septiembre de 1950 en La Banda, Santiago del Estero, comenz\u00f3 su trayectoria art\u00edstica como vedette a los 17 a\u00f1os en el Teatro Maipo, compartiendo el escenario con N\u00e9lida Roca y N\u00e9lida Lobato.<\/p>\n\n\n\n<p>Luego, <strong>particip\u00f3 de numerosos espect\u00e1culos <\/strong>musicales y de revista como \u00abCorrientes esquina Champs Elysees\u00bb, \u00abPourquoi pas?\u00bb, \u00abLas gatas calientes en el tejado del Corrientes\u00bb y \u00abLa revista del tercer sexo\u00bb.<\/p>\n\n\n\n<p>Tras un<strong> paso por el cine<\/strong> para la pel\u00edcula \u00abLas p\u00edldoras\u00bb, protagonizada por Dar\u00edo V\u00edttori y Susana Brunetti, gir\u00f3 con suceso por Francia, Espa\u00f1a, Alemania, Suiza e Italia, territorio europeo al que regres\u00f3 exiliada tras haber sido perseguida y amenazada en la d\u00e9cada del \u201970.<\/p>\n\n\n\n<h2 class=\"wp-block-heading\">Biograf\u00eda reveladora<\/h2>\n\n\n\n<p>En los<strong> a\u00f1os 90 regres\u00f3 al pa\u00eds<\/strong>, realiz\u00f3 presentaciones televisivas, protagoniz\u00f3 el cortometraje \u00abDiva\u00bb, de Juan De Francesco, y escribi\u00f3 sus memorias en el libro<strong> \u00abEs verdad\u00bb<\/strong>.<\/p>\n\n\n\n<p>Sobre dicha publicaci\u00f3n, <strong>hab\u00eda expresado<\/strong>: \u201cEste proyecto es totalmente m\u00edo\u201d, durante una entrevista en el programa radial Todo por hacer con Jorge Lafauci por<em> Radio 10<\/em>. En ese momento, la actriz relat\u00f3 c\u00f3mo fue su transformaci\u00f3n hasta convertirse en una artista. Su nombre verdadero era Jos\u00e9 y comenz\u00f3 como ayudante de cocina. Lleg\u00f3 a ser jefe de cocina y empez\u00f3 a estudiar danza hasta que logr\u00f3 trabajar en el teatro Maipo.<\/p>\n\n\n\n<p>Tambi\u00e9n en su autobiograf\u00eda,<strong> Vannesa relat\u00f3 sus problemas <\/strong>durante los gobiernos militares. \u201cSiempre me llevaban presa de la nada, donde quer\u00edan. Por eso me fui a vivir a Europa. Trabaj\u00e9 en Roma, G\u00e9nova y Par\u00eds\u201d, asegur\u00f3.<\/p>\n\n\n\n<figure class=\"wp-block-embed is-type-video is-provider-youtube wp-block-embed-youtube wp-embed-aspect-4-3 wp-has-aspect-ratio\"><div class=\"wp-block-embed__wrapper\">\n<iframe loading=\"lazy\" title=\"C5N - EL ANGEL DE LA MEDIANOCHE: VANESSA SHOW (PARTE 1)\" width=\"700\" height=\"525\" src=\"https:\/\/www.youtube.com\/embed\/mmB0u1Ym1z8?feature=oembed\" frameborder=\"0\" allow=\"accelerometer; autoplay; clipboard-write; encrypted-media; gyroscope; picture-in-picture; web-share\" allowfullscreen><\/iframe>\n<\/div><\/figure>\n","protected":false},"excerpt":{"rendered":"<p>Nacida el 27 de septiembre de 1950 en La Banda, Santiago del Estero, comenz\u00f3 su trayectoria art\u00edstica como vedette a los 17 a\u00f1os en el Teatro Maipo, compartiendo el escenario con N\u00e9lida Roca y N\u00e9lida Lobato. La actriz y vedette Vanessa Show, pionera entre artistas trans, falleci\u00f3 este viernes a los 72 a\u00f1os. La informaci\u00f3n&hellip;<\/p>\n","protected":false},"author":1,"featured_media":125309,"comment_status":"open","ping_status":"open","sticky":false,"template":"","format":"standard","meta":{"footnotes":""},"categories":[15,24],"tags":[41090,2450,41089,3122],"class_list":["post-125308","post","type-post","status-publish","format-standard","has-post-thumbnail","hentry","category-espectaculos","category-sociales","tag-artista-trans","tag-diario-el-sindical","tag-vanessa-show","tag-vedette"],"_links":{"self":[{"href":"https:\/\/www.elsindical.com.ar\/notas\/wp-json\/wp\/v2\/posts\/125308","targetHints":{"allow":["GET"]}}],"collection":[{"href":"https:\/\/www.elsindical.com.ar\/notas\/wp-json\/wp\/v2\/posts"}],"about":[{"href":"https:\/\/www.elsindical.com.ar\/notas\/wp-json\/wp\/v2\/types\/post"}],"author":[{"embeddable":true,"href":"https:\/\/www.elsindical.com.ar\/notas\/wp-json\/wp\/v2\/users\/1"}],"replies":[{"embeddable":true,"href":"https:\/\/www.elsindical.com.ar\/notas\/wp-json\/wp\/v2\/comments?post=125308"}],"version-history":[{"count":2,"href":"https:\/\/www.elsindical.com.ar\/notas\/wp-json\/wp\/v2\/posts\/125308\/revisions"}],"predecessor-version":[{"id":125311,"href":"https:\/\/www.elsindical.com.ar\/notas\/wp-json\/wp\/v2\/posts\/125308\/revisions\/125311"}],"wp:featuredmedia":[{"embeddable":true,"href":"https:\/\/www.elsindical.com.ar\/notas\/wp-json\/wp\/v2\/media\/125309"}],"wp:attachment":[{"href":"https:\/\/www.elsindical.com.ar\/notas\/wp-json\/wp\/v2\/media?parent=125308"}],"wp:term":[{"taxonomy":"category","embeddable":true,"href":"https:\/\/www.elsindical.com.ar\/notas\/wp-json\/wp\/v2\/categories?post=125308"},{"taxonomy":"post_tag","embeddable":true,"href":"https:\/\/www.elsindical.com.ar\/notas\/wp-json\/wp\/v2\/tags?post=125308"}],"curies":[{"name":"wp","href":"https:\/\/api.w.org\/{rel}","templated":true}]}}