{"id":125269,"date":"2023-09-15T07:11:43","date_gmt":"2023-09-15T10:11:43","guid":{"rendered":"https:\/\/www.elsindical.com.ar\/notas\/?p=125269"},"modified":"2023-09-15T07:24:04","modified_gmt":"2023-09-15T10:24:04","slug":"bullrich-presento-su-libro-con-un-fuerte-mensaje-estamos-frente-a-la-batalla-final","status":"publish","type":"post","link":"https:\/\/www.elsindical.com.ar\/notas\/bullrich-presento-su-libro-con-un-fuerte-mensaje-estamos-frente-a-la-batalla-final\/","title":{"rendered":"Bullrich present\u00f3 su libro con un fuerte mensaje: \u201cEstamos frente a la batalla final\u201d"},"content":{"rendered":"\n<figure class=\"wp-block-image size-large\"><a href=\"https:\/\/www.elsindical.com.ar\/notas\/var\/www\/html\/notas\/wp-content\/uploads\/2023\/09\/presentacion-del-libro-de-Patricia-Bullrich.jpg\"><img loading=\"lazy\" decoding=\"async\" width=\"1024\" height=\"576\" src=\"https:\/\/www.elsindical.com.ar\/notas\/var\/www\/html\/notas\/wp-content\/uploads\/2023\/09\/presentacion-del-libro-de-Patricia-Bullrich-1024x576.jpg\" alt=\"\" class=\"wp-image-125270\" srcset=\"https:\/\/www.elsindical.com.ar\/notas\/var\/www\/html\/notas\/wp-content\/uploads\/2023\/09\/presentacion-del-libro-de-Patricia-Bullrich-1024x576.jpg 1024w, https:\/\/www.elsindical.com.ar\/notas\/var\/www\/html\/notas\/wp-content\/uploads\/2023\/09\/presentacion-del-libro-de-Patricia-Bullrich-300x169.jpg 300w, https:\/\/www.elsindical.com.ar\/notas\/var\/www\/html\/notas\/wp-content\/uploads\/2023\/09\/presentacion-del-libro-de-Patricia-Bullrich-768x432.jpg 768w, https:\/\/www.elsindical.com.ar\/notas\/var\/www\/html\/notas\/wp-content\/uploads\/2023\/09\/presentacion-del-libro-de-Patricia-Bullrich-500x281.jpg 500w, https:\/\/www.elsindical.com.ar\/notas\/var\/www\/html\/notas\/wp-content\/uploads\/2023\/09\/presentacion-del-libro-de-Patricia-Bullrich-460x260.jpg 460w, https:\/\/www.elsindical.com.ar\/notas\/var\/www\/html\/notas\/wp-content\/uploads\/2023\/09\/presentacion-del-libro-de-Patricia-Bullrich.jpg 1200w\" sizes=\"auto, (max-width: 1024px) 100vw, 1024px\" \/><\/a><\/figure>\n\n\n\n<p class=\"wp-block-paragraph\">La candidata presidencial de Juntos por el Cambio lanz\u00f3 su libro y subi\u00f3 al ring al oficialismo ante un Mauricio Macri que la acompa\u00f1\u00f3 en primera fila.<\/p>\n\n\n\n<p class=\"wp-block-paragraph\">La candidata presidencial de Juntos por el Cambio, <strong>Patricia Bullrich, present\u00f3 esta tarde su libro De un d\u00eda para otro con un fuerte mensaje contra el kirchnerismo: \u201cEstamos frente a la batalla final\u201d.<\/strong> Lo hizo en la Facultad de Derecho, de la Universidad de Buenos Aires, acompa\u00f1ada de Mauricio Macri.<\/p>\n\n\n\n<p class=\"wp-block-paragraph\">El evento arranc\u00f3 pasadas las 18 horas con unas breves palabras de Dami\u00e1n Arabia, armador nacional de Bullrich y candidato a diputado por la ciudad de Buenos Aires. Minutos despu\u00e9s, <strong>la ex ministra de Seguridad se subi\u00f3 al escenario entre aplausos y \u201cHe comes the sun\u201d, un cl\u00e1sico de The Beatles.<\/strong><\/p>\n\n\n\n<p class=\"wp-block-paragraph\">All\u00ed, se ubic\u00f3 entre el radical mendocino y su compa\u00f1ero de f\u00f3rmula presidencial,<strong> Luis Petri, y la abogada Silvina Mart\u00ednez, quienes fueron los encargados de conducir los hilos de la conversaci\u00f3n<\/strong>, e iniciaron la charla distendida preguntando de qu\u00e9 se trata el nuevo su ejemplar.<\/p>\n\n\n\n<p class=\"wp-block-paragraph\">\u201cEste libro es la historia de argentinos que en cada una de sus dificultades la siguen luchando, pero no se rinden. <strong>Ac\u00e1 les planteamos un camino de facilidades para que puedan caminar en la vida con m\u00e1s alegr\u00eda y m\u00e1s felicidad<\/strong>. La Argentina merece que nosotros trabajemos para eso. Para eso escrib\u00ed ese libro\u201d, explic\u00f3 Bullrich.<\/p>\n\n\n\n<p class=\"wp-block-paragraph\">Para la presidencialista de la coalici\u00f3n opositora, \u201clas primeras 24 horas van a ser cruciales porque es donde uno sienta las bases que muestran un camino\u201d, y agreg\u00f3: <strong>\u201cNo vamos a hacer todo las 24 horas, pero s\u00ed mostrar algo que va a generar un shock de confianza\u201d.<\/strong><\/p>\n\n\n\n<p class=\"wp-block-paragraph\">El t\u00edtulo, que <strong>desde ma\u00f1ana estar\u00e1 en las librer\u00edas, narra las propuestas de gobierno de Bullrich y los lineamiento que trazar\u00eda desde el 10 de diciembre<\/strong>, en el caso de imponerse en las elecciones generales del 22 de octubre o, en su defecto, en el balotaje de noviembre.<\/p>\n\n\n\n<p class=\"wp-block-paragraph\">Consultada por Petri sobre c\u00f3mo se imagina el d\u00eda de su eventual asunci\u00f3n presidencial, Bullrich se\u00f1al\u00f3: \u201cMe lo imagino como <strong>el primero de 1.460 d\u00edas donde tenemos un desaf\u00edo de erradicar lo que ha significado el kirchnerismo en la Argentina: <\/strong>la incultura, la destrucci\u00f3n de los valores, de la sociedad de clase media, educada\u201d.<\/p>\n\n\n\n<h2 class=\"wp-block-heading\">Duras palabras contra el kirchnerismo<\/h2>\n\n\n\n<p class=\"wp-block-paragraph\">Tras finalizar la charla con Petri y Mart\u00ednez, Bullrich se par\u00f3 y ante el aula magna de la Facultad de Derecho de la UBA, que el pr\u00f3ximo 8 octubre albergar\u00e1 el segundo -y \u00faltimo- debate presidencial, <strong>lanz\u00f3 fuertes dardos contra el oficialismo.<\/strong><\/p>\n\n\n\n<p class=\"wp-block-paragraph\">\u201cSomos los \u00fanicos que podemos terminar con el kirchnerismo para siempre. No se quejen, no hablamos de personas, <strong>hablamos de una ideolog\u00eda que ha generado la destrucci\u00f3n de nuestro pa\u00eds. Las ideolog\u00edas que destruyen hay que sacarlas de la vida democr\u00e1tica del pa\u00eds, <\/strong>que d\u00e9 respuestas reales a la gente\u201d, dispar\u00f3 Bullrich.<\/p>\n\n\n\n<p class=\"wp-block-paragraph\">Adem\u00e1s, la titular del PRO, en uso de licencia, afirm\u00f3: \u201cEstamos frente a la batalla final. <strong>En estos 20 a\u00f1os nos opusimos al kirchnerismo y todas las mafias por un cambio profundo. Me enfrent\u00e9 a Moyano, a los narcos, a los criminales; <\/strong>saben que tengo la firmeza que hay que tener para hacer lo que hay que hacer hoy y para siempre\u201d.<\/p>\n\n\n\n<p class=\"wp-block-paragraph\">\u201cAc\u00e1 hay muchos que presentamos la primera denuncia cuando hab\u00eda un enamoramiento con ellos, fuimos los primeros que defendimos la libertad de prensa en la Argentina; <strong>frenamos los primeros embates del kirchnerismo contra la Justicia y defendimos al fiscal Nisman, <\/strong>que lo asesinaron\u201d, replic\u00f3 ante aplausos.<\/p>\n\n\n\n<p class=\"wp-block-paragraph\">Para finalizar, la candidata puso en el centro de la escena a la marca Juntos por el Cambio: \u201cSomos la \u00fanica oposici\u00f3n real de este pa\u00eds y la alternativa real al kirchnerismo. <strong>Estamos ac\u00e1 parados con fuerza, decisi\u00f3n y coraje<\/strong>: esto es Juntos por el Cambio. Somos todos\u201d.<\/p>\n\n\n\n<h2 class=\"wp-block-heading\">Qui\u00e9nes la acompa\u00f1aron<\/h2>\n\n\n\n<p class=\"wp-block-paragraph\">Bullrich <strong>fue acompa\u00f1ada por la c\u00fapula del PRO y casi la totalidad de referentes de primera l\u00ednea de Juntos por el Cambio<\/strong>. Por el partido amarillo asistieron: Mauricio Macri, Horacio Rodr\u00edguez Larreta, Jorge Macri, Mar\u00eda Eugenia Vidal, Diego Santilli, Cristian Ritondo, entre otros.<\/p>\n\n\n\n<p class=\"wp-block-paragraph\">Asimismo, estuvieron presentes las principales <strong>figuras de su equipo de campa\u00f1a<\/strong> como Juan Pablo Arenaza, Dami\u00e1n Arabia, Patricia V\u00e1squez, Sebasti\u00e1n Garc\u00eda de Luca, Hern\u00e1n Lombardi, Federico Pinedo.<\/p>\n\n\n\n<p class=\"wp-block-paragraph\">Tambi\u00e9n se sumaron por la Uni\u00f3n C\u00edvica Radical (UCR) Maximiliano Abad, Ernesto S\u00e1enz, Rodrigo de Loredo, Mario Negri; Miguel \u00c1ngel Pichetto (Peronismo Federal); Maximiliano Ferraro (Coalici\u00f3n C\u00edvica).<\/p>\n\n\n\n<figure class=\"wp-block-embed is-type-video is-provider-youtube wp-block-embed-youtube wp-embed-aspect-16-9 wp-has-aspect-ratio\"><div class=\"wp-block-embed__wrapper\">\n<iframe loading=\"lazy\" title=\"Patricia Bullrich present\u00f3 su libro\" width=\"700\" height=\"394\" src=\"https:\/\/www.youtube.com\/embed\/9i6Sd8hEToM?feature=oembed\" frameborder=\"0\" allow=\"accelerometer; autoplay; clipboard-write; encrypted-media; gyroscope; picture-in-picture; web-share\" allowfullscreen><\/iframe>\n<\/div><\/figure>\n","protected":false},"excerpt":{"rendered":"<p>La candidata presidencial de Juntos por el Cambio lanz\u00f3 su libro y subi\u00f3 al ring al oficialismo ante un Mauricio Macri que la acompa\u00f1\u00f3 en primera fila. La candidata presidencial de Juntos por el Cambio, Patricia Bullrich, present\u00f3 esta tarde su libro De un d\u00eda para otro con un fuerte mensaje contra el kirchnerismo: \u201cEstamos&hellip;<\/p>\n","protected":false},"author":1,"featured_media":125270,"comment_status":"open","ping_status":"open","sticky":false,"template":"","format":"standard","meta":{"footnotes":""},"categories":[13],"tags":[41075,41073,2450,3729,33545,40475,1241,41072,41074],"class_list":["post-125269","post","type-post","status-publish","format-standard","has-post-thumbnail","hentry","category-politica","tag-damian-arabia","tag-de-un-dia-para-otro","tag-diario-el-sindical","tag-facultad-de-derecho","tag-jxc","tag-luis-petri","tag-patricia-bullrich","tag-presentacion-de-libro","tag-silvina-martinez"],"_links":{"self":[{"href":"https:\/\/www.elsindical.com.ar\/notas\/wp-json\/wp\/v2\/posts\/125269","targetHints":{"allow":["GET"]}}],"collection":[{"href":"https:\/\/www.elsindical.com.ar\/notas\/wp-json\/wp\/v2\/posts"}],"about":[{"href":"https:\/\/www.elsindical.com.ar\/notas\/wp-json\/wp\/v2\/types\/post"}],"author":[{"embeddable":true,"href":"https:\/\/www.elsindical.com.ar\/notas\/wp-json\/wp\/v2\/users\/1"}],"replies":[{"embeddable":true,"href":"https:\/\/www.elsindical.com.ar\/notas\/wp-json\/wp\/v2\/comments?post=125269"}],"version-history":[{"count":2,"href":"https:\/\/www.elsindical.com.ar\/notas\/wp-json\/wp\/v2\/posts\/125269\/revisions"}],"predecessor-version":[{"id":125272,"href":"https:\/\/www.elsindical.com.ar\/notas\/wp-json\/wp\/v2\/posts\/125269\/revisions\/125272"}],"wp:featuredmedia":[{"embeddable":true,"href":"https:\/\/www.elsindical.com.ar\/notas\/wp-json\/wp\/v2\/media\/125270"}],"wp:attachment":[{"href":"https:\/\/www.elsindical.com.ar\/notas\/wp-json\/wp\/v2\/media?parent=125269"}],"wp:term":[{"taxonomy":"category","embeddable":true,"href":"https:\/\/www.elsindical.com.ar\/notas\/wp-json\/wp\/v2\/categories?post=125269"},{"taxonomy":"post_tag","embeddable":true,"href":"https:\/\/www.elsindical.com.ar\/notas\/wp-json\/wp\/v2\/tags?post=125269"}],"curies":[{"name":"wp","href":"https:\/\/api.w.org\/{rel}","templated":true}]}}