{"id":125221,"date":"2023-09-12T17:43:34","date_gmt":"2023-09-12T20:43:34","guid":{"rendered":"https:\/\/www.elsindical.com.ar\/notas\/?p=125221"},"modified":"2023-09-12T17:43:35","modified_gmt":"2023-09-12T20:43:35","slug":"lomas-de-zamora-tribunal-absolvio-al-medico-pablo-ghisoni-en-la-causa-por-abuso-sexual","status":"publish","type":"post","link":"https:\/\/www.elsindical.com.ar\/notas\/lomas-de-zamora-tribunal-absolvio-al-medico-pablo-ghisoni-en-la-causa-por-abuso-sexual\/","title":{"rendered":"Lomas de Zamora: Tribunal absolvi\u00f3 al m\u00e9dico Pablo Ghisoni en la causa por abuso sexual"},"content":{"rendered":"\n<figure class=\"wp-block-image size-full\"><a href=\"https:\/\/www.elsindical.com.ar\/notas\/var\/www\/html\/notas\/wp-content\/uploads\/2021\/09\/Pablo-Ghisoni-medico.jpg\"><img loading=\"lazy\" decoding=\"async\" width=\"880\" height=\"493\" src=\"https:\/\/www.elsindical.com.ar\/notas\/var\/www\/html\/notas\/wp-content\/uploads\/2021\/09\/Pablo-Ghisoni-medico.jpg\" alt=\"\" class=\"wp-image-108042\" srcset=\"https:\/\/www.elsindical.com.ar\/notas\/var\/www\/html\/notas\/wp-content\/uploads\/2021\/09\/Pablo-Ghisoni-medico.jpg 880w, https:\/\/www.elsindical.com.ar\/notas\/var\/www\/html\/notas\/wp-content\/uploads\/2021\/09\/Pablo-Ghisoni-medico-300x168.jpg 300w, https:\/\/www.elsindical.com.ar\/notas\/var\/www\/html\/notas\/wp-content\/uploads\/2021\/09\/Pablo-Ghisoni-medico-768x430.jpg 768w, https:\/\/www.elsindical.com.ar\/notas\/var\/www\/html\/notas\/wp-content\/uploads\/2021\/09\/Pablo-Ghisoni-medico-500x280.jpg 500w\" sizes=\"auto, (max-width: 880px) 100vw, 880px\" \/><\/a><\/figure>\n\n\n\n<p>Tras la decisi\u00f3n del tribunal de absolver a Ghisoni, la madre de las v\u00edctimas recurrir\u00e1 a la corte internacional por el pedido de justicia.<\/p>\n\n\n\n<p>El Tribunal Oral en lo Criminal (TOC) N\u00b0 3 de Lomas de Zamora <strong>absolvi\u00f3 hoy al m\u00e9dico obstetra y ginec\u00f3logo Pablo Ghisoni, acusado de abuso sexual agravado contra dos de sus hijos<\/strong>, tras lo cual Andrea V\u00e1zquez, <strong>madre de las v\u00edctimas, prometi\u00f3 que recurrir\u00e1 a la corte internacional para que se haga justicia porque \u201clos chicos no mienten\u201d.<\/strong><\/p>\n\n\n\n<p>Los jueces Marcelo Hugo Dellature, Mauricio Salvador Blanco y Luis Miguel Gabi\u00e1n dieron lectura desde las 12 a la sentencia de forma presencial en la sede judicial ubicada en Camino Presidente Domingo Per\u00f3n y Larroque, en el partido bonaerense de Lomas de Zamora.<\/p>\n\n\n\n<p>\u201c\u00bfQue m\u00e1s quieren ver? Yo sab\u00eda que a los violadores los cuida la polic\u00eda. Hay plata, claramente hay plata. Voy a ir a donde sea, ir\u00e9 a la corte Internacional. <strong>La justicia existe pero no en Lomas de Zamora<\/strong>\u201c, afirm\u00f3 V\u00e1zquez al salir de la sala donde se dio la sentencia.<\/p>\n\n\n\n<p>En la entrada del edificio del Departamento Judicial de Lomas de Zamora, distintas organizaciones como Yo si te creo y la Campa\u00f1a contra el Abuso sexual infantil desplegaron carteles que ped\u00edan justicia y destacaban la lucha de las \u201cmadres protectoras\u201d, un nombre con el que se identifica a las que acompa\u00f1an a sus hijas e hijos v\u00edctimas de violencia sexual.<\/p>\n\n\n\n<p>Con un parlante con el que cantaban canciones que visibilizan violencias en las infancias, acompa\u00f1aron la jornada.<\/p>\n\n\n\n<p>\u201cDespues de tantos a\u00f1os de venir al Poder Judicial a suplicar justicia, <strong>hoy vengo a pedir condena para el abusador de mis hijos. \u00a1Justicia! \u00a1Justicia! \u00a1Justicia!\u201d<\/strong>, dijo V\u00e1zquez con un parlante antes de ingresar a la sala donde se ley\u00f3 la sentencia, y luego se fundi\u00f3 en un abrazo con su hijo Tom\u00e1s.<\/p>\n\n\n\n<p>El jueves 17 de agosto, el fiscal Jorge Bettini Sansoni retir\u00f3 la acusaci\u00f3n contra el m\u00e9dico, mientras que los querellantes, constituidos en particulares daminificados, la mantuvieron.<\/p>\n\n\n\n<h1 class=\"wp-block-heading\">El caso<\/h1>\n\n\n\n<p>Andrea V\u00e1zquez, la madre de las v\u00edctimas, hab\u00eda denunciado a Ghisoni\u00a0<strong>por violencia hacia ella y sus hijos<\/strong>\u00a0cuando se separ\u00f3 en 2009 y hasta 2015 tuvo un contacto restringido con los menores, que quedaron bajo la guarda del padre por decisi\u00f3n judicial.\u00a0Reci\u00e9n cuando la mujer volvi\u00f3 a convivir con ellos,\u00a0<strong>detect\u00f3 lo que identific\u00f3 como signos de abusos sexuales.<\/strong><\/p>\n\n\n\n<p>En la previa al juicio, Tom\u00e1s V\u00e1zquez Ghisoni, el joven de 21 a\u00f1os que denunci\u00f3 haber vivido tanto \u00e9l como sus hermanos abusos por parte de su progenitor cuando eran ni\u00f1os, afirma que&nbsp;<strong>las y los hijos no mienten y no son \u201cuna cosa a la que le pueden llenar la cabeza\u201d<\/strong>, en relaci\u00f3n a las cr\u00edticas que vivi\u00f3 \u00e9l y su madre, a quienes trataron de \u201clocos\u201d cuando contaron lo sucedido, fundadas en el Inexistente S\u00edndrome de Alienaci\u00f3n Parental (ISAP).<\/p>\n\n\n\n<p>M\u00e1s all\u00e1 de que V\u00e1zquez realiz\u00f3 40 denuncias contra su ex pareja,&nbsp;<strong>a esta instancia judicial llegaron a partir de la radicada por la Directora Ejecutiva del Comit\u00e9 Argentino de Seguimiento y Aplicaci\u00f3n de la Convenci\u00f3n Internacional de los Derechos del Ni\u00f1o<\/strong>, Nora Schulman, al tomar conocimiento de la situaci\u00f3n del hijo menor, que en ese momento ten\u00eda 7 a\u00f1os y hoy, 14.<\/p>\n","protected":false},"excerpt":{"rendered":"<p>Tras la decisi\u00f3n del tribunal de absolver a Ghisoni, la madre de las v\u00edctimas recurrir\u00e1 a la corte internacional por el pedido de justicia. El Tribunal Oral en lo Criminal (TOC) N\u00b0 3 de Lomas de Zamora absolvi\u00f3 hoy al m\u00e9dico obstetra y ginec\u00f3logo Pablo Ghisoni, acusado de abuso sexual agravado contra dos de sus&hellip;<\/p>\n","protected":false},"author":1,"featured_media":108042,"comment_status":"open","ping_status":"open","sticky":false,"template":"","format":"standard","meta":{"footnotes":""},"categories":[20],"tags":[37565,783,22314,2450,3432,28550,30212],"class_list":["post-125221","post","type-post","status-publish","format-standard","has-post-thumbnail","hentry","category-judiciales","tag-lomas-de-zamora-2","tag-abuso-sexual","tag-andrea-vazquez","tag-diario-el-sindical","tag-medico","tag-pablo-ghisoni","tag-toc-3-lomas-de-zamora"],"_links":{"self":[{"href":"https:\/\/www.elsindical.com.ar\/notas\/wp-json\/wp\/v2\/posts\/125221","targetHints":{"allow":["GET"]}}],"collection":[{"href":"https:\/\/www.elsindical.com.ar\/notas\/wp-json\/wp\/v2\/posts"}],"about":[{"href":"https:\/\/www.elsindical.com.ar\/notas\/wp-json\/wp\/v2\/types\/post"}],"author":[{"embeddable":true,"href":"https:\/\/www.elsindical.com.ar\/notas\/wp-json\/wp\/v2\/users\/1"}],"replies":[{"embeddable":true,"href":"https:\/\/www.elsindical.com.ar\/notas\/wp-json\/wp\/v2\/comments?post=125221"}],"version-history":[{"count":1,"href":"https:\/\/www.elsindical.com.ar\/notas\/wp-json\/wp\/v2\/posts\/125221\/revisions"}],"predecessor-version":[{"id":125222,"href":"https:\/\/www.elsindical.com.ar\/notas\/wp-json\/wp\/v2\/posts\/125221\/revisions\/125222"}],"wp:featuredmedia":[{"embeddable":true,"href":"https:\/\/www.elsindical.com.ar\/notas\/wp-json\/wp\/v2\/media\/108042"}],"wp:attachment":[{"href":"https:\/\/www.elsindical.com.ar\/notas\/wp-json\/wp\/v2\/media?parent=125221"}],"wp:term":[{"taxonomy":"category","embeddable":true,"href":"https:\/\/www.elsindical.com.ar\/notas\/wp-json\/wp\/v2\/categories?post=125221"},{"taxonomy":"post_tag","embeddable":true,"href":"https:\/\/www.elsindical.com.ar\/notas\/wp-json\/wp\/v2\/tags?post=125221"}],"curies":[{"name":"wp","href":"https:\/\/api.w.org\/{rel}","templated":true}]}}