{"id":125218,"date":"2023-09-12T17:35:28","date_gmt":"2023-09-12T20:35:28","guid":{"rendered":"https:\/\/www.elsindical.com.ar\/notas\/?p=125218"},"modified":"2023-09-12T17:35:29","modified_gmt":"2023-09-12T20:35:29","slug":"veteranos-repudiaron-los-dichos-de-la-posible-canciller-de-milei-sobre-malvinas","status":"publish","type":"post","link":"https:\/\/www.elsindical.com.ar\/notas\/veteranos-repudiaron-los-dichos-de-la-posible-canciller-de-milei-sobre-malvinas\/","title":{"rendered":"Veteranos repudiaron los dichos de la posible canciller de Milei sobre Malvinas"},"content":{"rendered":"\n<figure class=\"wp-block-image size-full\"><a href=\"https:\/\/www.elsindical.com.ar\/notas\/var\/www\/html\/notas\/wp-content\/uploads\/2023\/09\/veteranos-de-Malvinas.jpg\"><img loading=\"lazy\" decoding=\"async\" width=\"959\" height=\"540\" src=\"https:\/\/www.elsindical.com.ar\/notas\/var\/www\/html\/notas\/wp-content\/uploads\/2023\/09\/veteranos-de-Malvinas.jpg\" alt=\"\" class=\"wp-image-125219\" srcset=\"https:\/\/www.elsindical.com.ar\/notas\/var\/www\/html\/notas\/wp-content\/uploads\/2023\/09\/veteranos-de-Malvinas.jpg 959w, https:\/\/www.elsindical.com.ar\/notas\/var\/www\/html\/notas\/wp-content\/uploads\/2023\/09\/veteranos-de-Malvinas-300x169.jpg 300w, https:\/\/www.elsindical.com.ar\/notas\/var\/www\/html\/notas\/wp-content\/uploads\/2023\/09\/veteranos-de-Malvinas-768x432.jpg 768w, https:\/\/www.elsindical.com.ar\/notas\/var\/www\/html\/notas\/wp-content\/uploads\/2023\/09\/veteranos-de-Malvinas-500x282.jpg 500w, https:\/\/www.elsindical.com.ar\/notas\/var\/www\/html\/notas\/wp-content\/uploads\/2023\/09\/veteranos-de-Malvinas-460x260.jpg 460w\" sizes=\"auto, (max-width: 959px) 100vw, 959px\" \/><\/a><\/figure>\n\n\n\n<p>Los Veteranos de Guerra de la Provincia de Buenos Aires trataron de anti-argentino y cipayo a Javier Milei y su asesora Diana Mondino.<\/p>\n\n\n\n<p>La <a href=\"https:\/\/www.facebook.com\/profile.php?id=100063100578050\" target=\"_blank\" rel=\"noreferrer noopener\">Federaci\u00f3n de Veteranos de Guerra de la Provincia de Buenos Aires<\/a> repudi\u00f3 con dureza los dichos de <a href=\"https:\/\/twitter.com\/DianaMondino\" target=\"_blank\" rel=\"noreferrer noopener\">Diana Mondino<\/a>, la posible canciller en un eventual gobierno del candidato presidencial por el partido La Libertad Avanza, <a href=\"https:\/\/twitter.com\/JMilei\" target=\"_blank\" rel=\"noreferrer noopener\">Javier Milei<\/a>, al medio britanico \u201c<a href=\"https:\/\/www.telegraph.co.uk\/\" target=\"_blank\" rel=\"noreferrer noopener\">The Telegraph\u201d<\/a>.<\/p>\n\n\n\n<p>La entidad <strong>apunt\u00f3 contra la dirigente liberataria <\/strong>al acusarla de desconocer la<strong> Constituci\u00f3n Nacional<\/strong>, que incorpora los derechos soberanos argentinos sobre ese territorio. Adem\u00e1s, expresaron que \u201cla poblaci\u00f3n de isle\u00f1os es impuesta, no leg\u00edtima\u201d. \u201cSobre nuestro territorio no tienen voz ni voto\u201d, indicaron.<\/p>\n\n\n\n<p>Adem\u00e1s, los Veteranos de Guerra afirmaron: \u201cAunque ya no tengamos 30 a\u00f1os, honramos a los 632 ca\u00eddos en defensa de nuestra soberan\u00eda dejando lo m\u00e1s preciado que es la vida, <strong>estaremos listos a enfrentarnos a cualquier vendepatria que ocupe el sill\u00f3n de Rivadavia<\/strong>\u201c.<\/p>\n\n\n\n<p>Mondino hab\u00eda se\u00f1alado en la entrevista que \u201clos isle\u00f1os de Malvinas deben decidir su propio destino, pueden pasar muchos a\u00f1os, pero no se puede imponer ninguna decisi\u00f3n a otras personas, ni a los argentinos ni a nadie. Ya no se pueden imponer decisiones, eso tiene que terminar\u201d. De ese modo, Mondino sugiri\u00f3 que su eventual gobierno podr\u00eda reconocer el derecho a la autodeterminaci\u00f3n de los kelpers, que es el principal argumento brit\u00e1nico para mantener su control sobre el&nbsp;archipi\u00e9lago.<\/p>\n\n\n\n<p>Adem\u00e1s en relaci\u00f3n a los recursos de las islas, la asesora dijo que \u201cestamos en&nbsp;<strong>el peor de los mundos<\/strong>,&nbsp;<strong>porque ni Gran Breta\u00f1a ni Argentina pueden hacer un uso razonable de los recursos<\/strong>&nbsp;que hay all\u00ed abajo. Si la gente finalmente quiere hacer ciertas cosas, se har\u00e1n\u201d.<\/p>\n\n\n\n<p>La Federaci\u00f3n, en el mismo comunicado, cuestion\u00f3 el proyecto de dolarizaci\u00f3n de la econom\u00eda al describir como <strong>\u201canti-argentinos\u201d y \u201ccipayos\u201d<\/strong> a los que quieren cambiar la moneda de nacional que nos independiza y representa, y sugiri\u00f3 que \u201chay que encontrar la forma para que se valorice nuestra moneda y no entreg\u00e1rsela a otro pa\u00eds para que nos digan cuanto nos corresponde por a\u00f1o y la garant\u00eda por ese intercambio\u201d.<\/p>\n","protected":false},"excerpt":{"rendered":"<p>Los Veteranos de Guerra de la Provincia de Buenos Aires trataron de anti-argentino y cipayo a Javier Milei y su asesora Diana Mondino. La Federaci\u00f3n de Veteranos de Guerra de la Provincia de Buenos Aires repudi\u00f3 con dureza los dichos de Diana Mondino, la posible canciller en un eventual gobierno del candidato presidencial por el&hellip;<\/p>\n","protected":false},"author":1,"featured_media":125219,"comment_status":"open","ping_status":"open","sticky":false,"template":"","format":"standard","meta":{"footnotes":""},"categories":[25],"tags":[41056,2450,28812,39963,41057,41058],"class_list":["post-125218","post","type-post","status-publish","format-standard","has-post-thumbnail","hentry","category-sociedad","tag-diana-mondino","tag-diario-el-sindical","tag-javier-milei","tag-la-libertad-avanza","tag-the-telegraph","tag-veteranos-de-guerra-de-la-provincia-de-buenos-aires"],"_links":{"self":[{"href":"https:\/\/www.elsindical.com.ar\/notas\/wp-json\/wp\/v2\/posts\/125218","targetHints":{"allow":["GET"]}}],"collection":[{"href":"https:\/\/www.elsindical.com.ar\/notas\/wp-json\/wp\/v2\/posts"}],"about":[{"href":"https:\/\/www.elsindical.com.ar\/notas\/wp-json\/wp\/v2\/types\/post"}],"author":[{"embeddable":true,"href":"https:\/\/www.elsindical.com.ar\/notas\/wp-json\/wp\/v2\/users\/1"}],"replies":[{"embeddable":true,"href":"https:\/\/www.elsindical.com.ar\/notas\/wp-json\/wp\/v2\/comments?post=125218"}],"version-history":[{"count":1,"href":"https:\/\/www.elsindical.com.ar\/notas\/wp-json\/wp\/v2\/posts\/125218\/revisions"}],"predecessor-version":[{"id":125220,"href":"https:\/\/www.elsindical.com.ar\/notas\/wp-json\/wp\/v2\/posts\/125218\/revisions\/125220"}],"wp:featuredmedia":[{"embeddable":true,"href":"https:\/\/www.elsindical.com.ar\/notas\/wp-json\/wp\/v2\/media\/125219"}],"wp:attachment":[{"href":"https:\/\/www.elsindical.com.ar\/notas\/wp-json\/wp\/v2\/media?parent=125218"}],"wp:term":[{"taxonomy":"category","embeddable":true,"href":"https:\/\/www.elsindical.com.ar\/notas\/wp-json\/wp\/v2\/categories?post=125218"},{"taxonomy":"post_tag","embeddable":true,"href":"https:\/\/www.elsindical.com.ar\/notas\/wp-json\/wp\/v2\/tags?post=125218"}],"curies":[{"name":"wp","href":"https:\/\/api.w.org\/{rel}","templated":true}]}}