{"id":125215,"date":"2023-09-12T13:12:14","date_gmt":"2023-09-12T16:12:14","guid":{"rendered":"https:\/\/www.elsindical.com.ar\/notas\/?p=125215"},"modified":"2023-09-12T13:12:14","modified_gmt":"2023-09-12T16:12:14","slug":"lanus-detuvieron-a-un-kinesiologo-acusado-de-abusar-de-una-anciana","status":"publish","type":"post","link":"https:\/\/www.elsindical.com.ar\/notas\/lanus-detuvieron-a-un-kinesiologo-acusado-de-abusar-de-una-anciana\/","title":{"rendered":"Lan\u00fas: Detuvieron a un kinesi\u00f3logo acusado de abusar de una anciana"},"content":{"rendered":"\n<figure class=\"wp-block-image size-large\"><a href=\"https:\/\/www.elsindical.com.ar\/notas\/var\/www\/html\/notas\/wp-content\/uploads\/2023\/09\/kinesiologo-detenido-en-Lanus.jpeg\"><img loading=\"lazy\" decoding=\"async\" width=\"1024\" height=\"555\" src=\"https:\/\/www.elsindical.com.ar\/notas\/var\/www\/html\/notas\/wp-content\/uploads\/2023\/09\/kinesiologo-detenido-en-Lanus-1024x555.jpeg\" alt=\"\" class=\"wp-image-125216\" srcset=\"https:\/\/www.elsindical.com.ar\/notas\/var\/www\/html\/notas\/wp-content\/uploads\/2023\/09\/kinesiologo-detenido-en-Lanus-1024x555.jpeg 1024w, https:\/\/www.elsindical.com.ar\/notas\/var\/www\/html\/notas\/wp-content\/uploads\/2023\/09\/kinesiologo-detenido-en-Lanus-300x163.jpeg 300w, https:\/\/www.elsindical.com.ar\/notas\/var\/www\/html\/notas\/wp-content\/uploads\/2023\/09\/kinesiologo-detenido-en-Lanus-768x416.jpeg 768w, https:\/\/www.elsindical.com.ar\/notas\/var\/www\/html\/notas\/wp-content\/uploads\/2023\/09\/kinesiologo-detenido-en-Lanus-500x271.jpeg 500w, https:\/\/www.elsindical.com.ar\/notas\/var\/www\/html\/notas\/wp-content\/uploads\/2023\/09\/kinesiologo-detenido-en-Lanus.jpeg 1401w\" sizes=\"auto, (max-width: 1024px) 100vw, 1024px\" \/><\/a><\/figure>\n\n\n\n<p>La Polic\u00eda Bonaerense detuvo a un kinesi\u00f3logo acusado de abusar sexualmente de una paciente de 85 a\u00f1os. El hombre fue descubierto por la hija de la v\u00edctima, quien hab\u00eda instalado c\u00e1maras de seguridad en su domicilio de Lan\u00fas Este.<\/p>\n\n\n\n<p>El hecho sucedi\u00f3 en la casa que la mujer comparte con su hija, mientras estaba al cuidado de una enfermera.<\/p>\n\n\n\n<p>Fuentes policiales informaron que a ra\u00edz de un avanzado cuadro de demencia senil, la mujer de 85 a\u00f1os sufre un deterioro f\u00edsico y cognitivo que no le permite discernir tampoco puede movilizarse con normalidad, sino que utiliza un bast\u00f3n tr\u00edpode como apoyo y requiere de ayuda para realizar tareas cotidianas. En este contexto, la se\u00f1ora sufri\u00f3 una ca\u00edda que le ocasion\u00f3 una lesi\u00f3n en la zona lumbar, por lo que debi\u00f3 iniciar un tratamiento de kinesiolog\u00eda.<\/p>\n\n\n\n<p><strong>Dado el estado general de su madre, la hija coloc\u00f3 c\u00e1maras de vigilancia para poder monitorearla, ya que adem\u00e1s de su enfermedad, la mujer perdi\u00f3 gran parte de su audici\u00f3n y en ocasiones le result\u00f3 dif\u00edcil comunicarse con ella.<\/strong><\/p>\n\n\n\n<p>A mediados de julio, mientras estaba trabajando, decidi\u00f3 ver c\u00f3mo estaba su madre a trav\u00e9s de las c\u00e1maras. En ese momento, observ\u00f3 que el kinesi\u00f3logo, estaba en la habitaci\u00f3n de la mujer con los pantalones bajos mientras la acced\u00eda carnalmente, sin que ella pudiera decidir voluntariamente el acto.<\/p>\n\n\n\n<p>Ante este episodio, la mujer llam\u00f3 a la enfermera que se encontraba en la cocina y le pidi\u00f3 que auxilie a su madre.<\/p>\n\n\n\n<p>El hombre, tras ser sorprendido cometiendo el delito, logr\u00f3 escapar r\u00e1pidamente del domicilio.<\/p>\n\n\n\n<p>Luego de la denuncia y como resultado de una intensa tarea de investigaci\u00f3n, el kinesi\u00f3logo fue aprehendido en Monte Chingolo y qued\u00f3 a disposici\u00f3n de la justicia bajo la caratula de abuso sexual con acceso carnal.<\/p>\n\n\n\n<p>La causa est\u00e1 a cargo de la Unidad Funcional de Instrucci\u00f3n (UFI) 8 de Lan\u00fas y de la jueza Mollo del Juzgado de Garant\u00edas 2 de Avellaneda \u2013 Lan\u00fas.<\/p>\n","protected":false},"excerpt":{"rendered":"<p>La Polic\u00eda Bonaerense detuvo a un kinesi\u00f3logo acusado de abusar sexualmente de una paciente de 85 a\u00f1os. El hombre fue descubierto por la hija de la v\u00edctima, quien hab\u00eda instalado c\u00e1maras de seguridad en su domicilio de Lan\u00fas Este. El hecho sucedi\u00f3 en la casa que la mujer comparte con su hija, mientras estaba al&hellip;<\/p>\n","protected":false},"author":1,"featured_media":125216,"comment_status":"open","ping_status":"open","sticky":false,"template":"","format":"standard","meta":{"footnotes":""},"categories":[22],"tags":[783,1508,2450,41055,209],"class_list":["post-125215","post","type-post","status-publish","format-standard","has-post-thumbnail","hentry","category-policiales","tag-abuso-sexual","tag-anciana","tag-diario-el-sindical","tag-kinesiologo","tag-lanus"],"_links":{"self":[{"href":"https:\/\/www.elsindical.com.ar\/notas\/wp-json\/wp\/v2\/posts\/125215","targetHints":{"allow":["GET"]}}],"collection":[{"href":"https:\/\/www.elsindical.com.ar\/notas\/wp-json\/wp\/v2\/posts"}],"about":[{"href":"https:\/\/www.elsindical.com.ar\/notas\/wp-json\/wp\/v2\/types\/post"}],"author":[{"embeddable":true,"href":"https:\/\/www.elsindical.com.ar\/notas\/wp-json\/wp\/v2\/users\/1"}],"replies":[{"embeddable":true,"href":"https:\/\/www.elsindical.com.ar\/notas\/wp-json\/wp\/v2\/comments?post=125215"}],"version-history":[{"count":1,"href":"https:\/\/www.elsindical.com.ar\/notas\/wp-json\/wp\/v2\/posts\/125215\/revisions"}],"predecessor-version":[{"id":125217,"href":"https:\/\/www.elsindical.com.ar\/notas\/wp-json\/wp\/v2\/posts\/125215\/revisions\/125217"}],"wp:featuredmedia":[{"embeddable":true,"href":"https:\/\/www.elsindical.com.ar\/notas\/wp-json\/wp\/v2\/media\/125216"}],"wp:attachment":[{"href":"https:\/\/www.elsindical.com.ar\/notas\/wp-json\/wp\/v2\/media?parent=125215"}],"wp:term":[{"taxonomy":"category","embeddable":true,"href":"https:\/\/www.elsindical.com.ar\/notas\/wp-json\/wp\/v2\/categories?post=125215"},{"taxonomy":"post_tag","embeddable":true,"href":"https:\/\/www.elsindical.com.ar\/notas\/wp-json\/wp\/v2\/tags?post=125215"}],"curies":[{"name":"wp","href":"https:\/\/api.w.org\/{rel}","templated":true}]}}