{"id":125201,"date":"2023-09-11T11:01:28","date_gmt":"2023-09-11T14:01:28","guid":{"rendered":"https:\/\/www.elsindical.com.ar\/notas\/?p=125201"},"modified":"2023-09-11T11:02:21","modified_gmt":"2023-09-11T14:02:21","slug":"palermo-allanamientos-e-imputacion-por-abuso-sexual-a-un-ex-asesor-presidencial","status":"publish","type":"post","link":"https:\/\/www.elsindical.com.ar\/notas\/palermo-allanamientos-e-imputacion-por-abuso-sexual-a-un-ex-asesor-presidencial\/","title":{"rendered":"Palermo: Allanamientos e imputaci\u00f3n por abuso sexual a un ex asesor presidencial"},"content":{"rendered":"<div class=\"wp-block-image\">\n<figure class=\"aligncenter size-full is-resized\"><a href=\"https:\/\/www.elsindical.com.ar\/notas\/var\/www\/html\/notas\/wp-content\/uploads\/2023\/09\/ANTONIO-ARACRE.jpeg\"><img loading=\"lazy\" decoding=\"async\" src=\"https:\/\/www.elsindical.com.ar\/notas\/var\/www\/html\/notas\/wp-content\/uploads\/2023\/09\/ANTONIO-ARACRE.jpeg\" alt=\"\" class=\"wp-image-125202\" style=\"width:834px;height:480px\" width=\"834\" height=\"480\" srcset=\"https:\/\/www.elsindical.com.ar\/notas\/var\/www\/html\/notas\/wp-content\/uploads\/2023\/09\/ANTONIO-ARACRE.jpeg 706w, https:\/\/www.elsindical.com.ar\/notas\/var\/www\/html\/notas\/wp-content\/uploads\/2023\/09\/ANTONIO-ARACRE-300x173.jpeg 300w, https:\/\/www.elsindical.com.ar\/notas\/var\/www\/html\/notas\/wp-content\/uploads\/2023\/09\/ANTONIO-ARACRE-500x288.jpeg 500w, https:\/\/www.elsindical.com.ar\/notas\/var\/www\/html\/notas\/wp-content\/uploads\/2023\/09\/ANTONIO-ARACRE-220x126.jpeg 220w\" sizes=\"auto, (max-width: 834px) 100vw, 834px\" \/><\/a><\/figure>\n<\/div>\n\n\n<p><strong>El empresario Antonio Aracre fue imputado en una causa que investiga el abuso sexual de un menor de edad<\/strong>&nbsp;tras de una serie de allanamientos en dos domicilios del barrio porte\u00f1o de Palermo, donde se secuestraron elementos vinculados a la causa, informaron este domingo fuentes policiales.<\/p>\n\n\n\n<p>Los procedimientos fueron realizados por agentes de la Divisi\u00f3n Investigaciones Criminales (DIC) de la Comuna 14 de la polic\u00eda porte\u00f1a y&nbsp;<strong>se llevaron a cabo en dos departamento ubicados en las calles Ar\u00e9valo al 1300 y Beruti al 3300 del mencionado barrio de la ciudad de Buenos Aires.<\/strong><\/p>\n\n\n\n<p>En esos lugares, se secuestraron diversos elementos como acolchados, toallas, toallones, ropa interior, prendas de vestir, elementos inform\u00e1ticos y un veh\u00edculo marca BMW.<\/p>\n\n\n\n<p><strong>Ambos allanamientos fueron motivados luego de que Aracre fuera imputado en una causa que investiga el \u00ababuso sexual con acceso carnal\u00bb contra un menor de edad de 17 a\u00f1os denunciado el pasado 8 de septiembre.<\/strong><\/p>\n\n\n\n<p>La denuncia fue realizada por la madre la v\u00edctima que, seg\u00fan consta en la denuncia, conoci\u00f3 al acusado en el bar London y despu\u00e9s fue llevado al edificio luego allanado.<\/p>\n\n\n\n<figure class=\"wp-block-image size-full\"><a href=\"https:\/\/www.elsindical.com.ar\/notas\/var\/www\/html\/notas\/wp-content\/uploads\/2023\/09\/Antonio-Aracre-Syngenta.jpg\"><img loading=\"lazy\" decoding=\"async\" width=\"900\" height=\"505\" src=\"https:\/\/www.elsindical.com.ar\/notas\/var\/www\/html\/notas\/wp-content\/uploads\/2023\/09\/Antonio-Aracre-Syngenta.jpg\" alt=\"\" class=\"wp-image-125203\" srcset=\"https:\/\/www.elsindical.com.ar\/notas\/var\/www\/html\/notas\/wp-content\/uploads\/2023\/09\/Antonio-Aracre-Syngenta.jpg 900w, https:\/\/www.elsindical.com.ar\/notas\/var\/www\/html\/notas\/wp-content\/uploads\/2023\/09\/Antonio-Aracre-Syngenta-300x168.jpg 300w, https:\/\/www.elsindical.com.ar\/notas\/var\/www\/html\/notas\/wp-content\/uploads\/2023\/09\/Antonio-Aracre-Syngenta-768x431.jpg 768w, https:\/\/www.elsindical.com.ar\/notas\/var\/www\/html\/notas\/wp-content\/uploads\/2023\/09\/Antonio-Aracre-Syngenta-500x281.jpg 500w\" sizes=\"auto, (max-width: 900px) 100vw, 900px\" \/><\/a><\/figure>\n\n\n\n<p>Antonio Aracre fue CEO de la empresa china de semillas Syngenta, desde 2010, luego de una extensa carrera en esa compa\u00f1\u00eda.<\/p>\n\n\n\n<figure class=\"wp-block-image size-full is-resized\"><a href=\"https:\/\/www.elsindical.com.ar\/notas\/var\/www\/html\/notas\/wp-content\/uploads\/2023\/09\/Aracre-y-Fernandez.jpg\"><img loading=\"lazy\" decoding=\"async\" src=\"https:\/\/www.elsindical.com.ar\/notas\/var\/www\/html\/notas\/wp-content\/uploads\/2023\/09\/Aracre-y-Fernandez.jpg\" alt=\"\" class=\"wp-image-125204\" style=\"width:856px;height:529px\" width=\"856\" height=\"529\" srcset=\"https:\/\/www.elsindical.com.ar\/notas\/var\/www\/html\/notas\/wp-content\/uploads\/2023\/09\/Aracre-y-Fernandez.jpg 766w, https:\/\/www.elsindical.com.ar\/notas\/var\/www\/html\/notas\/wp-content\/uploads\/2023\/09\/Aracre-y-Fernandez-300x185.jpg 300w, https:\/\/www.elsindical.com.ar\/notas\/var\/www\/html\/notas\/wp-content\/uploads\/2023\/09\/Aracre-y-Fernandez-486x300.jpg 486w\" sizes=\"auto, (max-width: 856px) 100vw, 856px\" \/><\/a><\/figure>\n\n\n\n<p>En octubre de 2022 anunci\u00f3 su salida y en febrero de 2023 fue designado como jefe de asesores de la Presidencia.<\/p>\n\n\n\n<p>Finalmente, el 18 de abril culmin\u00f3 su ef\u00edmero paso por el gobierno.<\/p>\n\n\n\n<p>En sus \u00faltimas apariciones en redes sociales, el exfuncionario apoy\u00f3 a la candidata presidencial de Juntos por el Cambio, <strong>Patricia Bullrich<\/strong>.&nbsp;<\/p>\n","protected":false},"excerpt":{"rendered":"<p>El empresario Antonio Aracre fue imputado en una causa que investiga el abuso sexual de un menor de edad&nbsp;tras de una serie de allanamientos en dos domicilios del barrio porte\u00f1o de Palermo, donde se secuestraron elementos vinculados a la causa, informaron este domingo fuentes policiales. Los procedimientos fueron realizados por agentes de la Divisi\u00f3n Investigaciones&hellip;<\/p>\n","protected":false},"author":1,"featured_media":125202,"comment_status":"open","ping_status":"open","sticky":false,"template":"","format":"standard","meta":{"footnotes":""},"categories":[22],"tags":[783,33385,39140,175,2450,32066,223,1337,1241,39141],"class_list":["post-125201","post","type-post","status-publish","format-standard","has-post-thumbnail","hentry","category-policiales","tag-abuso-sexual","tag-alberto-fernandez-2","tag-antonio-aracre","tag-denuncia","tag-diario-el-sindical","tag-dic","tag-menor","tag-palermo","tag-patricia-bullrich","tag-syngenta"],"_links":{"self":[{"href":"https:\/\/www.elsindical.com.ar\/notas\/wp-json\/wp\/v2\/posts\/125201","targetHints":{"allow":["GET"]}}],"collection":[{"href":"https:\/\/www.elsindical.com.ar\/notas\/wp-json\/wp\/v2\/posts"}],"about":[{"href":"https:\/\/www.elsindical.com.ar\/notas\/wp-json\/wp\/v2\/types\/post"}],"author":[{"embeddable":true,"href":"https:\/\/www.elsindical.com.ar\/notas\/wp-json\/wp\/v2\/users\/1"}],"replies":[{"embeddable":true,"href":"https:\/\/www.elsindical.com.ar\/notas\/wp-json\/wp\/v2\/comments?post=125201"}],"version-history":[{"count":2,"href":"https:\/\/www.elsindical.com.ar\/notas\/wp-json\/wp\/v2\/posts\/125201\/revisions"}],"predecessor-version":[{"id":125206,"href":"https:\/\/www.elsindical.com.ar\/notas\/wp-json\/wp\/v2\/posts\/125201\/revisions\/125206"}],"wp:featuredmedia":[{"embeddable":true,"href":"https:\/\/www.elsindical.com.ar\/notas\/wp-json\/wp\/v2\/media\/125202"}],"wp:attachment":[{"href":"https:\/\/www.elsindical.com.ar\/notas\/wp-json\/wp\/v2\/media?parent=125201"}],"wp:term":[{"taxonomy":"category","embeddable":true,"href":"https:\/\/www.elsindical.com.ar\/notas\/wp-json\/wp\/v2\/categories?post=125201"},{"taxonomy":"post_tag","embeddable":true,"href":"https:\/\/www.elsindical.com.ar\/notas\/wp-json\/wp\/v2\/tags?post=125201"}],"curies":[{"name":"wp","href":"https:\/\/api.w.org\/{rel}","templated":true}]}}