{"id":125198,"date":"2023-09-11T10:21:25","date_gmt":"2023-09-11T13:21:25","guid":{"rendered":"https:\/\/www.elsindical.com.ar\/notas\/?p=125198"},"modified":"2023-09-11T10:21:25","modified_gmt":"2023-09-11T13:21:25","slug":"lomas-de-zamora-hallaron-un-cuerpo-en-el-riachuelo","status":"publish","type":"post","link":"https:\/\/www.elsindical.com.ar\/notas\/lomas-de-zamora-hallaron-un-cuerpo-en-el-riachuelo\/","title":{"rendered":"Lomas de Zamora: Hallaron un cuerpo en el Riachuelo"},"content":{"rendered":"\n<figure class=\"wp-block-image size-large\"><a href=\"https:\/\/www.elsindical.com.ar\/notas\/var\/www\/html\/notas\/wp-content\/uploads\/2023\/09\/Riachuelo-Puente-de-la-Noria.jpg\"><img loading=\"lazy\" decoding=\"async\" width=\"1024\" height=\"576\" src=\"https:\/\/www.elsindical.com.ar\/notas\/var\/www\/html\/notas\/wp-content\/uploads\/2023\/09\/Riachuelo-Puente-de-la-Noria-1024x576.jpg\" alt=\"\" class=\"wp-image-125199\" srcset=\"https:\/\/www.elsindical.com.ar\/notas\/var\/www\/html\/notas\/wp-content\/uploads\/2023\/09\/Riachuelo-Puente-de-la-Noria-1024x576.jpg 1024w, https:\/\/www.elsindical.com.ar\/notas\/var\/www\/html\/notas\/wp-content\/uploads\/2023\/09\/Riachuelo-Puente-de-la-Noria-300x169.jpg 300w, https:\/\/www.elsindical.com.ar\/notas\/var\/www\/html\/notas\/wp-content\/uploads\/2023\/09\/Riachuelo-Puente-de-la-Noria-768x432.jpg 768w, https:\/\/www.elsindical.com.ar\/notas\/var\/www\/html\/notas\/wp-content\/uploads\/2023\/09\/Riachuelo-Puente-de-la-Noria-500x281.jpg 500w, https:\/\/www.elsindical.com.ar\/notas\/var\/www\/html\/notas\/wp-content\/uploads\/2023\/09\/Riachuelo-Puente-de-la-Noria-460x260.jpg 460w, https:\/\/www.elsindical.com.ar\/notas\/var\/www\/html\/notas\/wp-content\/uploads\/2023\/09\/Riachuelo-Puente-de-la-Noria.jpg 1200w\" sizes=\"auto, (max-width: 1024px) 100vw, 1024px\" \/><\/a><\/figure>\n\n\n\n<p>El cuerpo estaba en avanzado estado de descomposici\u00f3n.<\/p>\n\n\n\n<p><strong>Un cad\u00e1ver fue hallado en el Riachuelo, a la altura del Nuevo Puente La Noria<\/strong>, y las autoridades policiales investigan si se trata de un adolescente del Barrio 20 de Villa Lugano que estaba desaparecido hace 10 d\u00edas, informaron fuentes policiales.<\/p>\n\n\n\n<p>Oficiales de la Divisi\u00f3n Infancia y Adolescencia de la Polic\u00eda de la Ciudad, junto a personal de la Polic\u00eda Federal Argentina y Bomberos de la Polic\u00eda bonaerense, trabajaron para la extracci\u00f3n del cuerpo, que se encontraba en <strong>estado de descomposici\u00f3n<\/strong>.<\/p>\n\n\n\n<p><strong>Las autoridades tratan de establecer si el cuerpo pertenece a Rom\u00e1n Ram\u00edrez Z\u00e1rate, cuya familia denunci\u00f3 que desde el 2 de setiembre estaba desaparecido<\/strong>, precis\u00f3 el parte policial.<\/p>\n\n\n\n<p>El joven reside en el Barrio 20 de Villa Lugano, en CABA, y la denuncia fue radicada el pasado martes, que activ\u00f3 la intervenci\u00f3n de la Divisi\u00f3n Infancia y Adolescencia de la Polic\u00eda porte\u00f1a para su b\u00fasqueda.<\/p>\n","protected":false},"excerpt":{"rendered":"<p>El cuerpo estaba en avanzado estado de descomposici\u00f3n. Un cad\u00e1ver fue hallado en el Riachuelo, a la altura del Nuevo Puente La Noria, y las autoridades policiales investigan si se trata de un adolescente del Barrio 20 de Villa Lugano que estaba desaparecido hace 10 d\u00edas, informaron fuentes policiales. Oficiales de la Divisi\u00f3n Infancia y&hellip;<\/p>\n","protected":false},"author":1,"featured_media":125199,"comment_status":"open","ping_status":"open","sticky":false,"template":"","format":"standard","meta":{"footnotes":""},"categories":[22],"tags":[41053,698,24537,18088,4447],"class_list":["post-125198","post","type-post","status-publish","format-standard","has-post-thumbnail","hentry","category-policiales","tag-barrio-20-de-lugano","tag-pfa","tag-policia-de-la-ciudad","tag-puente-la-noria","tag-riachuelo"],"_links":{"self":[{"href":"https:\/\/www.elsindical.com.ar\/notas\/wp-json\/wp\/v2\/posts\/125198","targetHints":{"allow":["GET"]}}],"collection":[{"href":"https:\/\/www.elsindical.com.ar\/notas\/wp-json\/wp\/v2\/posts"}],"about":[{"href":"https:\/\/www.elsindical.com.ar\/notas\/wp-json\/wp\/v2\/types\/post"}],"author":[{"embeddable":true,"href":"https:\/\/www.elsindical.com.ar\/notas\/wp-json\/wp\/v2\/users\/1"}],"replies":[{"embeddable":true,"href":"https:\/\/www.elsindical.com.ar\/notas\/wp-json\/wp\/v2\/comments?post=125198"}],"version-history":[{"count":1,"href":"https:\/\/www.elsindical.com.ar\/notas\/wp-json\/wp\/v2\/posts\/125198\/revisions"}],"predecessor-version":[{"id":125200,"href":"https:\/\/www.elsindical.com.ar\/notas\/wp-json\/wp\/v2\/posts\/125198\/revisions\/125200"}],"wp:featuredmedia":[{"embeddable":true,"href":"https:\/\/www.elsindical.com.ar\/notas\/wp-json\/wp\/v2\/media\/125199"}],"wp:attachment":[{"href":"https:\/\/www.elsindical.com.ar\/notas\/wp-json\/wp\/v2\/media?parent=125198"}],"wp:term":[{"taxonomy":"category","embeddable":true,"href":"https:\/\/www.elsindical.com.ar\/notas\/wp-json\/wp\/v2\/categories?post=125198"},{"taxonomy":"post_tag","embeddable":true,"href":"https:\/\/www.elsindical.com.ar\/notas\/wp-json\/wp\/v2\/tags?post=125198"}],"curies":[{"name":"wp","href":"https:\/\/api.w.org\/{rel}","templated":true}]}}