{"id":125179,"date":"2023-09-10T01:05:43","date_gmt":"2023-09-10T04:05:43","guid":{"rendered":"https:\/\/www.elsindical.com.ar\/notas\/?p=125179"},"modified":"2023-09-10T01:05:44","modified_gmt":"2023-09-10T04:05:44","slug":"l-gante-recupero-la-libertad-y-agradecio-a-todos-por-el-aguante","status":"publish","type":"post","link":"https:\/\/www.elsindical.com.ar\/notas\/l-gante-recupero-la-libertad-y-agradecio-a-todos-por-el-aguante\/","title":{"rendered":"L-Gante recuper\u00f3 la libertad y agradeci\u00f3 a todos por el aguante"},"content":{"rendered":"\n<figure class=\"wp-block-image size-large\"><a href=\"https:\/\/www.elsindical.com.ar\/notas\/var\/www\/html\/notas\/wp-content\/uploads\/2023\/09\/Elian-y-Jamaica.jpg\"><img loading=\"lazy\" decoding=\"async\" width=\"1024\" height=\"1024\" src=\"https:\/\/www.elsindical.com.ar\/notas\/var\/www\/html\/notas\/wp-content\/uploads\/2023\/09\/Elian-y-Jamaica-1024x1024.jpg\" alt=\"\" class=\"wp-image-125180\" srcset=\"https:\/\/www.elsindical.com.ar\/notas\/var\/www\/html\/notas\/wp-content\/uploads\/2023\/09\/Elian-y-Jamaica-1024x1024.jpg 1024w, https:\/\/www.elsindical.com.ar\/notas\/var\/www\/html\/notas\/wp-content\/uploads\/2023\/09\/Elian-y-Jamaica-300x300.jpg 300w, https:\/\/www.elsindical.com.ar\/notas\/var\/www\/html\/notas\/wp-content\/uploads\/2023\/09\/Elian-y-Jamaica-150x150.jpg 150w, https:\/\/www.elsindical.com.ar\/notas\/var\/www\/html\/notas\/wp-content\/uploads\/2023\/09\/Elian-y-Jamaica-768x768.jpg 768w, https:\/\/www.elsindical.com.ar\/notas\/var\/www\/html\/notas\/wp-content\/uploads\/2023\/09\/Elian-y-Jamaica-50x50.jpg 50w, https:\/\/www.elsindical.com.ar\/notas\/var\/www\/html\/notas\/wp-content\/uploads\/2023\/09\/Elian-y-Jamaica.jpg 1440w\" sizes=\"auto, (max-width: 1024px) 100vw, 1024px\" \/><\/a><\/figure>\n\n\n\n<p>El juez que el viernes por la noche le otorg\u00f3 la libertad a Eli\u00e1n \u00c1ngel Valenzuela, el m\u00fasico m\u00e1s conocido como L-Gante que permaneci\u00f3 casi 100 d\u00edas preso, tuvo en cuenta la declaraci\u00f3n de cuatro nuevos testigos presenciales de la supuesta privaci\u00f3n ileg\u00edtima de la libertad que protagoniz\u00f3 en mayo pasado en la localidad bonaerense de General Rodr\u00edguez, lo que motiv\u00f3 una \u00abreevaluaci\u00f3n\u00bb de la prueba que exist\u00eda en el expediente y benefici\u00f3 al acusado con la excarcelaci\u00f3n por el \u00abbeneficio de la duda\u00bb.<\/p>\n\n\n\n<p>\u00abLos testigos presenciales de los incidentes que dieron ra\u00edz a los hechos endilgados a Valenzuela, dan cuenta del estado de alcoholismo y exaltaci\u00f3n en el que se habr\u00eda encontrado el denunciante y su enemistad manifiesta contra el aqu\u00ed imputado Valenzuela y sus amistades\u00bb, dice entre sus conclusiones el juez de Garant\u00edas Gabriel Castro.<\/p>\n\n\n\n<p>Para el fiscal que investig\u00f3 el caso, Ra\u00fal Villalba, de la Unidad Funcional de Instrucci\u00f3n (UFI) 9 del Departamento Judicial de Moreno-General Rodr\u00edguez, L-Gante (23) est\u00e1 acusado por cuatro hechos: Las amenazas simples en concurso real con privaci\u00f3n ileg\u00edtima de la libertad en concurso ideal con amenazas coactivas en perjuicio de Dar\u00edo Gast\u00f3n Torres; la privaci\u00f3n ileg\u00edtima de la libertad simple en concurso ideal con amenazas simples de Rosa Catalina Passi; la tenencia simple de estupefacientes; y el encubrimiento agravado por el \u00e1nimo de lucro por tener en su poder un IPhone 12 Pro denunciado como robado.<\/p>\n\n\n\n<p>Sin embargo, para el magistrado, las declaraciones de los nuevos testigos realizadas a fines del mes pasado motivaron una \u00abreevaluaci\u00f3n\u00bb de la prueba y orden\u00f3 la inmediata libertad de L-Gante.<\/p>\n\n\n\n<p>Tras la decisi\u00f3n del juez, el referente de la cumbia 420 abandon\u00f3 alrededor de las 23 acompa\u00f1ado de un grupo de amigos la sede de la Delegaci\u00f3n Departamental de Investigaciones (DDI) Quilmes en la que estaba alojado desde el 6 de junio pasado.<\/p>\n\n\n\n<p>Con una gorra blanca, una campera verde fl\u00faor y una barba candado, el m\u00fasico explic\u00f3 que aprovech\u00f3 el tiempo detenido para \u00abrecapacitar\u00bb, cuidarse m\u00e1s, endurecerse \u00abmentalmente\u00bb, \u00abpensar de buena manera\u00bb y meterle \u00abcon todo\u00bb a la lo que m\u00e1s le gusta: \u00abcumbia 420 para los negros\u00bb.<\/p>\n\n\n\n<p><strong>El juez Castro entendi\u00f3 que deb\u00eda garantizarse el principio de \u00abin dubio pro reo\u00bb (que establece que en caso que existan dudas se debe beneficiar al imputado) y \u00abla regla general de que el acusado transite el proceso en libertad durante la sustanciaci\u00f3n del mismo, y hasta tanto exista una condena en su contra; m\u00e1xime, cuando las dudas advertidas tornan, a mi entender, que el actual encierro preventivo deviene injusto e irrazonable\u00bb.<\/strong><\/p>\n\n\n\n<p>En sus conclusiones, adem\u00e1s de la declaraci\u00f3n de esos nuevos testigos, el magistrado evalu\u00f3 una nueva declaraci\u00f3n de la v\u00edctima Passi, quien -para el juez- incurri\u00f3 en \u00abm\u00faltiples contradicciones\u00bb respecto a su testimonio anterior.<\/p>\n\n\n\n<p>\u00abEn la primera de ellas afirm\u00f3: \u2018Me hizo subir a la camioneta\u2019 y en su \u00faltima declaraci\u00f3n hizo saber que tras estar cinco minutos en la puerta de su casa subi\u00f3 a la camioneta porque ten\u00eda fr\u00edo\u00bb, explic\u00f3 Castro en su resoluci\u00f3n.<\/p>\n\n\n\n<p>Otro de los puntos importantes considerados por el juez fue el testimonio de Mayra Gimena Flores, expareja del hijo del denunciante Torres, quien asegur\u00f3 que la v\u00edctima se subi\u00f3 por sus propios medios a la camioneta de L-Gante y sin ser amenazado por el m\u00fasico de cumbia.<\/p>\n\n\n\n<p>\u00abTodo ello conlleva entonces a la necesidad que sea en el marco del juicio oral a llevarse a cabo, donde sea producida efectivamente la prueba, y todas las partes intervinientes en el proceso, puedan ejercer eficazmente sus derechos (\u2026) respecto del c\u00famulo de actos de investigaci\u00f3n que componen la etapa de instrucci\u00f3n\u00bb, indic\u00f3 Castro en la resoluci\u00f3n a la que tuvo acceso T\u00e9lam.<\/p>\n\n\n\n<p>La denuncia que deriv\u00f3 en la detenci\u00f3n del cantante fue realizada el 27 de mayo por Dar\u00edo Gast\u00f3n Torres, vecino de la familia de Valenzuela, que reside en el barrio Bicentenario de General Rodr\u00edguez, en el oeste del conurbano.<\/p>\n\n\n\n<p>La ma\u00f1ana de ese d\u00eda, a la salida del local bailable \u00abR\u00edo\u00bb ubicado en esa localidad, hubo un incidente con varios j\u00f3venes integrantes de la denominada \u00abLa Mafilia\u00bb, el grupo de amigos y m\u00fasicos al que pertenece L-Gante.<\/p>\n\n\n\n<p><strong>Seg\u00fan denunci\u00f3 Torres, cuando se retira del boliche para dirigirse a su casa, comenz\u00f3 a recibir amenazas por parte de Valenzuela y tras ello, integrantes de La Mafilia fueron hasta su casa y lo agredieron f\u00edsicamente tanto a \u00e9l como a su familia.<\/strong><\/p>\n\n\n\n<p>Luego, siempre de acuerdo a su denuncia, pas\u00f3 un BMW blanco conducido por Valenzuela, que baj\u00f3 el vidrio, le apunt\u00f3 con un arma y lo subi\u00f3 por la fuerza.<\/p>\n\n\n\n<p>A los pocos metros, tambi\u00e9n fue interceptada y obligada a subir al mismo rodado la joven Rosa Catalina Passi, tambi\u00e9n vecina del m\u00fasico y quien hab\u00eda participado de la primera discusi\u00f3n con los amigos de L-Gante.<\/p>\n\n\n\n<p>Luego y siempre seg\u00fan la denuncia, algunos integrantes de \u00abLa Mafilia\u00bb fueron demorados por la Polic\u00eda y L-Gante regres\u00f3 hacia donde estaba el m\u00f3vil, baj\u00f3 el vidrio y les dijo a los agentes: \u00abLargame a los pibes o a \u00e9ste te lo mato\u00bb, en referencia a la v\u00edctima que estaba retenida dentro de su BMW.<\/p>\n\n\n\n<p>Supuestamente Torres permaneci\u00f3 23 minutos cautivo hasta que L-Gante recibi\u00f3 una llamada en la que le aseguraban que sus amigos hab\u00edan sido liberados por la Polic\u00eda y solt\u00f3 a las v\u00edctimas.<\/p>\n\n\n\n<p>Con la prueba reunida, la fiscal\u00eda solicit\u00f3 la detenci\u00f3n de Valenzuela al juez Castro, quien convalid\u00f3 el pedido y dispuso cuatro allanamientos el 6 de junio, uno de ellos en el sector 1 del country del Club Banco Provincia, donde finalmente el m\u00fasico fue detenido.<\/p>\n","protected":false},"excerpt":{"rendered":"<p>El juez que el viernes por la noche le otorg\u00f3 la libertad a Eli\u00e1n \u00c1ngel Valenzuela, el m\u00fasico m\u00e1s conocido como L-Gante que permaneci\u00f3 casi 100 d\u00edas preso, tuvo en cuenta la declaraci\u00f3n de cuatro nuevos testigos presenciales de la supuesta privaci\u00f3n ileg\u00edtima de la libertad que protagoniz\u00f3 en mayo pasado en la localidad bonaerense&hellip;<\/p>\n","protected":false},"author":1,"featured_media":125180,"comment_status":"open","ping_status":"open","sticky":false,"template":"","format":"standard","meta":{"footnotes":""},"categories":[20],"tags":[37387,12812,2450,36900,1317,35751,1684,1986,41048],"class_list":["post-125179","post","type-post","status-publish","format-standard","has-post-thumbnail","hentry","category-judiciales","tag-cumbia-420","tag-ddi-quilmes","tag-diario-el-sindical","tag-elian-angel-valenzuela","tag-general-rodriguez","tag-l-gante","tag-libertad","tag-musico","tag-raul-villalba"],"_links":{"self":[{"href":"https:\/\/www.elsindical.com.ar\/notas\/wp-json\/wp\/v2\/posts\/125179","targetHints":{"allow":["GET"]}}],"collection":[{"href":"https:\/\/www.elsindical.com.ar\/notas\/wp-json\/wp\/v2\/posts"}],"about":[{"href":"https:\/\/www.elsindical.com.ar\/notas\/wp-json\/wp\/v2\/types\/post"}],"author":[{"embeddable":true,"href":"https:\/\/www.elsindical.com.ar\/notas\/wp-json\/wp\/v2\/users\/1"}],"replies":[{"embeddable":true,"href":"https:\/\/www.elsindical.com.ar\/notas\/wp-json\/wp\/v2\/comments?post=125179"}],"version-history":[{"count":1,"href":"https:\/\/www.elsindical.com.ar\/notas\/wp-json\/wp\/v2\/posts\/125179\/revisions"}],"predecessor-version":[{"id":125181,"href":"https:\/\/www.elsindical.com.ar\/notas\/wp-json\/wp\/v2\/posts\/125179\/revisions\/125181"}],"wp:featuredmedia":[{"embeddable":true,"href":"https:\/\/www.elsindical.com.ar\/notas\/wp-json\/wp\/v2\/media\/125180"}],"wp:attachment":[{"href":"https:\/\/www.elsindical.com.ar\/notas\/wp-json\/wp\/v2\/media?parent=125179"}],"wp:term":[{"taxonomy":"category","embeddable":true,"href":"https:\/\/www.elsindical.com.ar\/notas\/wp-json\/wp\/v2\/categories?post=125179"},{"taxonomy":"post_tag","embeddable":true,"href":"https:\/\/www.elsindical.com.ar\/notas\/wp-json\/wp\/v2\/tags?post=125179"}],"curies":[{"name":"wp","href":"https:\/\/api.w.org\/{rel}","templated":true}]}}