{"id":12504,"date":"2011-02-16T00:23:02","date_gmt":"2011-02-16T03:23:02","guid":{"rendered":"http:\/\/www.elsindical.com.ar\/notas\/?p=12504"},"modified":"2011-02-16T00:23:02","modified_gmt":"2011-02-16T03:23:02","slug":"anses-abre-puestos-de-consultas-las-24-horas","status":"publish","type":"post","link":"https:\/\/www.elsindical.com.ar\/notas\/anses-abre-puestos-de-consultas-las-24-horas\/","title":{"rendered":"ANSES abre puestos de consultas las 24 horas"},"content":{"rendered":"<p style=\"text-align: justify;\"><em><a href=\"http:\/\/www.elsindical.com.ar\/notas\/var\/www\/html\/notas\/wp-content\/uploads\/2011\/02\/logo-ANSES.jpg\"><img loading=\"lazy\" decoding=\"async\" class=\"alignleft size-full wp-image-12505\" title=\"logo-ANSES\" src=\"http:\/\/www.elsindical.com.ar\/notas\/var\/www\/html\/notas\/wp-content\/uploads\/2011\/02\/logo-ANSES.jpg\" alt=\"\" width=\"207\" height=\"202\" \/><\/a>El director ejecutivo de la ANSES, Diego Bossio, inaugur\u00f3 los primeros dos puestos de consulta 24 horas, que permitir\u00e1n que los vecinos realicen distintos tr\u00e1mites previsionales en cualquier momento del d\u00eda. Adem\u00e1s, visit\u00f3 la oficina del organismo Plaza de Mayo, donde recorri\u00f3 las instalaciones y convers\u00f3 con los empleados.<\/em><\/p>\n<p style=\"text-align: justify;\">El objetivo de estos puestos de atenci\u00f3n ser\u00e1 complementar la tarea de la oficina, haciendo los tr\u00e1mites m\u00e1s f\u00e1ciles y accesibles a la poblaci\u00f3n. A lo largo y ancho del pa\u00eds, existe una red de m\u00e1s de 580 Terminales de Autoconsulta (TAE). Los puestos cuentan con tecnolog\u00eda de \u00faltima generaci\u00f3n y permiten imprimir constancias de CUIL, y realizar consultas de obra social, de c\u00f3digos de haberes y descuentos para jubilados y pensionados,\u00a0 estados de expedientes, fechas y lugares de cobro, entre otras.<\/p>\n<p style=\"text-align: justify;\">Acompa\u00f1aron a Bossio, el secretario general de la ANSES, Rodrigo Ruete, el subdirector de Prestaciones, Mariano Cascallares, entre otras autoridades.<\/p>\n<p style=\"text-align: justify;\">La Unidad de Atenci\u00f3n Integral (UDAI) Plaza de Mayo, que posee la nueva identidad visual del organismo,\u00a0 est\u00e1 ubicada en Avenida Paseo Col\u00f3n 239 y atiende de lunes a viernes, de 8 a 14. Durante su recorrida, Bossio salud\u00f3 a los empleados y los felicit\u00f3 por su labor que realizan diariamente.<\/p>\n","protected":false},"excerpt":{"rendered":"<p>El director ejecutivo de la ANSES, Diego Bossio, inaugur\u00f3 los primeros dos puestos de consulta 24 horas, que permitir\u00e1n que los vecinos realicen distintos tr\u00e1mites previsionales en cualquier momento del d\u00eda. Adem\u00e1s, visit\u00f3 la oficina del organismo Plaza de Mayo, donde recorri\u00f3 las instalaciones y convers\u00f3 con los empleados. El objetivo de estos puestos de&hellip;<\/p>\n","protected":false},"author":1,"featured_media":0,"comment_status":"open","ping_status":"open","sticky":false,"template":"","format":"standard","meta":{"footnotes":""},"categories":[13],"tags":[80,5997,5995,904,5996],"class_list":["post-12504","post","type-post","status-publish","format-standard","hentry","category-politica","tag-anses","tag-consultas","tag-diego-bossio","tag-plaza-de-mayo","tag-sucursales"],"_links":{"self":[{"href":"https:\/\/www.elsindical.com.ar\/notas\/wp-json\/wp\/v2\/posts\/12504","targetHints":{"allow":["GET"]}}],"collection":[{"href":"https:\/\/www.elsindical.com.ar\/notas\/wp-json\/wp\/v2\/posts"}],"about":[{"href":"https:\/\/www.elsindical.com.ar\/notas\/wp-json\/wp\/v2\/types\/post"}],"author":[{"embeddable":true,"href":"https:\/\/www.elsindical.com.ar\/notas\/wp-json\/wp\/v2\/users\/1"}],"replies":[{"embeddable":true,"href":"https:\/\/www.elsindical.com.ar\/notas\/wp-json\/wp\/v2\/comments?post=12504"}],"version-history":[{"count":1,"href":"https:\/\/www.elsindical.com.ar\/notas\/wp-json\/wp\/v2\/posts\/12504\/revisions"}],"predecessor-version":[{"id":12506,"href":"https:\/\/www.elsindical.com.ar\/notas\/wp-json\/wp\/v2\/posts\/12504\/revisions\/12506"}],"wp:attachment":[{"href":"https:\/\/www.elsindical.com.ar\/notas\/wp-json\/wp\/v2\/media?parent=12504"}],"wp:term":[{"taxonomy":"category","embeddable":true,"href":"https:\/\/www.elsindical.com.ar\/notas\/wp-json\/wp\/v2\/categories?post=12504"},{"taxonomy":"post_tag","embeddable":true,"href":"https:\/\/www.elsindical.com.ar\/notas\/wp-json\/wp\/v2\/tags?post=12504"}],"curies":[{"name":"wp","href":"https:\/\/api.w.org\/{rel}","templated":true}]}}