{"id":125039,"date":"2023-09-04T13:23:29","date_gmt":"2023-09-04T16:23:29","guid":{"rendered":"https:\/\/www.elsindical.com.ar\/notas\/?p=125039"},"modified":"2023-09-04T13:37:26","modified_gmt":"2023-09-04T16:37:26","slug":"quilmes-vecinos-atrapan-a-delincuente-que-robo-e-hirio-de-un-tiro-a-comerciante","status":"publish","type":"post","link":"https:\/\/www.elsindical.com.ar\/notas\/quilmes-vecinos-atrapan-a-delincuente-que-robo-e-hirio-de-un-tiro-a-comerciante\/","title":{"rendered":"Quilmes: Vecinos atrapan a delincuente que robo e hiri\u00f3 de un tiro a comerciante"},"content":{"rendered":"<div class=\"wp-block-image\">\n<figure class=\"aligncenter size-full\"><a href=\"https:\/\/www.elsindical.com.ar\/notas\/var\/www\/html\/notas\/wp-content\/uploads\/2023\/09\/delincuente-detenido-en-Quilmes.jpg\"><img loading=\"lazy\" decoding=\"async\" width=\"522\" height=\"746\" src=\"https:\/\/www.elsindical.com.ar\/notas\/var\/www\/html\/notas\/wp-content\/uploads\/2023\/09\/delincuente-detenido-en-Quilmes.jpg\" alt=\"\" class=\"wp-image-125040\" srcset=\"https:\/\/www.elsindical.com.ar\/notas\/var\/www\/html\/notas\/wp-content\/uploads\/2023\/09\/delincuente-detenido-en-Quilmes.jpg 522w, https:\/\/www.elsindical.com.ar\/notas\/var\/www\/html\/notas\/wp-content\/uploads\/2023\/09\/delincuente-detenido-en-Quilmes-210x300.jpg 210w\" sizes=\"auto, (max-width: 522px) 100vw, 522px\" \/><\/a><\/figure>\n<\/div>\n\n\n<p>El violento episodio fue registrado en un video que se viraliz\u00f3 en redes sociales. \u201cEsta es zona liberada\u201d, se quej\u00f3 una de las personas que vive en el barrio.<\/p>\n\n\n\n<p>Vecinos de <strong>Quilmes Oeste<\/strong> atraparon y lincharon a un delincuente que hab\u00eda asaltado a un comerciante a mano armada y, luego, bale\u00f3 a un hombre en la pierna, al que intent\u00f3 robarle la camioneta para escapar. La golpiza fue registrada en un video que se viraliz\u00f3 en redes sociales.<\/p>\n\n\n\n<p>Ocurri\u00f3 esta semana, en horas de la tarde, en las calles Cuelli y 383, en barrio Las Palmas de Quilmes Oeste, cuando el ladr\u00f3n fue interceptado por varias personas que lo persiguieron tras el primer robo. Cuando lo alcanzaron,<strong> le sacaron el arma y le pegaron patadas en el suelo hasta que intervino la polic\u00eda y le puso las esposas.<\/strong><\/p>\n\n\n\n<p>En la filmaci\u00f3n se puede ver, a un costado del delincuente, el rev\u00f3lver que us\u00f3 en los asaltos. \u201cPrimero, entr\u00f3 a robar a una cerrajer\u00eda y le dio un culatazo en la cabeza al cerrajero. Cuando se va, salen todos los comerciantes y vecinos a correr al ladr\u00f3n.<strong> Lo estaba esperando un auto rojo, <\/strong>pero como ve (el conductor) que lo estaban por atrapar, se va y lo deja corriendo\u201d, relat\u00f3 Gabriel, uno de los vecinos de la zona.<\/p>\n\n\n\n<p>Al verse acorralado, \u201c<strong>empez\u00f3 a los tiros contra la gente que lo estaba corriendo<\/strong>, a las dos cuadras se cruza con el se\u00f1or de la camioneta y se la quiere robar para poder fugarse. Como el se\u00f1or se resisti\u00f3, le peg\u00f3 en la pierna y sigui\u00f3 corriendo, hasta que se trastabilla y se cae\u201d, continu\u00f3 el vecino, en ese momento, lo comenzaron a golpear.<\/p>\n\n\n\n<p>\u201cYa estamos cansados. Este barrio es tierra de nadie\u201d, se quej\u00f3 Gabriel. \u201cDesde que termin\u00f3 la pandemia es terrible. Este no fue el \u00fanico hecho, todos los d\u00edas ocurren hechos similares. A m\u00ed me han querido robar la camioneta dos veces con mi nena de 5 a\u00f1os, adentro. Tenemos alarma vecinal, particular en casa y una seguridad que nos viene a cuidar cuando entramos a casa. As\u00ed y todo no paran\u201d, grafic\u00f3.<\/p>\n\n\n\n<p>\u201cLos vecinos pusieron c\u00e1maras por todas partes. No les importa nada, si en 20 segundos desaparecieron del barrio\u201d, sigui\u00f3 y record\u00f3: \u201cHace seis meses, destrozaron a tres abuelitos, les entraron a la noche. Fuimos a la comisar\u00eda, cortamos la calle para pedir seguridad. Se nos ca\u00eda la cara de verg\u00fcenza\u2026 Los autos no pod\u00edan circular y nos insultaban. Nosotros somos gente trabajadora, no somos piqueteros, nos levantamos todos los d\u00edas para ir a trabajar\u201d, remarc\u00f3.<\/p>\n\n\n\n<p>El hombre cont\u00f3 que pudieron hablar con el comisario de la zona. \u201cNos explic\u00f3 que hacen lo que pueden y que no hay patrulleros. <strong>Estamos totalmente desamparados<\/strong>\u201d, se lament\u00f3.<\/p>\n\n\n\n<p>\u201cA las ocho de la noche arrancan los que supuestamente son carreros y<strong> te roban los picaportes, el canasto de la basura<\/strong>&#8230; Andan por arriba de los techos a toda hora. Vas a comprar el pan pensando que pueden matarte\u201d, cerr\u00f3 el vecino resignado a los frecuentes casos de inseguridad que se registran en el barrio.<\/p>\n\n\n\n<figure class=\"wp-block-embed is-type-video is-provider-youtube wp-block-embed-youtube wp-embed-aspect-16-9 wp-has-aspect-ratio\"><div class=\"wp-block-embed__wrapper\">\n<iframe loading=\"lazy\" title=\"Quilmes vecinos persiguen y reducen a delincuente\" width=\"700\" height=\"394\" src=\"https:\/\/www.youtube.com\/embed\/o5Nn9Uri8GM?feature=oembed\" frameborder=\"0\" allow=\"accelerometer; autoplay; clipboard-write; encrypted-media; gyroscope; picture-in-picture; web-share\" allowfullscreen><\/iframe>\n<\/div><\/figure>\n","protected":false},"excerpt":{"rendered":"<p>El violento episodio fue registrado en un video que se viraliz\u00f3 en redes sociales. \u201cEsta es zona liberada\u201d, se quej\u00f3 una de las personas que vive en el barrio. Vecinos de Quilmes Oeste atraparon y lincharon a un delincuente que hab\u00eda asaltado a un comerciante a mano armada y, luego, bale\u00f3 a un hombre en&hellip;<\/p>\n","protected":false},"author":1,"featured_media":125040,"comment_status":"open","ping_status":"open","sticky":false,"template":"","format":"standard","meta":{"footnotes":""},"categories":[22],"tags":[40987,3164,196,2450,894,148,984,38997,684,116,986],"class_list":["post-125039","post","type-post","status-publish","format-standard","has-post-thumbnail","hentry","category-policiales","tag-barrio-las-palmas","tag-comerciante","tag-delincuente","tag-diario-el-sindical","tag-disparos","tag-herido","tag-inseguridad","tag-mayra-mendoz","tag-quilmes","tag-robo","tag-vecinos"],"_links":{"self":[{"href":"https:\/\/www.elsindical.com.ar\/notas\/wp-json\/wp\/v2\/posts\/125039","targetHints":{"allow":["GET"]}}],"collection":[{"href":"https:\/\/www.elsindical.com.ar\/notas\/wp-json\/wp\/v2\/posts"}],"about":[{"href":"https:\/\/www.elsindical.com.ar\/notas\/wp-json\/wp\/v2\/types\/post"}],"author":[{"embeddable":true,"href":"https:\/\/www.elsindical.com.ar\/notas\/wp-json\/wp\/v2\/users\/1"}],"replies":[{"embeddable":true,"href":"https:\/\/www.elsindical.com.ar\/notas\/wp-json\/wp\/v2\/comments?post=125039"}],"version-history":[{"count":2,"href":"https:\/\/www.elsindical.com.ar\/notas\/wp-json\/wp\/v2\/posts\/125039\/revisions"}],"predecessor-version":[{"id":125042,"href":"https:\/\/www.elsindical.com.ar\/notas\/wp-json\/wp\/v2\/posts\/125039\/revisions\/125042"}],"wp:featuredmedia":[{"embeddable":true,"href":"https:\/\/www.elsindical.com.ar\/notas\/wp-json\/wp\/v2\/media\/125040"}],"wp:attachment":[{"href":"https:\/\/www.elsindical.com.ar\/notas\/wp-json\/wp\/v2\/media?parent=125039"}],"wp:term":[{"taxonomy":"category","embeddable":true,"href":"https:\/\/www.elsindical.com.ar\/notas\/wp-json\/wp\/v2\/categories?post=125039"},{"taxonomy":"post_tag","embeddable":true,"href":"https:\/\/www.elsindical.com.ar\/notas\/wp-json\/wp\/v2\/tags?post=125039"}],"curies":[{"name":"wp","href":"https:\/\/api.w.org\/{rel}","templated":true}]}}