{"id":125028,"date":"2023-09-04T10:47:26","date_gmt":"2023-09-04T13:47:26","guid":{"rendered":"https:\/\/www.elsindical.com.ar\/notas\/?p=125028"},"modified":"2023-09-04T10:47:27","modified_gmt":"2023-09-04T13:47:27","slug":"barracas-impresionante-accidente-en-la-salida-del-puente-pueyrredon","status":"publish","type":"post","link":"https:\/\/www.elsindical.com.ar\/notas\/barracas-impresionante-accidente-en-la-salida-del-puente-pueyrredon\/","title":{"rendered":"Barracas: Impresionante accidente en la salida del puente Pueyrred\u00f3n"},"content":{"rendered":"\n<figure class=\"wp-block-image size-large\"><a href=\"https:\/\/www.elsindical.com.ar\/notas\/var\/www\/html\/notas\/wp-content\/uploads\/2023\/09\/accidente-Puente-Pueyrredon.jpg\"><img loading=\"lazy\" decoding=\"async\" width=\"1024\" height=\"576\" src=\"https:\/\/www.elsindical.com.ar\/notas\/var\/www\/html\/notas\/wp-content\/uploads\/2023\/09\/accidente-Puente-Pueyrredon-1024x576.jpg\" alt=\"\" class=\"wp-image-125029\" srcset=\"https:\/\/www.elsindical.com.ar\/notas\/var\/www\/html\/notas\/wp-content\/uploads\/2023\/09\/accidente-Puente-Pueyrredon-1024x576.jpg 1024w, https:\/\/www.elsindical.com.ar\/notas\/var\/www\/html\/notas\/wp-content\/uploads\/2023\/09\/accidente-Puente-Pueyrredon-300x169.jpg 300w, https:\/\/www.elsindical.com.ar\/notas\/var\/www\/html\/notas\/wp-content\/uploads\/2023\/09\/accidente-Puente-Pueyrredon-768x432.jpg 768w, https:\/\/www.elsindical.com.ar\/notas\/var\/www\/html\/notas\/wp-content\/uploads\/2023\/09\/accidente-Puente-Pueyrredon-500x281.jpg 500w, https:\/\/www.elsindical.com.ar\/notas\/var\/www\/html\/notas\/wp-content\/uploads\/2023\/09\/accidente-Puente-Pueyrredon-460x260.jpg 460w, https:\/\/www.elsindical.com.ar\/notas\/var\/www\/html\/notas\/wp-content\/uploads\/2023\/09\/accidente-Puente-Pueyrredon.jpg 1200w\" sizes=\"auto, (max-width: 1024px) 100vw, 1024px\" \/><\/a><\/figure>\n\n\n\n<p>Una camioneta perdi\u00f3 los neum\u00e1ticos del lateral derecho por el impacto contra la pared de contenci\u00f3n.<\/p>\n\n\n\n<p><strong>Un siniestro se registr\u00f3 en horas de la ma\u00f1ana sobre el Puente Pueyrred\u00f3n<\/strong>, en el ingreso al partido de Avellaneda, y generaba importantes demoras.<\/p>\n\n\n\n<p>Se desconocen los motivos por los que <strong>el conductor de una camioneta termin\u00f3 impactando contra el muro de contenci\u00f3n<\/strong>. El violento golpe provoc\u00f3 que el rodado perdiera los neum\u00e1ticos delantero y trasero del lateral derecho.<\/p>\n\n\n\n<p>A ra\u00edz del siniestro, se registraban <strong>demoras <\/strong>en el Puente, debido a que un carril est\u00e1 ocupado con la camioneta y los conductores reducen la velocidad cuando pasan por la zona.<\/p>\n\n\n\n<p><\/p>\n","protected":false},"excerpt":{"rendered":"<p>Una camioneta perdi\u00f3 los neum\u00e1ticos del lateral derecho por el impacto contra la pared de contenci\u00f3n. Un siniestro se registr\u00f3 en horas de la ma\u00f1ana sobre el Puente Pueyrred\u00f3n, en el ingreso al partido de Avellaneda, y generaba importantes demoras. Se desconocen los motivos por los que el conductor de una camioneta termin\u00f3 impactando contra&hellip;<\/p>\n","protected":false},"author":1,"featured_media":125029,"comment_status":"open","ping_status":"open","sticky":false,"template":"","format":"standard","meta":{"footnotes":""},"categories":[25],"tags":[37385,3256,4284,40984,2450,22416,1998],"class_list":["post-125028","post","type-post","status-publish","format-standard","has-post-thumbnail","hentry","category-sociedad","tag-avellameda","tag-barracas","tag-caba","tag-camionete","tag-diario-el-sindical","tag-puente-puerredon","tag-siniestro"],"_links":{"self":[{"href":"https:\/\/www.elsindical.com.ar\/notas\/wp-json\/wp\/v2\/posts\/125028","targetHints":{"allow":["GET"]}}],"collection":[{"href":"https:\/\/www.elsindical.com.ar\/notas\/wp-json\/wp\/v2\/posts"}],"about":[{"href":"https:\/\/www.elsindical.com.ar\/notas\/wp-json\/wp\/v2\/types\/post"}],"author":[{"embeddable":true,"href":"https:\/\/www.elsindical.com.ar\/notas\/wp-json\/wp\/v2\/users\/1"}],"replies":[{"embeddable":true,"href":"https:\/\/www.elsindical.com.ar\/notas\/wp-json\/wp\/v2\/comments?post=125028"}],"version-history":[{"count":1,"href":"https:\/\/www.elsindical.com.ar\/notas\/wp-json\/wp\/v2\/posts\/125028\/revisions"}],"predecessor-version":[{"id":125030,"href":"https:\/\/www.elsindical.com.ar\/notas\/wp-json\/wp\/v2\/posts\/125028\/revisions\/125030"}],"wp:featuredmedia":[{"embeddable":true,"href":"https:\/\/www.elsindical.com.ar\/notas\/wp-json\/wp\/v2\/media\/125029"}],"wp:attachment":[{"href":"https:\/\/www.elsindical.com.ar\/notas\/wp-json\/wp\/v2\/media?parent=125028"}],"wp:term":[{"taxonomy":"category","embeddable":true,"href":"https:\/\/www.elsindical.com.ar\/notas\/wp-json\/wp\/v2\/categories?post=125028"},{"taxonomy":"post_tag","embeddable":true,"href":"https:\/\/www.elsindical.com.ar\/notas\/wp-json\/wp\/v2\/tags?post=125028"}],"curies":[{"name":"wp","href":"https:\/\/api.w.org\/{rel}","templated":true}]}}