{"id":125025,"date":"2023-09-04T10:43:10","date_gmt":"2023-09-04T13:43:10","guid":{"rendered":"https:\/\/www.elsindical.com.ar\/notas\/?p=125025"},"modified":"2023-09-04T10:43:11","modified_gmt":"2023-09-04T13:43:11","slug":"lobos-asesinan-al-padre-de-un-fiscal","status":"publish","type":"post","link":"https:\/\/www.elsindical.com.ar\/notas\/lobos-asesinan-al-padre-de-un-fiscal\/","title":{"rendered":"Lobos: Asesinan al padre de un Fiscal"},"content":{"rendered":"\n<figure class=\"wp-block-image size-large\"><a href=\"https:\/\/www.elsindical.com.ar\/notas\/var\/www\/html\/notas\/wp-content\/uploads\/2023\/09\/asesinato-de-Omar-Clemente.jpg\"><img loading=\"lazy\" decoding=\"async\" width=\"1024\" height=\"552\" src=\"https:\/\/www.elsindical.com.ar\/notas\/var\/www\/html\/notas\/wp-content\/uploads\/2023\/09\/asesinato-de-Omar-Clemente-1024x552.jpg\" alt=\"\" class=\"wp-image-125026\" srcset=\"https:\/\/www.elsindical.com.ar\/notas\/var\/www\/html\/notas\/wp-content\/uploads\/2023\/09\/asesinato-de-Omar-Clemente-1024x552.jpg 1024w, https:\/\/www.elsindical.com.ar\/notas\/var\/www\/html\/notas\/wp-content\/uploads\/2023\/09\/asesinato-de-Omar-Clemente-300x162.jpg 300w, https:\/\/www.elsindical.com.ar\/notas\/var\/www\/html\/notas\/wp-content\/uploads\/2023\/09\/asesinato-de-Omar-Clemente-768x414.jpg 768w, https:\/\/www.elsindical.com.ar\/notas\/var\/www\/html\/notas\/wp-content\/uploads\/2023\/09\/asesinato-de-Omar-Clemente-500x270.jpg 500w, https:\/\/www.elsindical.com.ar\/notas\/var\/www\/html\/notas\/wp-content\/uploads\/2023\/09\/asesinato-de-Omar-Clemente.jpg 1170w\" sizes=\"auto, (max-width: 1024px) 100vw, 1024px\" \/><\/a><\/figure>\n\n\n\n<p>Se trata de Omar Clemente Belardinelli, empresario y padre de un secretario de la Fiscal\u00eda General de la Unidad Fiscal para la Investigaci\u00f3n de la Causa AMIA.<\/p>\n\n\n\n<p>El padre de un fiscal y due\u00f1o de una distribuidora <strong>fue hallado muerto -maniatado de pies y manos- en su vivienda de la localidad de Lobos<\/strong>, luego de que al menos tres delincuentes ingresaran al domicilio, le sustrajeron pertenencias y se dieron a la fuga en su camioneta.<\/p>\n\n\n\n<p>El cuerpo de <strong>Omar Clemente Belardinelli<\/strong> (79)<strong> fue hallado muerto en horas del mediod\u00eda del domingo por familiares que fueron hasta su vivienda<\/strong>, ubicada en la calle Berro al 200, ya que no se hab\u00eda presentado a almorzar, como era costumbre, y no atend\u00eda los llamados telef\u00f3nicos.<\/p>\n\n\n\n<p>Seg\u00fan precisaron las fuentes, <strong>el cuerpo del hombre se encontraba en su habitaci\u00f3n boca arriba, con las manos atadas con un cable y los pies con una s\u00e1bana.<\/strong><\/p>\n\n\n\n<p>La vivienda presentaba signos de que hab\u00eda sido barreteada una reja de la casa que da al ingreso a la cocina. Varios ambientes se encontraban revueltos, por lo que <strong>los investigadores creen que el o los delincuentes estuvieron varios minutos buscando elementos de valor<\/strong>.<\/p>\n\n\n\n<p>La familia, en tanto, denunci\u00f3 el robo de una camioneta Toyota Hilux doble cabina propiedad de la v\u00edctima.<\/p>\n\n\n\n<p>El hombre viv\u00eda solo, era propietario de una distribuidora de panificados en Lobos y padre de Mat\u00edas Belardinelli, quien <strong>se desempe\u00f1a como secretario de la Fiscal\u00eda General de la Unidad Fiscal para la Investigaci\u00f3n de la Causa AMIA<\/strong> (UFI-AMIA).<\/p>\n\n\n\n<p>El fiscal Roberto Berlingieri, a cargo de la Unidad Funcional de Instrucci\u00f3n (UFI) 2 de Saladillo, junto a la ayudante fiscal de Lobos, Gisela Dupraz, <strong>ordenaron las pericias a la casa y que el cuerpo sea trasladado a la morgue para establecer mediante la autopsia el motivo del deceso de la v\u00edctima.<\/strong><\/p>\n\n\n\n<p>Varios vecinos y amigos del comerciante lo despidieron con mensajes en las redes sociales como el de una usuaria de Facebook que escribi\u00f3: \u201cQue terrible, no se puede creer, lamentamos mucho tu partida tan inesperada, \u00b4Omarchus\u00b4 como te dec\u00edamos. Voy a extra\u00f1ar tus jazmines que regalabas sabiendo lo mucho que me gustan. Una persona siempre con buena onda. QEPD \u00b4Omarchus\u00b4\u201d.<\/p>\n\n\n\n<p>Por su parte, Belardinelli fue presidente de la <a rel=\"noreferrer noopener\" href=\"https:\/\/www.facebook.com\/atletismolobos\" target=\"_blank\">Asociaci\u00f3n de Atletismo Lobense (ADAL)<\/a>, instituci\u00f3n que tambi\u00e9n le dedic\u00f3 palabras de afecto. \u201cHoy todos estamos muy tristes porque Omar Belardinelli no s\u00f3lo fue presidente de ADAL, m\u00e1s a\u00fan fue alguien muy querido por todos los que formamos la familia del atletismo lobense. <strong>No s\u00f3lo supo vivir con alegr\u00eda sino que logr\u00f3 generar una sonrisa en cada persona que se cruzaba en su camino. Se mantuvo joven de esp\u00edritu hasta el \u00faltimo d\u00eda y nos dej\u00f3 la certeza de que m\u00e1s all\u00e1 del dolor tuvimos la suerte de compartir este camino con una persona como Omar<\/strong>. Desde ADAL acompa\u00f1amos en este momento a su familia y a todos los que sentimos su injusta partida\u201d<\/p>\n\n\n\n<p><\/p>\n","protected":false},"excerpt":{"rendered":"<p>Se trata de Omar Clemente Belardinelli, empresario y padre de un secretario de la Fiscal\u00eda General de la Unidad Fiscal para la Investigaci\u00f3n de la Causa AMIA. El padre de un fiscal y due\u00f1o de una distribuidora fue hallado muerto -maniatado de pies y manos- en su vivienda de la localidad de Lobos, luego de&hellip;<\/p>\n","protected":false},"author":1,"featured_media":125026,"comment_status":"open","ping_status":"open","sticky":false,"template":"","format":"standard","meta":{"footnotes":""},"categories":[22],"tags":[363,40982,2450,30004,40983],"class_list":["post-125025","post","type-post","status-publish","format-standard","has-post-thumbnail","hentry","category-policiales","tag-asesinato","tag-causa-amia","tag-diario-el-sindical","tag-lobos","tag-omar-clemente-belardinelli"],"_links":{"self":[{"href":"https:\/\/www.elsindical.com.ar\/notas\/wp-json\/wp\/v2\/posts\/125025","targetHints":{"allow":["GET"]}}],"collection":[{"href":"https:\/\/www.elsindical.com.ar\/notas\/wp-json\/wp\/v2\/posts"}],"about":[{"href":"https:\/\/www.elsindical.com.ar\/notas\/wp-json\/wp\/v2\/types\/post"}],"author":[{"embeddable":true,"href":"https:\/\/www.elsindical.com.ar\/notas\/wp-json\/wp\/v2\/users\/1"}],"replies":[{"embeddable":true,"href":"https:\/\/www.elsindical.com.ar\/notas\/wp-json\/wp\/v2\/comments?post=125025"}],"version-history":[{"count":1,"href":"https:\/\/www.elsindical.com.ar\/notas\/wp-json\/wp\/v2\/posts\/125025\/revisions"}],"predecessor-version":[{"id":125027,"href":"https:\/\/www.elsindical.com.ar\/notas\/wp-json\/wp\/v2\/posts\/125025\/revisions\/125027"}],"wp:featuredmedia":[{"embeddable":true,"href":"https:\/\/www.elsindical.com.ar\/notas\/wp-json\/wp\/v2\/media\/125026"}],"wp:attachment":[{"href":"https:\/\/www.elsindical.com.ar\/notas\/wp-json\/wp\/v2\/media?parent=125025"}],"wp:term":[{"taxonomy":"category","embeddable":true,"href":"https:\/\/www.elsindical.com.ar\/notas\/wp-json\/wp\/v2\/categories?post=125025"},{"taxonomy":"post_tag","embeddable":true,"href":"https:\/\/www.elsindical.com.ar\/notas\/wp-json\/wp\/v2\/tags?post=125025"}],"curies":[{"name":"wp","href":"https:\/\/api.w.org\/{rel}","templated":true}]}}