{"id":125022,"date":"2023-09-04T10:37:57","date_gmt":"2023-09-04T13:37:57","guid":{"rendered":"https:\/\/www.elsindical.com.ar\/notas\/?p=125022"},"modified":"2023-09-04T10:37:58","modified_gmt":"2023-09-04T13:37:58","slug":"lomas-de-zamora-intento-de-robo-tiroteo-y-muerte","status":"publish","type":"post","link":"https:\/\/www.elsindical.com.ar\/notas\/lomas-de-zamora-intento-de-robo-tiroteo-y-muerte\/","title":{"rendered":"Lomas de Zamora: Intento de robo, tiroteo y muerte"},"content":{"rendered":"<div class=\"wp-block-image\">\n<figure class=\"aligncenter size-full\"><a href=\"https:\/\/www.elsindical.com.ar\/notas\/var\/www\/html\/notas\/wp-content\/uploads\/2023\/09\/tiroteo-en-Lomas-de-Zamora.jpg\"><img loading=\"lazy\" decoding=\"async\" width=\"1022\" height=\"663\" src=\"https:\/\/www.elsindical.com.ar\/notas\/var\/www\/html\/notas\/wp-content\/uploads\/2023\/09\/tiroteo-en-Lomas-de-Zamora.jpg\" alt=\"\" class=\"wp-image-125023\" srcset=\"https:\/\/www.elsindical.com.ar\/notas\/var\/www\/html\/notas\/wp-content\/uploads\/2023\/09\/tiroteo-en-Lomas-de-Zamora.jpg 1022w, https:\/\/www.elsindical.com.ar\/notas\/var\/www\/html\/notas\/wp-content\/uploads\/2023\/09\/tiroteo-en-Lomas-de-Zamora-300x195.jpg 300w, https:\/\/www.elsindical.com.ar\/notas\/var\/www\/html\/notas\/wp-content\/uploads\/2023\/09\/tiroteo-en-Lomas-de-Zamora-768x498.jpg 768w, https:\/\/www.elsindical.com.ar\/notas\/var\/www\/html\/notas\/wp-content\/uploads\/2023\/09\/tiroteo-en-Lomas-de-Zamora-462x300.jpg 462w\" sizes=\"auto, (max-width: 1022px) 100vw, 1022px\" \/><\/a><\/figure>\n<\/div>\n\n\n<p>Una polic\u00eda fue sorprendida por delincuentes cuando llegaba a la casa con su padre.<\/p>\n\n\n\n<p><strong>Una agente de la Polic\u00eda bonaerense mat\u00f3 a un delincuente que intent\u00f3 robarle junto a varios c\u00f3mplices cuando llegaba con su padre<\/strong> en su veh\u00edculo a su vivienda de la localidad bonaerense de Lomas de Zamora.<\/p>\n\n\n\n<p>El hecho se registr\u00f3 anoche en el cruce de las calles Amberes y Darwin, en la localidad de Villa Centenario, en el mencionado partido del sur del conurbano.<\/p>\n\n\n\n<p>Seg\u00fan indicaron las fuentes, <strong>una agente de la Polic\u00eda bonaerense llegaba en su veh\u00edculo junto a su padre a su domicilio cuando fueron interceptados por al menos cuatro delincuentes armados que se movilizaban en un Volkswagen Bora color gris<\/strong>.<\/p>\n\n\n\n<p>La agente, que se encontraba franco de servicio y vestida de civil, sac\u00f3 su arma reglamentaria, dio a conocer su condici\u00f3n de polic\u00eda y comenz\u00f3 un tiroteo.<\/p>\n\n\n\n<p><strong>Producto del tiroteo uno de los delincuentes termin\u00f3 muerto mientras que sus c\u00f3mplices lograron darse a la fuga a pie sin concretar el robo.<\/strong><\/p>\n\n\n\n<p>En tanto, la efectivo, quien result\u00f3 ilesa, dio aviso al 911, indicaron las fuentes.<\/p>\n\n\n\n<p>El hecho es investigado por la fiscal\u00eda de turno, quien orden\u00f3 el secuestro del Volkswagen Bora que utilizaban los asaltantes para realizarle las pericias correspondientes.<\/p>\n","protected":false},"excerpt":{"rendered":"<p>Una polic\u00eda fue sorprendida por delincuentes cuando llegaba a la casa con su padre. Una agente de la Polic\u00eda bonaerense mat\u00f3 a un delincuente que intent\u00f3 robarle junto a varios c\u00f3mplices cuando llegaba con su padre en su veh\u00edculo a su vivienda de la localidad bonaerense de Lomas de Zamora. El hecho se registr\u00f3 anoche&hellip;<\/p>\n","protected":false},"author":1,"featured_media":125023,"comment_status":"open","ping_status":"open","sticky":false,"template":"","format":"standard","meta":{"footnotes":""},"categories":[22],"tags":[37565,686,2450,30,116,5548],"class_list":["post-125022","post","type-post","status-publish","format-standard","has-post-thumbnail","hentry","category-policiales","tag-lomas-de-zamora-2","tag-abatido","tag-diario-el-sindical","tag-policia","tag-robo","tag-villa-centenario"],"_links":{"self":[{"href":"https:\/\/www.elsindical.com.ar\/notas\/wp-json\/wp\/v2\/posts\/125022","targetHints":{"allow":["GET"]}}],"collection":[{"href":"https:\/\/www.elsindical.com.ar\/notas\/wp-json\/wp\/v2\/posts"}],"about":[{"href":"https:\/\/www.elsindical.com.ar\/notas\/wp-json\/wp\/v2\/types\/post"}],"author":[{"embeddable":true,"href":"https:\/\/www.elsindical.com.ar\/notas\/wp-json\/wp\/v2\/users\/1"}],"replies":[{"embeddable":true,"href":"https:\/\/www.elsindical.com.ar\/notas\/wp-json\/wp\/v2\/comments?post=125022"}],"version-history":[{"count":1,"href":"https:\/\/www.elsindical.com.ar\/notas\/wp-json\/wp\/v2\/posts\/125022\/revisions"}],"predecessor-version":[{"id":125024,"href":"https:\/\/www.elsindical.com.ar\/notas\/wp-json\/wp\/v2\/posts\/125022\/revisions\/125024"}],"wp:featuredmedia":[{"embeddable":true,"href":"https:\/\/www.elsindical.com.ar\/notas\/wp-json\/wp\/v2\/media\/125023"}],"wp:attachment":[{"href":"https:\/\/www.elsindical.com.ar\/notas\/wp-json\/wp\/v2\/media?parent=125022"}],"wp:term":[{"taxonomy":"category","embeddable":true,"href":"https:\/\/www.elsindical.com.ar\/notas\/wp-json\/wp\/v2\/categories?post=125022"},{"taxonomy":"post_tag","embeddable":true,"href":"https:\/\/www.elsindical.com.ar\/notas\/wp-json\/wp\/v2\/tags?post=125022"}],"curies":[{"name":"wp","href":"https:\/\/api.w.org\/{rel}","templated":true}]}}