{"id":125020,"date":"2023-09-04T10:23:11","date_gmt":"2023-09-04T13:23:11","guid":{"rendered":"https:\/\/www.elsindical.com.ar\/notas\/?p=125020"},"modified":"2023-09-04T10:23:13","modified_gmt":"2023-09-04T13:23:13","slug":"efemeridesdel-dia-4-de-septiembre-5","status":"publish","type":"post","link":"https:\/\/www.elsindical.com.ar\/notas\/efemeridesdel-dia-4-de-septiembre-5\/","title":{"rendered":"EFEM\u00c9RIDES:DEL D\u00cdA 4 DE SEPTIEMBRE"},"content":{"rendered":"\n<p>\u2013 D\u00eda del Inmigrante (en Argentina)<\/p>\n\n\n\n<p>\u2013 D\u00eda de la Secretaria (en Argentina)<\/p>\n\n\n\n<p>\u2013 D\u00eda de la Historieta (en Argentina)<\/p>\n\n\n\n<p>\u2013 D\u00eda internacional del Taekwondo<\/p>\n\n\n\n<p>1535 \u2013 Saqueo de la ciudad de Mah\u00f3n por el pirata Barbarroja.<\/p>\n\n\n\n<p>1781 \u2013 Se funda Los Angeles, en el Valle del Humo (nombre indio).<\/p>\n\n\n\n<p>1812 \u2013 Por decreto se legisla y fomenta la inmigraci\u00f3n en Argentina.<\/p>\n\n\n\n<p>1821 \u2013 Fusilan a Jos\u00e9 Miguel Carrera, primer caudillo de la independencia de Chile.<\/p>\n\n\n\n<p>1882 \u2013 Se inaugura la primera red de iluminaci\u00f3n el\u00e9ctrica en New York.<\/p>\n\n\n\n<p>1885 \u2013 Frente al New York Stock Exchange abre sus puertas el primer restaurant auto-servicio.<\/p>\n\n\n\n<p>1886 \u2013 Ger\u00f3nimo y su tribu se rinden al ej\u00e9rcito norteamericano.<\/p>\n\n\n\n<p>1888 \u2013 George Eastman patenta el primer rollo y c\u00e1mara \u00abKodak\u00bb.<\/p>\n\n\n\n<p>1890 \u2013 Un incendio destruye media ciudad de Sal\u00f3nica, en Grecia.<\/p>\n\n\n\n<p>1904 \u2013 Un decreto imperial define en Rusia los derechos de residencia de los jud\u00edos.<\/p>\n\n\n\n<p>1907 \u2013 Muere Edvard Hagerup Grieg, compositor noruego.<\/p>\n\n\n\n<p>1909 \u2013 Nace Pepe Biondi, actor y humorista argentino.<\/p>\n\n\n\n<p>1917 \u2013 Nace Henry Ford II, fabricante de autos estadounidense.<\/p>\n\n\n\n<p>1921 \u2013 Nace Ariel Ram\u00edrez, pianista y compositor popular.<\/p>\n\n\n\n<p>1932 \u2013 Comienza en Viena la Conferencia Mundial de la Paz, a la que asisten 80 delegados de 14 pa\u00edses.<\/p>\n\n\n\n<p>1933 \u2013 Ram\u00f3n Grau San Mart\u00edn accede al poder en Cuba e impone un Gobierno dirigido por Fulgencio Batista.<\/p>\n\n\n\n<p>1933 \u2013 Nace Chico Novarro (Bernardo Mitnik), cantautor argentino.<\/p>\n\n\n\n<p>1939 \u2013 La Argentina declara su neutralidad en la II Guerra Mundial.<\/p>\n\n\n\n<p>1946 \u2013 El radical Gabriel Gonz\u00e1lez Videla es elegido presidente de Chile tras la muerte de Juan Antonio R\u00edos.<\/p>\n\n\n\n<p>1948 \u2013 Guillermina de Holanda abdica en favor de su hija Juliana.<\/p>\n\n\n\n<p>1950 \u2013 Un tif\u00f3n causa en Jap\u00f3n 250 muertos y m\u00e1s de 5.000 heridos.<\/p>\n\n\n\n<p>1951 \u2013 Se inaugura el cable coaxial que permiti\u00f3 la primera transmisi\u00f3n de TV transcontinental en los Estados Unidos.<\/p>\n\n\n\n<p>1958 \u2013 Jorge Alessandri, candidato de la derecha, gana las elecciones presidenciales de Chile.<\/p>\n\n\n\n<p>1963 \u2013 Nace Marcos Carnevale, autor y guionista argentino.<\/p>\n\n\n\n<p>1964 \u2013 El democristiano Eduardo Frei es elegido presidente de Chile con un 55 por ciento de los votos.<\/p>\n\n\n\n<p>1965 \u2013 Muere Albert Schweitzer, te\u00f3logo y m\u00e9dico que se fue a vivir a \u00c1frica para contribuir a mejor el nivel de salud de la gente de ese continente.<\/p>\n\n\n\n<p>1970 \u2013 Salvador Allende, candidato de la Unidad Popular, gana las elecciones presidenciales de Chile.<\/p>\n\n\n\n<p>1981 \u2013 El general Celso Torrelio Villa sustituye a Luis Garc\u00eda Meza como presidente de Bolivia.<\/p>\n\n\n\n<p>1981 \u2013 Nace Beyonc\u00e9 Knowles, modelo, dise\u00f1adora, actriz, cantante estadounidense y exmiembro de la banda Destiny\u2019s Child.<\/p>\n\n\n\n<p>1982 \u2013 China abandona oficialmente el mao\u00edsmo en el Congreso comunista chino, celebrado en Pek\u00edn.<\/p>\n\n\n\n<p>1986 \u2013 Yaser Arafat acepta la resoluci\u00f3n 242 de la ONU, que supone el impl\u00edcito reconocimiento del derecho a la existencia del Estado de Israel.<\/p>\n\n\n\n<p>1989 \u2013 Es asesinado por grupos ultraderechistas Jecar Negheme, alto dirigente de la izquierda Revolucionaria de Chile.<\/p>\n\n\n\n<p>1998 \u2013 Larry Page y Sergu\u00e9i Brin fundan Google.<\/p>\n\n\n\n<p>2002 \u2013 El m\u00fasico israel\u00ed Daniel Barenboim y el escritor estadounidense de origen palestino Edward Said comparten el Premio Pr\u00edncipe de Asturias de la Concordia.<\/p>\n\n\n\n<p>2006 \u2013 Muere Fernando Siro, actor argentino.<\/p>\n\n\n\n<p>2006 \u2013 Muere Steve Irwin, ecologista y conductor televisivo australiano.<\/p>\n\n\n\n<p>2011 \u2013 Muere Le\u00f3n Rozitchner, fil\u00f3sofo argentino.<\/p>\n\n\n\n<p>2014 \u2013 Muere Gustavo Cerati, m\u00fasico argentino.<\/p>\n\n\n\n<p>2014 \u2013 Muere Joan Rivers, comediante, actriz, presentadora de televisi\u00f3n, guionista y autora estadounidense.<\/p>\n\n\n\n<p>2016 \u2013 El papa Francisco canoniza a la madre Teresa de Calcuta.<\/p>\n","protected":false},"excerpt":{"rendered":"<p>\u2013 D\u00eda del Inmigrante (en Argentina) \u2013 D\u00eda de la Secretaria (en Argentina) \u2013 D\u00eda de la Historieta (en Argentina) \u2013 D\u00eda internacional del Taekwondo 1535 \u2013 Saqueo de la ciudad de Mah\u00f3n por el pirata Barbarroja. 1781 \u2013 Se funda Los Angeles, en el Valle del Humo (nombre indio). 1812 \u2013 Por decreto se&hellip;<\/p>\n","protected":false},"author":1,"featured_media":0,"comment_status":"open","ping_status":"open","sticky":false,"template":"","format":"standard","meta":{"footnotes":""},"categories":[14],"tags":[2450,22026],"class_list":["post-125020","post","type-post","status-publish","format-standard","hentry","category-efemerides","tag-diario-el-sindical","tag-efemerides"],"_links":{"self":[{"href":"https:\/\/www.elsindical.com.ar\/notas\/wp-json\/wp\/v2\/posts\/125020","targetHints":{"allow":["GET"]}}],"collection":[{"href":"https:\/\/www.elsindical.com.ar\/notas\/wp-json\/wp\/v2\/posts"}],"about":[{"href":"https:\/\/www.elsindical.com.ar\/notas\/wp-json\/wp\/v2\/types\/post"}],"author":[{"embeddable":true,"href":"https:\/\/www.elsindical.com.ar\/notas\/wp-json\/wp\/v2\/users\/1"}],"replies":[{"embeddable":true,"href":"https:\/\/www.elsindical.com.ar\/notas\/wp-json\/wp\/v2\/comments?post=125020"}],"version-history":[{"count":1,"href":"https:\/\/www.elsindical.com.ar\/notas\/wp-json\/wp\/v2\/posts\/125020\/revisions"}],"predecessor-version":[{"id":125021,"href":"https:\/\/www.elsindical.com.ar\/notas\/wp-json\/wp\/v2\/posts\/125020\/revisions\/125021"}],"wp:attachment":[{"href":"https:\/\/www.elsindical.com.ar\/notas\/wp-json\/wp\/v2\/media?parent=125020"}],"wp:term":[{"taxonomy":"category","embeddable":true,"href":"https:\/\/www.elsindical.com.ar\/notas\/wp-json\/wp\/v2\/categories?post=125020"},{"taxonomy":"post_tag","embeddable":true,"href":"https:\/\/www.elsindical.com.ar\/notas\/wp-json\/wp\/v2\/tags?post=125020"}],"curies":[{"name":"wp","href":"https:\/\/api.w.org\/{rel}","templated":true}]}}