{"id":124995,"date":"2023-09-02T00:39:12","date_gmt":"2023-09-02T03:39:12","guid":{"rendered":"https:\/\/www.elsindical.com.ar\/notas\/?p=124995"},"modified":"2023-09-02T00:39:13","modified_gmt":"2023-09-02T03:39:13","slug":"julian-alvarez-hace-campana-con-los-recursos-del-pami","status":"publish","type":"post","link":"https:\/\/www.elsindical.com.ar\/notas\/julian-alvarez-hace-campana-con-los-recursos-del-pami\/","title":{"rendered":"Juli\u00e1n \u00c1lvarez hace campa\u00f1a con los recursos del PAMI"},"content":{"rendered":"<div class=\"wp-block-image\">\n<figure class=\"aligncenter size-full is-resized\"><a href=\"https:\/\/www.elsindical.com.ar\/notas\/var\/www\/html\/notas\/wp-content\/uploads\/2023\/09\/subsidios-PAMI-Lanus-2.jpg\"><img loading=\"lazy\" decoding=\"async\" src=\"https:\/\/www.elsindical.com.ar\/notas\/var\/www\/html\/notas\/wp-content\/uploads\/2023\/09\/subsidios-PAMI-Lanus-2.jpg\" alt=\"\" class=\"wp-image-124996\" style=\"width:802px;height:535px\" width=\"802\" height=\"535\" srcset=\"https:\/\/www.elsindical.com.ar\/notas\/var\/www\/html\/notas\/wp-content\/uploads\/2023\/09\/subsidios-PAMI-Lanus-2.jpg 720w, https:\/\/www.elsindical.com.ar\/notas\/var\/www\/html\/notas\/wp-content\/uploads\/2023\/09\/subsidios-PAMI-Lanus-2-300x200.jpg 300w, https:\/\/www.elsindical.com.ar\/notas\/var\/www\/html\/notas\/wp-content\/uploads\/2023\/09\/subsidios-PAMI-Lanus-2-450x300.jpg 450w\" sizes=\"auto, (max-width: 802px) 100vw, 802px\" \/><\/a><\/figure>\n<\/div>\n\n\n<p>   El candidato a intendente de Lan\u00fas por Uni\u00f3n por la Patria, <strong>Juli\u00e1n \u00c1lvarez<\/strong>, acompa\u00f1\u00f3 a las autoridades de la UGL X de PAMI la impresentable <strong>Nadia Ayel\u00e9n Burgos<\/strong> en la entrega de subsidios para la compra de equipamientos tecnol\u00f3gicos a 58 centros de jubilados y pensionados de Lan\u00fas, en el marco del programa \u201cCentros conectados\u201d, ambos demuestran falta de \u00e9tica y transparencia al hacer campa\u00f1a con recursos p\u00fablicos y universales.<\/p>\n\n\n\n<p>\u201cLos centros de jubilados forman parte de la identidad de Lan\u00fas. Por eso celebramos esta nueva pol\u00edtica p\u00fablica de PAMI que busca garantizar la inclusi\u00f3n digital de las personas mayores, quienes podr\u00e1n hacer sus tr\u00e1mites, sacar turnos y acceder a todos los servicios de manera m\u00e1s simple. La ciudad que nos merecemos es una Lan\u00fas inclusiva\u201d, afirm\u00f3 Juli\u00e1n \u00c1lvarez.<\/p>\n\n\n\n<p>Esta nueva medida de PAMI se suma a otras iniciativas como F\u00fatbol para Todos los Centros y la Asignaci\u00f3n Universal por Centro, las cuales buscan continuar con el fortalecimiento de estos lugares de encuentro y desarrollo comunitario para los afiliados y afiliadas a la obra social m\u00e1s grande de\u00a0Latinoam\u00e9rica.<\/p>\n\n\n\n<p>Mientras miles de jubilados deben padecer el acceder a una receta, medicamento o pr\u00f3tesis, estos personajes buscan captar el voto para ganar un municipio.<\/p>\n","protected":false},"excerpt":{"rendered":"<p>El candidato a intendente de Lan\u00fas por Uni\u00f3n por la Patria, Juli\u00e1n \u00c1lvarez, acompa\u00f1\u00f3 a las autoridades de la UGL X de PAMI la impresentable Nadia Ayel\u00e9n Burgos en la entrega de subsidios para la compra de equipamientos tecnol\u00f3gicos a 58 centros de jubilados y pensionados de Lan\u00fas, en el marco del programa \u201cCentros conectados\u201d,&hellip;<\/p>\n","protected":false},"author":1,"featured_media":124996,"comment_status":"open","ping_status":"open","sticky":false,"template":"","format":"standard","meta":{"footnotes":""},"categories":[13],"tags":[31318,24258,2450,39958,209,39610,3582,4016],"class_list":["post-124995","post","type-post","status-publish","format-standard","has-post-thumbnail","hentry","category-politica","tag-campana-2","tag-centros-de-jubilados","tag-diario-el-sindical","tag-julian-alvarez-2","tag-lanus","tag-nadia-ayelen-burgos","tag-pami","tag-subsidios"],"_links":{"self":[{"href":"https:\/\/www.elsindical.com.ar\/notas\/wp-json\/wp\/v2\/posts\/124995","targetHints":{"allow":["GET"]}}],"collection":[{"href":"https:\/\/www.elsindical.com.ar\/notas\/wp-json\/wp\/v2\/posts"}],"about":[{"href":"https:\/\/www.elsindical.com.ar\/notas\/wp-json\/wp\/v2\/types\/post"}],"author":[{"embeddable":true,"href":"https:\/\/www.elsindical.com.ar\/notas\/wp-json\/wp\/v2\/users\/1"}],"replies":[{"embeddable":true,"href":"https:\/\/www.elsindical.com.ar\/notas\/wp-json\/wp\/v2\/comments?post=124995"}],"version-history":[{"count":1,"href":"https:\/\/www.elsindical.com.ar\/notas\/wp-json\/wp\/v2\/posts\/124995\/revisions"}],"predecessor-version":[{"id":124997,"href":"https:\/\/www.elsindical.com.ar\/notas\/wp-json\/wp\/v2\/posts\/124995\/revisions\/124997"}],"wp:featuredmedia":[{"embeddable":true,"href":"https:\/\/www.elsindical.com.ar\/notas\/wp-json\/wp\/v2\/media\/124996"}],"wp:attachment":[{"href":"https:\/\/www.elsindical.com.ar\/notas\/wp-json\/wp\/v2\/media?parent=124995"}],"wp:term":[{"taxonomy":"category","embeddable":true,"href":"https:\/\/www.elsindical.com.ar\/notas\/wp-json\/wp\/v2\/categories?post=124995"},{"taxonomy":"post_tag","embeddable":true,"href":"https:\/\/www.elsindical.com.ar\/notas\/wp-json\/wp\/v2\/tags?post=124995"}],"curies":[{"name":"wp","href":"https:\/\/api.w.org\/{rel}","templated":true}]}}