{"id":124972,"date":"2023-09-01T12:34:09","date_gmt":"2023-09-01T15:34:09","guid":{"rendered":"https:\/\/www.elsindical.com.ar\/notas\/?p=124972"},"modified":"2023-09-01T12:34:10","modified_gmt":"2023-09-01T15:34:10","slug":"avellaneda-policias-balearon-a-tres-ladrones-en-una-compra-por-marketplace","status":"publish","type":"post","link":"https:\/\/www.elsindical.com.ar\/notas\/avellaneda-policias-balearon-a-tres-ladrones-en-una-compra-por-marketplace\/","title":{"rendered":"Avellaneda: Polic\u00edas balearon a tres ladrones en una compra por Marketplace"},"content":{"rendered":"<div class=\"wp-block-image\">\n<figure class=\"aligncenter size-full is-resized\"><a href=\"https:\/\/www.elsindical.com.ar\/notas\/var\/www\/html\/notas\/wp-content\/uploads\/2023\/09\/Mansilla-y-Anatole-France.jpg\"><img loading=\"lazy\" decoding=\"async\" src=\"https:\/\/www.elsindical.com.ar\/notas\/var\/www\/html\/notas\/wp-content\/uploads\/2023\/09\/Mansilla-y-Anatole-France.jpg\" alt=\"\" class=\"wp-image-124973\" style=\"width:818px;height:426px\" width=\"818\" height=\"426\" srcset=\"https:\/\/www.elsindical.com.ar\/notas\/var\/www\/html\/notas\/wp-content\/uploads\/2023\/09\/Mansilla-y-Anatole-France.jpg 750w, https:\/\/www.elsindical.com.ar\/notas\/var\/www\/html\/notas\/wp-content\/uploads\/2023\/09\/Mansilla-y-Anatole-France-300x156.jpg 300w, https:\/\/www.elsindical.com.ar\/notas\/var\/www\/html\/notas\/wp-content\/uploads\/2023\/09\/Mansilla-y-Anatole-France-500x261.jpg 500w\" sizes=\"auto, (max-width: 818px) 100vw, 818px\" \/><\/a><\/figure>\n<\/div>\n\n\n<p class=\"wp-block-paragraph\"><strong>Dos polic\u00edas que estaban vestidos de civil se tirotearon con tres delincuentes e hirieron a dos de ellos, cuando quisieron robarles en momentos en que fueron a concretar la compra de un autom\u00f3vil que hab\u00edan pactado de manera virtual<\/strong>, mediante la aplicaci\u00f3n Marketplace en la localidad bonaerense de Gerli, partido de Avellaneda.<\/p>\n\n\n\n<p class=\"wp-block-paragraph\">El hecho ocurri\u00f3 mi\u00e9rcoles \u00faltimo en el cruce de las calles Anatole France y Mansilla, de Gerli, donde los agentes pertenecientes a la Unidad T\u00e1ctica de Operaciones Inmediata (U.T.O.I) <strong>hab\u00edan llegado en un auto vestidos de civil para comprar un veh\u00edculo, tras pactar con el vendedor un encuentro en ese sitio web.<\/strong><\/p>\n\n\n\n<p class=\"wp-block-paragraph\">Una vez en el lugar, los polic\u00edas se encontraron con los hombres armados que los amenazaron con fines de robo, momento en que se identificaron como miembros de la fuerza y se gener\u00f3 un tiroteo en el que dos de los tres sospechosos quedaron heridos.<\/p>\n\n\n\n<p class=\"wp-block-paragraph\">Tras un llamado al 911, lleg\u00f3 a la escena el personal policial de la comisar\u00eda 6ta. de Avellaneda, que<strong> apres\u00f3 a los tres sospechosos y dispuso el traslado de los dos heridos a un centro asistencial, en calidad de detenidos.<\/strong><\/p>\n\n\n\n<p class=\"wp-block-paragraph\">Los dos polic\u00edas contaron en sede judicial que fueron enga\u00f1ados mediante una operaci\u00f3n de compra de un veh\u00edculo, acordada a trav\u00e9s del sitio Marketplace de la red social Facebook.<\/p>\n\n\n\n<p class=\"wp-block-paragraph\">La investigaci\u00f3n est\u00e1 a cargo de la fiscal<strong> Mar\u00eda Alejandra Olmos Coronel,<\/strong> de la Unidad Funcional N\u00b0 1 de Lomas de Zamora.<\/p>\n\n\n\n<p class=\"wp-block-paragraph\">Los funcionarios policiales, que resultaron ilesos, entregaron sus armas al personal de Gendarmer\u00eda Nacional, al que se le encomendaron los peritajes de rigor.<\/p>\n\n\n\n<p class=\"wp-block-paragraph\">Tambi\u00e9n se secuestraron en el lugar dos armas, calibre 22 y 38, que estaban en poder de los detenidos, a\u00f1adieron las fuentes.<\/p>\n","protected":false},"excerpt":{"rendered":"<p>Dos polic\u00edas que estaban vestidos de civil se tirotearon con tres delincuentes e hirieron a dos de ellos, cuando quisieron robarles en momentos en que fueron a concretar la compra de un autom\u00f3vil que hab\u00edan pactado de manera virtual, mediante la aplicaci\u00f3n Marketplace en la localidad bonaerense de Gerli, partido de Avellaneda. El hecho ocurri\u00f3&hellip;<\/p>\n","protected":false},"author":1,"featured_media":124973,"comment_status":"open","ping_status":"open","sticky":false,"template":"","format":"standard","meta":{"footnotes":""},"categories":[22],"tags":[461,2450,1662,32351,116,238,32005],"class_list":["post-124972","post","type-post","status-publish","format-standard","has-post-thumbnail","hentry","category-policiales","tag-avellaneda","tag-diario-el-sindical","tag-gerli","tag-marketplace","tag-robo","tag-tiroteo","tag-utoi"],"_links":{"self":[{"href":"https:\/\/www.elsindical.com.ar\/notas\/wp-json\/wp\/v2\/posts\/124972","targetHints":{"allow":["GET"]}}],"collection":[{"href":"https:\/\/www.elsindical.com.ar\/notas\/wp-json\/wp\/v2\/posts"}],"about":[{"href":"https:\/\/www.elsindical.com.ar\/notas\/wp-json\/wp\/v2\/types\/post"}],"author":[{"embeddable":true,"href":"https:\/\/www.elsindical.com.ar\/notas\/wp-json\/wp\/v2\/users\/1"}],"replies":[{"embeddable":true,"href":"https:\/\/www.elsindical.com.ar\/notas\/wp-json\/wp\/v2\/comments?post=124972"}],"version-history":[{"count":1,"href":"https:\/\/www.elsindical.com.ar\/notas\/wp-json\/wp\/v2\/posts\/124972\/revisions"}],"predecessor-version":[{"id":124974,"href":"https:\/\/www.elsindical.com.ar\/notas\/wp-json\/wp\/v2\/posts\/124972\/revisions\/124974"}],"wp:featuredmedia":[{"embeddable":true,"href":"https:\/\/www.elsindical.com.ar\/notas\/wp-json\/wp\/v2\/media\/124973"}],"wp:attachment":[{"href":"https:\/\/www.elsindical.com.ar\/notas\/wp-json\/wp\/v2\/media?parent=124972"}],"wp:term":[{"taxonomy":"category","embeddable":true,"href":"https:\/\/www.elsindical.com.ar\/notas\/wp-json\/wp\/v2\/categories?post=124972"},{"taxonomy":"post_tag","embeddable":true,"href":"https:\/\/www.elsindical.com.ar\/notas\/wp-json\/wp\/v2\/tags?post=124972"}],"curies":[{"name":"wp","href":"https:\/\/api.w.org\/{rel}","templated":true}]}}