{"id":124937,"date":"2023-08-31T19:47:00","date_gmt":"2023-08-31T22:47:00","guid":{"rendered":"https:\/\/www.elsindical.com.ar\/notas\/?p=124937"},"modified":"2023-08-31T19:58:04","modified_gmt":"2023-08-31T22:58:04","slug":"andrea-rincon-estallo-contra-la-produccion-de-intrusos","status":"publish","type":"post","link":"https:\/\/www.elsindical.com.ar\/notas\/andrea-rincon-estallo-contra-la-produccion-de-intrusos\/","title":{"rendered":"Andrea Rinc\u00f3n estall\u00f3 contra la producci\u00f3n de Intrusos"},"content":{"rendered":"<div class=\"wp-block-image\">\n<figure class=\"aligncenter size-full is-resized\"><a href=\"https:\/\/www.elsindical.com.ar\/notas\/var\/www\/html\/notas\/wp-content\/uploads\/2023\/08\/Andrea-Rincon-contra-Intrusos.jpg\"><img loading=\"lazy\" decoding=\"async\" src=\"https:\/\/www.elsindical.com.ar\/notas\/var\/www\/html\/notas\/wp-content\/uploads\/2023\/08\/Andrea-Rincon-contra-Intrusos.jpg\" alt=\"\" class=\"wp-image-124938\" style=\"width:693px;height:638px\" width=\"693\" height=\"638\" srcset=\"https:\/\/www.elsindical.com.ar\/notas\/var\/www\/html\/notas\/wp-content\/uploads\/2023\/08\/Andrea-Rincon-contra-Intrusos.jpg 555w, https:\/\/www.elsindical.com.ar\/notas\/var\/www\/html\/notas\/wp-content\/uploads\/2023\/08\/Andrea-Rincon-contra-Intrusos-300x276.jpg 300w, https:\/\/www.elsindical.com.ar\/notas\/var\/www\/html\/notas\/wp-content\/uploads\/2023\/08\/Andrea-Rincon-contra-Intrusos-326x300.jpg 326w\" sizes=\"auto, (max-width: 693px) 100vw, 693px\" \/><\/a><\/figure>\n<\/div>\n\n\n<p class=\"wp-block-paragraph\">La actriz hizo un vivo de Instagram explicando c\u00f3mo fue el arreglo que ten\u00eda para una entrevista con Flor de la V y apunt\u00f3 contra la producci\u00f3n.<\/p>\n\n\n\n<p class=\"wp-block-paragraph\"><strong>Andrea Rinc\u00f3n fue invitada al piso de <\/strong><em><strong>Intrusos <\/strong><\/em><strong>(Am\u00e9rica)<\/strong>, pero por un problema en el acuerdo previo no sali\u00f3 al aire y apunt\u00f3 contra el programa en un vivo de Instagram en el que detall\u00f3 lo sucedido. \u201cQuiero contarles por qu\u00e9 yo estoy ac\u00e1. Ustedes me ven muy linda, pero<strong> en realidad me pas\u00f3 algo muy feo y humillante<\/strong>\u201d, introdujo.<\/p>\n\n\n\n<p class=\"wp-block-paragraph\">En un vivo de Instagram este martes por la tarde, Andrea Rinc\u00f3n hizo su descargo contra la producci\u00f3n del programa de espect\u00e1culos. \u201c<strong>En este momento tendr\u00eda que estar en <\/strong><em><strong>Intruso<\/strong>s<\/em>. Hace rato que me vienen llamando y no voy porque vengo tocada con los programas de la tarde. Decid\u00ed ir porque me propusieron hacer un mano a mano con Flor (de la V)\u201d, indic\u00f3.<\/p>\n\n\n\n<p class=\"wp-block-paragraph\">En ese momento mostr\u00f3 el chat de WhatsApp en la que se ve el di\u00e1logo con uno de los productores. \u201cAc\u00e1 tengo la propuesta. <strong>Dice \u2018es un mano a mano con Flor, para hablar de su carrera, no es un tema en espec\u00edfico\u2019. Lo pongo ah\u00ed para que lo lean<\/strong>\u201d, se\u00f1al\u00f3.<\/p>\n\n\n\n<p class=\"wp-block-paragraph\">\u201cEntonces dije \u2018bueno, me pongo linda\u2019\u201d, indic\u00f3 la actriz y mostr\u00f3 su <em>outfit <\/em>rojo. \u201cHoy me llama Jey (Mammon) y me dice \u2018ojo, que a m\u00ed tambi\u00e9n me propusieron hacer un mano a mano en vivo y no me lo cumplieron\u2019. Entonces yo digo \u2018par\u00e1, que les voy a decir\u2019 (&#8230;) Le mando mensaje a mi m\u00e1nager, \u00e9l le manda a Nahuel Gonz\u00e1lez, productor de <em>Intrusos<\/em>,<strong> \u2018que se respete el arreglo que es un mano a mano. Andrea no quiere exponerse a todo tipo de preguntas\u2019<\/strong>. \u2018Entendido, Arthur, as\u00ed ser\u00e1, la vamos a cuidar\u2019\u201d, relat\u00f3.<\/p>\n\n\n\n<p class=\"wp-block-paragraph\">Sin embargo, se sorprendi\u00f3 por lo que le dijeron en la previa al programa en vivo. \u201c\u00bfQu\u00e9 pas\u00f3? Llego al programa a las 12 y me dice <strong>\u2018no, esto es un programa y vos est\u00e1s con todos\u2019<\/strong>. Le digo \u2018disculpame, fue otra cosa lo que hab\u00edamos arreglado\u2019. Llega el muchacho que le respondi\u00f3 a mi m\u00e1nager y dice que no fue el arreglo que ten\u00edan\u201d, explic\u00f3.<\/p>\n\n\n\n<p class=\"wp-block-paragraph\">\u201cA todo esto le digo <strong>\u2018yo no soy la misma Andrea que tra\u00edan, la palabra se respeta y tiene un peso. As\u00ed que a m\u00ed se me respeta lo que acordamos o yo me tomo el palo\u2019<\/strong>. Viene una chica productora que dijo \u2018ah, conmigo no arreglaste nada\u2019. No, pero este chico trabaja con vos, le muestro los mensajes, se desentiende y me dice \u2018te voy a pedir un auto para que te vayas r\u00e1pido y que no te vea Flor para que no escuche\u2019\u201d, manifest\u00f3 enojada con la situaci\u00f3n.<\/p>\n\n\n\n<p class=\"wp-block-paragraph\">La actriz se quej\u00f3 de que se despert\u00f3 temprano, contrat\u00f3 a una maquilladora, a un peluquero y se visti\u00f3 especialmente para la ocasi\u00f3n. \u201c<strong>Esto es una humillaci\u00f3n, totalmente<\/strong>. Pero como estos programas se manejan as\u00ed tan mafiosamente me tom\u00e9 el palo\u201d, se\u00f1al\u00f3 y agreg\u00f3 que los mensajes por WhatsApp se trataban de un contrato previo entre ella y el programa de espect\u00e1culos.<\/p>\n\n\n\n<p class=\"wp-block-paragraph\"><\/p>\n\n\n\n<figure class=\"wp-block-embed is-type-video is-provider-youtube wp-block-embed-youtube wp-embed-aspect-16-9 wp-has-aspect-ratio\"><div class=\"wp-block-embed__wrapper\">\n<iframe loading=\"lazy\" title=\"Andrea Rinc\u00f3n contra Intrusos\" width=\"700\" height=\"394\" src=\"https:\/\/www.youtube.com\/embed\/v5OcgvOdvT4?feature=oembed\" frameborder=\"0\" allow=\"accelerometer; autoplay; clipboard-write; encrypted-media; gyroscope; picture-in-picture; web-share\" allowfullscreen><\/iframe>\n<\/div><\/figure>\n","protected":false},"excerpt":{"rendered":"<p>La actriz hizo un vivo de Instagram explicando c\u00f3mo fue el arreglo que ten\u00eda para una entrevista con Flor de la V y apunt\u00f3 contra la producci\u00f3n. Andrea Rinc\u00f3n fue invitada al piso de Intrusos (Am\u00e9rica), pero por un problema en el acuerdo previo no sali\u00f3 al aire y apunt\u00f3 contra el programa en un&hellip;<\/p>\n","protected":false},"author":1,"featured_media":124938,"comment_status":"open","ping_status":"open","sticky":false,"template":"","format":"standard","meta":{"footnotes":""},"categories":[15],"tags":[1804,24579,2450,3120,3972,8533],"class_list":["post-124937","post","type-post","status-publish","format-standard","has-post-thumbnail","hentry","category-espectaculos","tag-america","tag-andrea-rincon","tag-diario-el-sindical","tag-flor-de-la-v","tag-intrusos","tag-produccion"],"_links":{"self":[{"href":"https:\/\/www.elsindical.com.ar\/notas\/wp-json\/wp\/v2\/posts\/124937","targetHints":{"allow":["GET"]}}],"collection":[{"href":"https:\/\/www.elsindical.com.ar\/notas\/wp-json\/wp\/v2\/posts"}],"about":[{"href":"https:\/\/www.elsindical.com.ar\/notas\/wp-json\/wp\/v2\/types\/post"}],"author":[{"embeddable":true,"href":"https:\/\/www.elsindical.com.ar\/notas\/wp-json\/wp\/v2\/users\/1"}],"replies":[{"embeddable":true,"href":"https:\/\/www.elsindical.com.ar\/notas\/wp-json\/wp\/v2\/comments?post=124937"}],"version-history":[{"count":2,"href":"https:\/\/www.elsindical.com.ar\/notas\/wp-json\/wp\/v2\/posts\/124937\/revisions"}],"predecessor-version":[{"id":124940,"href":"https:\/\/www.elsindical.com.ar\/notas\/wp-json\/wp\/v2\/posts\/124937\/revisions\/124940"}],"wp:featuredmedia":[{"embeddable":true,"href":"https:\/\/www.elsindical.com.ar\/notas\/wp-json\/wp\/v2\/media\/124938"}],"wp:attachment":[{"href":"https:\/\/www.elsindical.com.ar\/notas\/wp-json\/wp\/v2\/media?parent=124937"}],"wp:term":[{"taxonomy":"category","embeddable":true,"href":"https:\/\/www.elsindical.com.ar\/notas\/wp-json\/wp\/v2\/categories?post=124937"},{"taxonomy":"post_tag","embeddable":true,"href":"https:\/\/www.elsindical.com.ar\/notas\/wp-json\/wp\/v2\/tags?post=124937"}],"curies":[{"name":"wp","href":"https:\/\/api.w.org\/{rel}","templated":true}]}}