{"id":124901,"date":"2023-08-30T13:57:12","date_gmt":"2023-08-30T16:57:12","guid":{"rendered":"https:\/\/www.elsindical.com.ar\/notas\/?p=124901"},"modified":"2023-08-30T13:57:13","modified_gmt":"2023-08-30T16:57:13","slug":"intendentes-bonaerenses-de-juntos-por-el-cambios-exigen-ayuda-extraordinaria-para-pagar-el-bono-a-municipales","status":"publish","type":"post","link":"https:\/\/www.elsindical.com.ar\/notas\/intendentes-bonaerenses-de-juntos-por-el-cambios-exigen-ayuda-extraordinaria-para-pagar-el-bono-a-municipales\/","title":{"rendered":"Intendentes bonaerenses de Juntos por el Cambios exigen ayuda extraordinaria para pagar el bono a municipales"},"content":{"rendered":"\n<figure class=\"wp-block-image size-full\"><a href=\"https:\/\/www.elsindical.com.ar\/notas\/var\/www\/html\/notas\/wp-content\/uploads\/2023\/08\/intendentes-Cambiemos.jpeg\"><img loading=\"lazy\" decoding=\"async\" width=\"992\" height=\"661\" src=\"https:\/\/www.elsindical.com.ar\/notas\/var\/www\/html\/notas\/wp-content\/uploads\/2023\/08\/intendentes-Cambiemos.jpeg\" alt=\"\" class=\"wp-image-124902\" srcset=\"https:\/\/www.elsindical.com.ar\/notas\/var\/www\/html\/notas\/wp-content\/uploads\/2023\/08\/intendentes-Cambiemos.jpeg 992w, https:\/\/www.elsindical.com.ar\/notas\/var\/www\/html\/notas\/wp-content\/uploads\/2023\/08\/intendentes-Cambiemos-300x200.jpeg 300w, https:\/\/www.elsindical.com.ar\/notas\/var\/www\/html\/notas\/wp-content\/uploads\/2023\/08\/intendentes-Cambiemos-768x512.jpeg 768w, https:\/\/www.elsindical.com.ar\/notas\/var\/www\/html\/notas\/wp-content\/uploads\/2023\/08\/intendentes-Cambiemos-450x300.jpeg 450w\" sizes=\"auto, (max-width: 992px) 100vw, 992px\" \/><\/a><\/figure>\n\n\n\n<p>Los intendentes bonaerenses de Juntos por el Cambio (JxC) afirmaron este mi\u00e9rcoles que <strong>no podr\u00e1n afrontar el pago del bono de 60 mil pesos para trabajadores<\/strong> anunciado por el ministro de Econom\u00eda, <strong>Sergio Massa,<\/strong> sin recibir \u00abun fondo extraordinario\u00bb.<\/p>\n\n\n\n<p>\u00abExiste una imposibilidad de la gran mayor\u00eda de los gobiernos locales de dar cumplimiento a una medida de este tipo, sin afectar seriamente sus finanzas, <strong>en muchos casos, o directamente por carecer de dichos fondos en otros\u00bb,<\/strong> advirtieron los jefes comunales del espacio opositor en un comunicado conjunto en el que manifestaron su <strong>\u00abpreocupaci\u00f3n por la medida anunciada\u00bb e<\/strong>l domingo por Massa para paliar los efectos de la devaluaci\u00f3n registrada tras las PASO.<\/p>\n\n\n\n<p>Y agregaron: <strong>\u00abLa actual coyuntura econ\u00f3mica caracterizada por un incremento constante de las demandas que deben atender nuestros municipios, el incesante incremento en el costo de los bienes y servicios necesarios, tanto para garantizar la prestaci\u00f3n de servicios<\/strong> esenciales como para dar continuidad a distintos programas de obras, nos encuentra en una situaci\u00f3n de suma restricci\u00f3n financiera y falta de disponibilidad de recursos para llevar adelante una medida como la mencionada\u00bb.<\/p>\n\n\n\n<p>\u00abEntendemos el efecto que busca este paliativo para atenuar la aceleraci\u00f3n en el deterioro de los ingresos de las familias, producto de la devaluaci\u00f3n reciente que agrava a\u00fan m\u00e1s este prolongado y creciente proceso inflacionario\u00bb, dijeron luego.<\/p>\n\n\n\n<p>No obstante, solicitaron que<strong> \u00abse disponga de un fondo extraordinario que permita implementar la medida en cada uno de nuestros territorios sin desfinanciar a los municipios<\/strong> o alterar su funcionamiento en un momento donde es esencial que los mismos puedan mantener su capacidad de respuesta\u00bb.<\/p>\n","protected":false},"excerpt":{"rendered":"<p>Los intendentes bonaerenses de Juntos por el Cambio (JxC) afirmaron este mi\u00e9rcoles que no podr\u00e1n afrontar el pago del bono de 60 mil pesos para trabajadores anunciado por el ministro de Econom\u00eda, Sergio Massa, sin recibir \u00abun fondo extraordinario\u00bb. \u00abExiste una imposibilidad de la gran mayor\u00eda de los gobiernos locales de dar cumplimiento a una&hellip;<\/p>\n","protected":false},"author":1,"featured_media":124902,"comment_status":"open","ping_status":"open","sticky":false,"template":"","format":"standard","meta":{"footnotes":""},"categories":[13],"tags":[2450,33545,16752,3918],"class_list":["post-124901","post","type-post","status-publish","format-standard","has-post-thumbnail","hentry","category-politica","tag-diario-el-sindical","tag-jxc","tag-paso","tag-sergio-massa"],"_links":{"self":[{"href":"https:\/\/www.elsindical.com.ar\/notas\/wp-json\/wp\/v2\/posts\/124901","targetHints":{"allow":["GET"]}}],"collection":[{"href":"https:\/\/www.elsindical.com.ar\/notas\/wp-json\/wp\/v2\/posts"}],"about":[{"href":"https:\/\/www.elsindical.com.ar\/notas\/wp-json\/wp\/v2\/types\/post"}],"author":[{"embeddable":true,"href":"https:\/\/www.elsindical.com.ar\/notas\/wp-json\/wp\/v2\/users\/1"}],"replies":[{"embeddable":true,"href":"https:\/\/www.elsindical.com.ar\/notas\/wp-json\/wp\/v2\/comments?post=124901"}],"version-history":[{"count":1,"href":"https:\/\/www.elsindical.com.ar\/notas\/wp-json\/wp\/v2\/posts\/124901\/revisions"}],"predecessor-version":[{"id":124903,"href":"https:\/\/www.elsindical.com.ar\/notas\/wp-json\/wp\/v2\/posts\/124901\/revisions\/124903"}],"wp:featuredmedia":[{"embeddable":true,"href":"https:\/\/www.elsindical.com.ar\/notas\/wp-json\/wp\/v2\/media\/124902"}],"wp:attachment":[{"href":"https:\/\/www.elsindical.com.ar\/notas\/wp-json\/wp\/v2\/media?parent=124901"}],"wp:term":[{"taxonomy":"category","embeddable":true,"href":"https:\/\/www.elsindical.com.ar\/notas\/wp-json\/wp\/v2\/categories?post=124901"},{"taxonomy":"post_tag","embeddable":true,"href":"https:\/\/www.elsindical.com.ar\/notas\/wp-json\/wp\/v2\/tags?post=124901"}],"curies":[{"name":"wp","href":"https:\/\/api.w.org\/{rel}","templated":true}]}}